{"id":11396,"date":"2020-07-02T19:28:39","date_gmt":"2020-07-02T17:28:39","guid":{"rendered":"http:\/\/zst.klodzko.pl\/zst\/?p=11396"},"modified":"2020-07-11T07:44:28","modified_gmt":"2020-07-11T05:44:28","slug":"ostatni-tydzien-rekrutacji","status":"publish","type":"post","link":"https:\/\/zst.klodzko.pl\/zst\/ostatni-tydzien-rekrutacji\/","title":{"rendered":""},"content":{"rendered":"\t\t<div data-elementor-type=\"wp-post\" data-elementor-id=\"11396\" class=\"elementor elementor-11396\">\n\t\t\t\t\t\t<section class=\"elementor-section elementor-top-section elementor-element elementor-element-b973f92 elementor-section-boxed elementor-section-height-default elementor-section-height-default\" data-id=\"b973f92\" data-element_type=\"section\" data-e-type=\"section\">\n\t\t\t\t\t\t<div class=\"elementor-container elementor-column-gap-default\">\n\t\t\t\t\t<div class=\"elementor-column elementor-col-100 elementor-top-column elementor-element elementor-element-6a9da3c\" data-id=\"6a9da3c\" data-element_type=\"column\" data-e-type=\"column\">\n\t\t\t<div class=\"elementor-widget-wrap elementor-element-populated\">\n\t\t\t\t\t\t<div class=\"elementor-element elementor-element-5b7153e elementor-widget elementor-widget-html\" data-id=\"5b7153e\" data-element_type=\"widget\" data-e-type=\"widget\" data-widget_type=\"html.default\">\n\t\t\t\t<div class=\"elementor-widget-container\">\n\t\t\t\t\t<iframe src=\"https:\/\/docs.google.com\/presentation\/d\/e\/2PACX-1vTspQ28X8Kx2OHYxuFIhd10oYxSyFbQLLfXEJJ2gsJQ8sQ0AHe3LjQrmHjwoJ7cotUQ5vMFf2OuA8Jj\/embed?start=false&loop=false&delayms=3000\" frameborder=\"0\" width=\"1280\" height=\"310\" allowfullscreen=\"true\" mozallowfullscreen=\"true\" webkitallowfullscreen=\"true\"><\/iframe>\t\t\t\t<\/div>\n\t\t\t\t<\/div>\n\t\t\t\t<div class=\"elementor-element elementor-element-e353f96 elementor-widget elementor-widget-text-editor\" data-id=\"e353f96\" data-element_type=\"widget\" data-e-type=\"widget\" data-widget_type=\"text-editor.default\">\n\t\t\t\t<div class=\"elementor-widget-container\">\n\t\t\t\t\t\t\t\t\t<p style=\"text-align: justify;\"><strong><span style=\"color: #000000;\">Drodzy \u00d3smoklasi\u015bci, Rodzice i Opiekunowie!<\/span><\/strong><\/p><p style=\"text-align: justify;\"><span style=\"color: #000000;\">Rozpoczyna si\u0119 <strong>ostatni tydzie\u0144 rekrutacji<\/strong>. Wyb\u00f3r w\u0142a\u015bciwej szko\u0142y nie nale\u017cy do \u0142atwych decyzji, dlatego chcieliby\u015bmy przedstawi\u0107 Ci atuty <strong>Zespo\u0142u Szk\u00f3\u0142 Technicznych w K\u0142odzku<\/strong>:<\/span><\/p>\t\t\t\t\t\t\t\t<\/div>\n\t\t\t\t<\/div>\n\t\t\t\t<div class=\"elementor-element elementor-element-49c0240 elementor-widget elementor-widget-text-editor\" data-id=\"49c0240\" data-element_type=\"widget\" data-e-type=\"widget\" data-widget_type=\"text-editor.default\">\n\t\t\t\t<div class=\"elementor-widget-container\">\n\t\t\t\t\t\t\t\t\t<ul><li><span style=\"color: #000000;\"><strong>zdawalno\u015b\u0107 matur<\/strong> w \u201eBudowlance\u201d nale\u017cy do jednej z najwy\u017cszych w powiecie k\u0142odzkim;<\/span><\/li><li><span style=\"color: #000000;\">nasi uczniowie z powodzeniem <strong>zdobywaj\u0105 kwalifikacje zawodowe<\/strong> potwierdzone egzaminem pa\u0144stwowym;<\/span><\/li><li><span style=\"color: #000000;\">posiadamy <strong>atrakcyjn\u0105 ofert\u0119 edukacyjn\u0105<\/strong> bazuj\u0105c\u0105 na kierunkach budowlanych, logistycznych i technicznych;<\/span><\/li><li><span style=\"color: #000000;\">jeste\u015bmy <strong>o\u015brodkiem egzaminowania<\/strong> Okr\u0119gowej Komisji Egzaminacyjnej;<\/span><\/li><li><span style=\"color: #000000;\">nasi uczniowie <strong>osi\u0105gaj\u0105 sukcesy<\/strong> w kolejnych edycjach \u201eOlimpiady Wiedzy i Umiej\u0119tno\u015bci Budowlanych\u201d oraz &#8220;Og\u00f3lnopolskim Turnieju Maszyn Wiatrowych&#8221;;<\/span><\/li><li><span style=\"color: #000000;\">uczniowie ZST w K\u0142odzku uczestnicz\u0105 w<strong> praktykach zagranicznych Erasmus+<\/strong> w ramach projekt\u00f3w \u201eEURO-PRAKTYKI dla K\u0142odzka I\u201d oraz \u201eEURO-PRAKTYKI dla K\u0142odzka II\u201d;<\/span><\/li><li><span style=\"color: #000000;\">na terenie szko\u0142y znajduje si\u0119 <strong>Internat<\/strong>;<\/span><\/li><li><span style=\"color: #000000;\">nasi uczniowie zawsze mog\u0105 liczy\u0107 na <strong>pomoc pedagogiczno-psychologiczn\u0105<\/strong>;<\/span><\/li><li><span style=\"color: #000000;\">nauczyciele pracuj\u0105cy w \u201eBudowlance\u201d potrafi\u0105<strong> zdobywa\u0107<\/strong> <strong>granty<\/strong> w licznych projektach np. \u201eSzko\u0142a w dzia\u0142aniu\u201d;<\/span><\/li><li><span style=\"color: #000000;\">posiadamy <strong>warsztaty budowlane<\/strong>, dlatego wi\u0119kszo\u015b\u0107 praktyk odbywa si\u0119 na terenie szko\u0142y;<\/span><\/li><li><span style=\"color: #000000;\">w szkole dzia\u0142a <strong>dziennik elektroniczny<\/strong> Vulcan;<\/span><\/li><li><span style=\"color: #000000;\">nauczyciele pracuj\u0105cy w ZST w K\u0142odzku posiadaj\u0105 du\u017ce <strong>do\u015bwiadczenie<\/strong> \u2013 wi\u0119kszo\u015b\u0107 kadry posiada stopie\u0144 awansu zawodowego nauczyciela dyplomowanego;<\/span><\/li><li><span style=\"color: #000000;\">wsp\u00f3\u0142pracujemy z Pa\u0144stwow\u0105 Wy\u017csz\u0105 Szko\u0142\u0105 Zawodow\u0105 w Nysie oraz Mi\u0119dzynarodow\u0105 Wy\u017csz\u0105 Szko\u0142\u0105 Logistyki i Transportu we Wroc\u0142awiu;<\/span><\/li><li><span style=\"color: #000000;\"><strong>dbamy o swoich uczni\u00f3w<\/strong> i nigdy nie zostawiamy ich w potrzebie \u2013 co udowodnili\u015bmy spektakularn\u0105 \u201eAkcj\u0105 charytatywn\u0105 dla Kacpra&#8221; i licznymi akcjami koordynowanymi przez \u201eSzkolny klub wolontariatu\u201d;<\/span><\/li><li><span style=\"color: #000000;\">cenimy osoby ambitne i kreatywne, dlatego ucz\u0105c si\u0119 w \u201eBudowlance\u201d b\u0119dziesz mia\u0142 mo\u017cliwo\u015b\u0107 uczestniczenia w<strong> licznych i bezp\u0142atnych kursach kwalifikacyjnych<\/strong> <span class=\"_5mfr\"><span class=\"_6qdm\">\ud83d\ude42<\/span><\/span><\/span><\/li><\/ul>\t\t\t\t\t\t\t\t<\/div>\n\t\t\t\t<\/div>\n\t\t\t\t\t<\/div>\n\t\t<\/div>\n\t\t\t\t\t<\/div>\n\t\t<\/section>\n\t\t\t\t<\/div>\n\t\t","protected":false},"excerpt":{"rendered":"<p>Drodzy \u00d3smoklasi\u015bci, Rodzice i Opiekunowie! Rozpoczyna si\u0119 ostatni tydzie\u0144 rekrutacji. Wyb\u00f3r w\u0142a\u015bciwej szko\u0142y nie nale\u017cy do \u0142atwych decyzji, dlatego chcieliby\u015bmy przedstawi\u0107 Ci atuty Zespo\u0142u Szk\u00f3\u0142 Technicznych w K\u0142odzku: zdawalno\u015b\u0107 matur w \u201eBudowlance\u201d nale\u017cy do jednej z najwy\u017cszych w powiecie k\u0142odzkim; &hellip; <a href=\"https:\/\/zst.klodzko.pl\/zst\/ostatni-tydzien-rekrutacji\/\">Czytaj dalej <span class=\"meta-nav\">&rarr;<\/span><\/a><\/p>\n","protected":false},"author":1,"featured_media":0,"comment_status":"closed","ping_status":"closed","sticky":false,"template":"","format":"standard","meta":{"footnotes":""},"categories":[1],"tags":[],"class_list":["post-11396","post","type-post","status-publish","format-standard","hentry","category-aktualnosci"],"yoast_head":"<!-- This site is optimized with the Yoast SEO plugin v27.4 - https:\/\/yoast.com\/product\/yoast-seo-wordpress\/ -->\n<title>&#8212; Zesp\u00f3\u0142 Szk\u00f3\u0142 Technicznych w K\u0142odzku<\/title>\n<meta name=\"robots\" content=\"index, follow, max-snippet:-1, max-image-preview:large, max-video-preview:-1\" \/>\n<link rel=\"canonical\" href=\"https:\/\/zst.klodzko.pl\/zst\/ostatni-tydzien-rekrutacji\/\" \/>\n<meta property=\"og:locale\" content=\"pl_PL\" \/>\n<meta property=\"og:type\" content=\"article\" \/>\n<meta property=\"og:title\" content=\"&#8212; Zesp\u00f3\u0142 Szk\u00f3\u0142 Technicznych w K\u0142odzku\" \/>\n<meta property=\"og:description\" content=\"Drodzy \u00d3smoklasi\u015bci, Rodzice i Opiekunowie! Rozpoczyna si\u0119 ostatni tydzie\u0144 rekrutacji. Wyb\u00f3r w\u0142a\u015bciwej szko\u0142y nie nale\u017cy do \u0142atwych decyzji, dlatego chcieliby\u015bmy przedstawi\u0107 Ci atuty Zespo\u0142u Szk\u00f3\u0142 Technicznych w K\u0142odzku: zdawalno\u015b\u0107 matur w \u201eBudowlance\u201d nale\u017cy do jednej z najwy\u017cszych w powiecie k\u0142odzkim; &hellip; Czytaj dalej &rarr;\" \/>\n<meta property=\"og:url\" content=\"https:\/\/zst.klodzko.pl\/zst\/ostatni-tydzien-rekrutacji\/\" \/>\n<meta property=\"og:site_name\" content=\"Zesp\u00f3\u0142 Szk\u00f3\u0142 Technicznych w K\u0142odzku\" \/>\n<meta property=\"article:publisher\" content=\"https:\/\/www.facebook.com\/zst.klodzko\" \/>\n<meta property=\"article:published_time\" content=\"2020-07-02T17:28:39+00:00\" \/>\n<meta property=\"article:modified_time\" content=\"2020-07-11T05:44:28+00:00\" \/>\n<meta name=\"author\" content=\"Aktualno\u015bci \u201eBUDOWLANKI\u201d\" \/>\n<meta name=\"twitter:card\" content=\"summary_large_image\" \/>\n<meta name=\"twitter:creator\" content=\"@Budowlanka_ZST\" \/>\n<meta name=\"twitter:site\" content=\"@Budowlanka_ZST\" \/>\n<meta name=\"twitter:label1\" content=\"Napisane przez\" \/>\n\t<meta name=\"twitter:data1\" content=\"Aktualno\u015bci \u201eBUDOWLANKI\u201d\" \/>\n\t<meta name=\"twitter:label2\" content=\"Szacowany czas czytania\" \/>\n\t<meta name=\"twitter:data2\" content=\"1 minuta\" \/>\n<script type=\"application\/ld+json\" class=\"yoast-schema-graph\">{\"@context\":\"https:\\\/\\\/schema.org\",\"@graph\":[{\"@type\":\"Article\",\"@id\":\"https:\\\/\\\/zst.klodzko.pl\\\/zst\\\/ostatni-tydzien-rekrutacji\\\/#article\",\"isPartOf\":{\"@id\":\"https:\\\/\\\/zst.klodzko.pl\\\/zst\\\/ostatni-tydzien-rekrutacji\\\/\"},\"author\":{\"name\":\"Aktualno\u015bci \u201eBUDOWLANKI\u201d\",\"@id\":\"https:\\\/\\\/zst.klodzko.pl\\\/zst\\\/#\\\/schema\\\/person\\\/7ad3759462b88dca0c831372a7f5c825\"},\"headline\":\"Brak tytu\u0142u\",\"datePublished\":\"2020-07-02T17:28:39+00:00\",\"dateModified\":\"2020-07-11T05:44:28+00:00\",\"mainEntityOfPage\":{\"@id\":\"https:\\\/\\\/zst.klodzko.pl\\\/zst\\\/ostatni-tydzien-rekrutacji\\\/\"},\"wordCount\":279,\"publisher\":{\"@id\":\"https:\\\/\\\/zst.klodzko.pl\\\/zst\\\/#organization\"},\"articleSection\":[\"Aktualno\u015bci\"],\"inLanguage\":\"pl-PL\"},{\"@type\":\"WebPage\",\"@id\":\"https:\\\/\\\/zst.klodzko.pl\\\/zst\\\/ostatni-tydzien-rekrutacji\\\/\",\"url\":\"https:\\\/\\\/zst.klodzko.pl\\\/zst\\\/ostatni-tydzien-rekrutacji\\\/\",\"name\":\"&#8212; Zesp\u00f3\u0142 Szk\u00f3\u0142 Technicznych w K\u0142odzku\",\"isPartOf\":{\"@id\":\"https:\\\/\\\/zst.klodzko.pl\\\/zst\\\/#website\"},\"datePublished\":\"2020-07-02T17:28:39+00:00\",\"dateModified\":\"2020-07-11T05:44:28+00:00\",\"inLanguage\":\"pl-PL\",\"potentialAction\":[{\"@type\":\"ReadAction\",\"target\":[\"https:\\\/\\\/zst.klodzko.pl\\\/zst\\\/ostatni-tydzien-rekrutacji\\\/\"]}]},{\"@type\":\"WebSite\",\"@id\":\"https:\\\/\\\/zst.klodzko.pl\\\/zst\\\/#website\",\"url\":\"https:\\\/\\\/zst.klodzko.pl\\\/zst\\\/\",\"name\":\"Zesp\u00f3\u0142 Szk\u00f3\u0142 Technicznych w K\u0142odzku\",\"description\":\"Oficjalna strona ZST w K\u0142odzku (dawniej ZSP nr 1 w K\u0142odzku) - Budowlanka\",\"publisher\":{\"@id\":\"https:\\\/\\\/zst.klodzko.pl\\\/zst\\\/#organization\"},\"potentialAction\":[{\"@type\":\"SearchAction\",\"target\":{\"@type\":\"EntryPoint\",\"urlTemplate\":\"https:\\\/\\\/zst.klodzko.pl\\\/zst\\\/?s={search_term_string}\"},\"query-input\":{\"@type\":\"PropertyValueSpecification\",\"valueRequired\":true,\"valueName\":\"search_term_string\"}}],\"inLanguage\":\"pl-PL\"},{\"@type\":\"Organization\",\"@id\":\"https:\\\/\\\/zst.klodzko.pl\\\/zst\\\/#organization\",\"name\":\"Zesp\u00f3\u0142 Szk\u00f3\u0142 Technicznych w K\u0142odzku\",\"url\":\"https:\\\/\\\/zst.klodzko.pl\\\/zst\\\/\",\"logo\":{\"@type\":\"ImageObject\",\"inLanguage\":\"pl-PL\",\"@id\":\"https:\\\/\\\/zst.klodzko.pl\\\/zst\\\/#\\\/schema\\\/logo\\\/image\\\/\",\"url\":\"https:\\\/\\\/zst.klodzko.pl\\\/zst\\\/wp-content\\\/uploads\\\/2018\\\/05\\\/patron_bud.png\",\"contentUrl\":\"https:\\\/\\\/zst.klodzko.pl\\\/zst\\\/wp-content\\\/uploads\\\/2018\\\/05\\\/patron_bud.png\",\"width\":208,\"height\":205,\"caption\":\"Zesp\u00f3\u0142 Szk\u00f3\u0142 Technicznych w K\u0142odzku\"},\"image\":{\"@id\":\"https:\\\/\\\/zst.klodzko.pl\\\/zst\\\/#\\\/schema\\\/logo\\\/image\\\/\"},\"sameAs\":[\"https:\\\/\\\/www.facebook.com\\\/zst.klodzko\",\"https:\\\/\\\/x.com\\\/Budowlanka_ZST\",\"https:\\\/\\\/www.youtube.com\\\/channel\\\/UCueLhwUV3X9Ph8PMH7j4ugA\",\"https:\\\/\\\/pl.wikipedia.org\\\/wiki\\\/Zesp\u00f3\u0142_Szk\u00f3\u0142_Technicznych_w_K\u0142odzku\"]},{\"@type\":\"Person\",\"@id\":\"https:\\\/\\\/zst.klodzko.pl\\\/zst\\\/#\\\/schema\\\/person\\\/7ad3759462b88dca0c831372a7f5c825\",\"name\":\"Aktualno\u015bci \u201eBUDOWLANKI\u201d\"}]}<\/script>\n<!-- \/ Yoast SEO plugin. -->","yoast_head_json":{"title":"&#8212; Zesp\u00f3\u0142 Szk\u00f3\u0142 Technicznych w K\u0142odzku","robots":{"index":"index","follow":"follow","max-snippet":"max-snippet:-1","max-image-preview":"max-image-preview:large","max-video-preview":"max-video-preview:-1"},"canonical":"https:\/\/zst.klodzko.pl\/zst\/ostatni-tydzien-rekrutacji\/","og_locale":"pl_PL","og_type":"article","og_title":"&#8212; Zesp\u00f3\u0142 Szk\u00f3\u0142 Technicznych w K\u0142odzku","og_description":"Drodzy \u00d3smoklasi\u015bci, Rodzice i Opiekunowie! Rozpoczyna si\u0119 ostatni tydzie\u0144 rekrutacji. Wyb\u00f3r w\u0142a\u015bciwej szko\u0142y nie nale\u017cy do \u0142atwych decyzji, dlatego chcieliby\u015bmy przedstawi\u0107 Ci atuty Zespo\u0142u Szk\u00f3\u0142 Technicznych w K\u0142odzku: zdawalno\u015b\u0107 matur w \u201eBudowlance\u201d nale\u017cy do jednej z najwy\u017cszych w powiecie k\u0142odzkim; &hellip; Czytaj dalej &rarr;","og_url":"https:\/\/zst.klodzko.pl\/zst\/ostatni-tydzien-rekrutacji\/","og_site_name":"Zesp\u00f3\u0142 Szk\u00f3\u0142 Technicznych w K\u0142odzku","article_publisher":"https:\/\/www.facebook.com\/zst.klodzko","article_published_time":"2020-07-02T17:28:39+00:00","article_modified_time":"2020-07-11T05:44:28+00:00","author":"Aktualno\u015bci \u201eBUDOWLANKI\u201d","twitter_card":"summary_large_image","twitter_creator":"@Budowlanka_ZST","twitter_site":"@Budowlanka_ZST","twitter_misc":{"Napisane przez":"Aktualno\u015bci \u201eBUDOWLANKI\u201d","Szacowany czas czytania":"1 minuta"},"schema":{"@context":"https:\/\/schema.org","@graph":[{"@type":"Article","@id":"https:\/\/zst.klodzko.pl\/zst\/ostatni-tydzien-rekrutacji\/#article","isPartOf":{"@id":"https:\/\/zst.klodzko.pl\/zst\/ostatni-tydzien-rekrutacji\/"},"author":{"name":"Aktualno\u015bci \u201eBUDOWLANKI\u201d","@id":"https:\/\/zst.klodzko.pl\/zst\/#\/schema\/person\/7ad3759462b88dca0c831372a7f5c825"},"headline":"Brak tytu\u0142u","datePublished":"2020-07-02T17:28:39+00:00","dateModified":"2020-07-11T05:44:28+00:00","mainEntityOfPage":{"@id":"https:\/\/zst.klodzko.pl\/zst\/ostatni-tydzien-rekrutacji\/"},"wordCount":279,"publisher":{"@id":"https:\/\/zst.klodzko.pl\/zst\/#organization"},"articleSection":["Aktualno\u015bci"],"inLanguage":"pl-PL"},{"@type":"WebPage","@id":"https:\/\/zst.klodzko.pl\/zst\/ostatni-tydzien-rekrutacji\/","url":"https:\/\/zst.klodzko.pl\/zst\/ostatni-tydzien-rekrutacji\/","name":"&#8212; Zesp\u00f3\u0142 Szk\u00f3\u0142 Technicznych w K\u0142odzku","isPartOf":{"@id":"https:\/\/zst.klodzko.pl\/zst\/#website"},"datePublished":"2020-07-02T17:28:39+00:00","dateModified":"2020-07-11T05:44:28+00:00","inLanguage":"pl-PL","potentialAction":[{"@type":"ReadAction","target":["https:\/\/zst.klodzko.pl\/zst\/ostatni-tydzien-rekrutacji\/"]}]},{"@type":"WebSite","@id":"https:\/\/zst.klodzko.pl\/zst\/#website","url":"https:\/\/zst.klodzko.pl\/zst\/","name":"Zesp\u00f3\u0142 Szk\u00f3\u0142 Technicznych w K\u0142odzku","description":"Oficjalna strona ZST w K\u0142odzku (dawniej ZSP nr 1 w K\u0142odzku) - Budowlanka","publisher":{"@id":"https:\/\/zst.klodzko.pl\/zst\/#organization"},"potentialAction":[{"@type":"SearchAction","target":{"@type":"EntryPoint","urlTemplate":"https:\/\/zst.klodzko.pl\/zst\/?s={search_term_string}"},"query-input":{"@type":"PropertyValueSpecification","valueRequired":true,"valueName":"search_term_string"}}],"inLanguage":"pl-PL"},{"@type":"Organization","@id":"https:\/\/zst.klodzko.pl\/zst\/#organization","name":"Zesp\u00f3\u0142 Szk\u00f3\u0142 Technicznych w K\u0142odzku","url":"https:\/\/zst.klodzko.pl\/zst\/","logo":{"@type":"ImageObject","inLanguage":"pl-PL","@id":"https:\/\/zst.klodzko.pl\/zst\/#\/schema\/logo\/image\/","url":"https:\/\/zst.klodzko.pl\/zst\/wp-content\/uploads\/2018\/05\/patron_bud.png","contentUrl":"https:\/\/zst.klodzko.pl\/zst\/wp-content\/uploads\/2018\/05\/patron_bud.png","width":208,"height":205,"caption":"Zesp\u00f3\u0142 Szk\u00f3\u0142 Technicznych w K\u0142odzku"},"image":{"@id":"https:\/\/zst.klodzko.pl\/zst\/#\/schema\/logo\/image\/"},"sameAs":["https:\/\/www.facebook.com\/zst.klodzko","https:\/\/x.com\/Budowlanka_ZST","https:\/\/www.youtube.com\/channel\/UCueLhwUV3X9Ph8PMH7j4ugA","https:\/\/pl.wikipedia.org\/wiki\/Zesp\u00f3\u0142_Szk\u00f3\u0142_Technicznych_w_K\u0142odzku"]},{"@type":"Person","@id":"https:\/\/zst.klodzko.pl\/zst\/#\/schema\/person\/7ad3759462b88dca0c831372a7f5c825","name":"Aktualno\u015bci \u201eBUDOWLANKI\u201d"}]}},"_links":{"self":[{"href":"https:\/\/zst.klodzko.pl\/zst\/wp-json\/wp\/v2\/posts\/11396","targetHints":{"allow":["GET"]}}],"collection":[{"href":"https:\/\/zst.klodzko.pl\/zst\/wp-json\/wp\/v2\/posts"}],"about":[{"href":"https:\/\/zst.klodzko.pl\/zst\/wp-json\/wp\/v2\/types\/post"}],"author":[{"embeddable":true,"href":"https:\/\/zst.klodzko.pl\/zst\/wp-json\/wp\/v2\/users\/1"}],"replies":[{"embeddable":true,"href":"https:\/\/zst.klodzko.pl\/zst\/wp-json\/wp\/v2\/comments?post=11396"}],"version-history":[{"count":25,"href":"https:\/\/zst.klodzko.pl\/zst\/wp-json\/wp\/v2\/posts\/11396\/revisions"}],"predecessor-version":[{"id":11469,"href":"https:\/\/zst.klodzko.pl\/zst\/wp-json\/wp\/v2\/posts\/11396\/revisions\/11469"}],"wp:attachment":[{"href":"https:\/\/zst.klodzko.pl\/zst\/wp-json\/wp\/v2\/media?parent=11396"}],"wp:term":[{"taxonomy":"category","embeddable":true,"href":"https:\/\/zst.klodzko.pl\/zst\/wp-json\/wp\/v2\/categories?post=11396"},{"taxonomy":"post_tag","embeddable":true,"href":"https:\/\/zst.klodzko.pl\/zst\/wp-json\/wp\/v2\/tags?post=11396"}],"curies":[{"name":"wp","href":"https:\/\/api.w.org\/{rel}","templated":true}]}}