{"id":12910,"date":"2020-12-02T20:49:15","date_gmt":"2020-12-02T19:49:15","guid":{"rendered":"https:\/\/zst.klodzko.pl\/zst\/?p=12910"},"modified":"2020-12-03T06:17:12","modified_gmt":"2020-12-03T05:17:12","slug":"swiateczna-akcja-paczka-na-kresy","status":"publish","type":"post","link":"https:\/\/zst.klodzko.pl\/zst\/swiateczna-akcja-paczka-na-kresy\/","title":{"rendered":"\u015awi\u0105teczna akcja &#8220;Paczka na Kresy&#8221;"},"content":{"rendered":"<p><img fetchpriority=\"high\" decoding=\"async\" class=\"wp-image-12938 alignleft\" src=\"https:\/\/zst.klodzko.pl\/zst\/wp-content\/uploads\/2020\/12\/kresy_wschodnie.png\" alt=\"\" width=\"300\" height=\"183\" srcset=\"https:\/\/zst.klodzko.pl\/zst\/wp-content\/uploads\/2020\/12\/kresy_wschodnie.png 964w, https:\/\/zst.klodzko.pl\/zst\/wp-content\/uploads\/2020\/12\/kresy_wschodnie-300x183.png 300w, https:\/\/zst.klodzko.pl\/zst\/wp-content\/uploads\/2020\/12\/kresy_wschodnie-768x468.png 768w, https:\/\/zst.klodzko.pl\/zst\/wp-content\/uploads\/2020\/12\/kresy_wschodnie-493x300.png 493w\" sizes=\"(max-width: 300px) 100vw, 300px\" \/><\/p>\n<p style=\"text-align: justify;\"><span style=\"color: #1f0101;\">W ramach dzia\u0142alno\u015bci <strong>Szkolnego Klubu Wolontariatu<\/strong> rusza akcja \u201e<strong>Paczka na Kresy<\/strong>\u201d. <\/span><span style=\"color: #1f0101;\">Zach\u0119camy wszystkich do udzia\u0142u z zbi\u00f3rce \u017cywno\u015bci, kt\u00f3ra jeszcze przed <strong>\u015awi\u0119tami Bo\u017cego Narodzenia<\/strong> zostanie dostarczona (przez przedstawicieli Fundacji Studio Wsch\u00f3d) do naszych rodak\u00f3w na <strong>Kresach Wschodnich<\/strong>.<\/span><\/p>\n<p>&nbsp;<\/p>\n<p style=\"text-align: justify;\"><strong><span style=\"color: #1f0101;\">Szczeg\u00f3lnie w trakcie pandemii sytuacja Polak\u00f3w za wschodni\u0105 granic\u0105 jest dramatyczna.<\/span><\/strong><\/p>\n<p>&nbsp;<\/p>\n<p style=\"text-align: justify;\"><span style=\"color: #1f0101;\">PODARUJCIE PACZK\u0118 NA KRESY &#8211; b\u0119dzie to nie tylko \u015bwi\u0105teczny upominek, ale r\u00f3wnie\u017c wyraz pami\u0119ci o tych, kt\u00f3rzy pozostali na Wschodzie.<\/span><\/p>\n<p>&nbsp;<\/p>\n<p style=\"text-align: justify;\"><span style=\"color: #1f0101;\">Zbieramy \u017cywno\u015b\u0107 d\u0142ugoterminow\u0105 (cukier, m\u0105k\u0119, ry\u017c, makarony, kasze, herbaty, kawy, olej, konserwy, d\u017cemy, s\u0142odycze, kakao, p\u0142atki do mleka, bakalie itp.).<\/span><\/p>\n<p>&nbsp;<\/p>\n<p style=\"text-align: justify;\"><span style=\"color: #01013d;\"><strong>Za udzia\u0142 w akcji przewidziane s\u0105 dodatnie punkty z zachowania:)<\/strong><\/span><\/p>\n<p>&nbsp;<\/p>\n<p style=\"text-align: justify;\"><span style=\"color: #1f0101;\">Paczki z \u017cywno\u015bci\u0105 (dobrze, by by\u0142y zapakowane na prezent) mo\u017cna dostarcza\u0107 do szko\u0142y w pi\u0105tki (4., 11. i 18. grudnia) w godzinach 8:00 \u2013 12:00 (gabinet pedagoga \u2013 sala 202 A, 2 pi\u0119tro).<\/span><\/p>\n<p>&nbsp;<\/p>\n<p style=\"text-align: right;\"><em><strong><span style=\"color: #1f0101;\">Z g\u00f3ry dzi\u0119kujemy za zaanga\u017cowanie i pomoc!<\/span><\/strong><\/em><\/p>\n","protected":false},"excerpt":{"rendered":"<p>W ramach dzia\u0142alno\u015bci Szkolnego Klubu Wolontariatu rusza akcja \u201ePaczka na Kresy\u201d. Zach\u0119camy wszystkich do udzia\u0142u z zbi\u00f3rce \u017cywno\u015bci, kt\u00f3ra jeszcze przed \u015awi\u0119tami Bo\u017cego Narodzenia zostanie dostarczona (przez przedstawicieli Fundacji Studio Wsch\u00f3d) do naszych rodak\u00f3w na Kresach Wschodnich. &nbsp; Szczeg\u00f3lnie w &hellip; <a href=\"https:\/\/zst.klodzko.pl\/zst\/swiateczna-akcja-paczka-na-kresy\/\">Czytaj dalej <span class=\"meta-nav\">&rarr;<\/span><\/a><\/p>\n","protected":false},"author":1,"featured_media":0,"comment_status":"closed","ping_status":"closed","sticky":false,"template":"","format":"standard","meta":{"footnotes":""},"categories":[1],"tags":[],"class_list":["post-12910","post","type-post","status-publish","format-standard","hentry","category-aktualnosci"],"yoast_head":"<!-- This site is optimized with the Yoast SEO plugin v27.4 - https:\/\/yoast.com\/product\/yoast-seo-wordpress\/ -->\n<title>\u015awi\u0105teczna akcja &quot;Paczka na Kresy&quot; &#8212; Zesp\u00f3\u0142 Szk\u00f3\u0142 Technicznych w K\u0142odzku<\/title>\n<meta name=\"robots\" content=\"index, follow, max-snippet:-1, max-image-preview:large, max-video-preview:-1\" \/>\n<link rel=\"canonical\" href=\"https:\/\/zst.klodzko.pl\/zst\/swiateczna-akcja-paczka-na-kresy\/\" \/>\n<meta property=\"og:locale\" content=\"pl_PL\" \/>\n<meta property=\"og:type\" content=\"article\" \/>\n<meta property=\"og:title\" content=\"\u015awi\u0105teczna akcja &quot;Paczka na Kresy&quot; &#8212; Zesp\u00f3\u0142 Szk\u00f3\u0142 Technicznych w K\u0142odzku\" \/>\n<meta property=\"og:description\" content=\"W ramach dzia\u0142alno\u015bci Szkolnego Klubu Wolontariatu rusza akcja \u201ePaczka na Kresy\u201d. Zach\u0119camy wszystkich do udzia\u0142u z zbi\u00f3rce \u017cywno\u015bci, kt\u00f3ra jeszcze przed \u015awi\u0119tami Bo\u017cego Narodzenia zostanie dostarczona (przez przedstawicieli Fundacji Studio Wsch\u00f3d) do naszych rodak\u00f3w na Kresach Wschodnich. &nbsp; Szczeg\u00f3lnie w &hellip; Czytaj dalej &rarr;\" \/>\n<meta property=\"og:url\" content=\"https:\/\/zst.klodzko.pl\/zst\/swiateczna-akcja-paczka-na-kresy\/\" \/>\n<meta property=\"og:site_name\" content=\"Zesp\u00f3\u0142 Szk\u00f3\u0142 Technicznych w K\u0142odzku\" \/>\n<meta property=\"article:publisher\" content=\"https:\/\/www.facebook.com\/zst.klodzko\" \/>\n<meta property=\"article:published_time\" content=\"2020-12-02T19:49:15+00:00\" \/>\n<meta property=\"article:modified_time\" content=\"2020-12-03T05:17:12+00:00\" \/>\n<meta property=\"og:image\" content=\"https:\/\/zst.klodzko.pl\/zst\/wp-content\/uploads\/2020\/12\/kresy_wschodnie.png\" \/>\n<meta name=\"author\" content=\"Aktualno\u015bci \u201eBUDOWLANKI\u201d\" \/>\n<meta name=\"twitter:card\" content=\"summary_large_image\" \/>\n<meta name=\"twitter:creator\" content=\"@Budowlanka_ZST\" \/>\n<meta name=\"twitter:site\" content=\"@Budowlanka_ZST\" \/>\n<meta name=\"twitter:label1\" content=\"Napisane przez\" \/>\n\t<meta name=\"twitter:data1\" content=\"Aktualno\u015bci \u201eBUDOWLANKI\u201d\" \/>\n\t<meta name=\"twitter:label2\" content=\"Szacowany czas czytania\" \/>\n\t<meta name=\"twitter:data2\" content=\"1 minuta\" \/>\n<script type=\"application\/ld+json\" class=\"yoast-schema-graph\">{\"@context\":\"https:\\\/\\\/schema.org\",\"@graph\":[{\"@type\":\"Article\",\"@id\":\"https:\\\/\\\/zst.klodzko.pl\\\/zst\\\/swiateczna-akcja-paczka-na-kresy\\\/#article\",\"isPartOf\":{\"@id\":\"https:\\\/\\\/zst.klodzko.pl\\\/zst\\\/swiateczna-akcja-paczka-na-kresy\\\/\"},\"author\":{\"name\":\"Aktualno\u015bci \u201eBUDOWLANKI\u201d\",\"@id\":\"https:\\\/\\\/zst.klodzko.pl\\\/zst\\\/#\\\/schema\\\/person\\\/7ad3759462b88dca0c831372a7f5c825\"},\"headline\":\"\u015awi\u0105teczna akcja &#8220;Paczka na Kresy&#8221;\",\"datePublished\":\"2020-12-02T19:49:15+00:00\",\"dateModified\":\"2020-12-03T05:17:12+00:00\",\"mainEntityOfPage\":{\"@id\":\"https:\\\/\\\/zst.klodzko.pl\\\/zst\\\/swiateczna-akcja-paczka-na-kresy\\\/\"},\"wordCount\":174,\"publisher\":{\"@id\":\"https:\\\/\\\/zst.klodzko.pl\\\/zst\\\/#organization\"},\"image\":{\"@id\":\"https:\\\/\\\/zst.klodzko.pl\\\/zst\\\/swiateczna-akcja-paczka-na-kresy\\\/#primaryimage\"},\"thumbnailUrl\":\"https:\\\/\\\/zst.klodzko.pl\\\/zst\\\/wp-content\\\/uploads\\\/2020\\\/12\\\/kresy_wschodnie.png\",\"articleSection\":[\"Aktualno\u015bci\"],\"inLanguage\":\"pl-PL\"},{\"@type\":\"WebPage\",\"@id\":\"https:\\\/\\\/zst.klodzko.pl\\\/zst\\\/swiateczna-akcja-paczka-na-kresy\\\/\",\"url\":\"https:\\\/\\\/zst.klodzko.pl\\\/zst\\\/swiateczna-akcja-paczka-na-kresy\\\/\",\"name\":\"\u015awi\u0105teczna akcja \\\"Paczka na Kresy\\\" &#8212; Zesp\u00f3\u0142 Szk\u00f3\u0142 Technicznych w K\u0142odzku\",\"isPartOf\":{\"@id\":\"https:\\\/\\\/zst.klodzko.pl\\\/zst\\\/#website\"},\"primaryImageOfPage\":{\"@id\":\"https:\\\/\\\/zst.klodzko.pl\\\/zst\\\/swiateczna-akcja-paczka-na-kresy\\\/#primaryimage\"},\"image\":{\"@id\":\"https:\\\/\\\/zst.klodzko.pl\\\/zst\\\/swiateczna-akcja-paczka-na-kresy\\\/#primaryimage\"},\"thumbnailUrl\":\"https:\\\/\\\/zst.klodzko.pl\\\/zst\\\/wp-content\\\/uploads\\\/2020\\\/12\\\/kresy_wschodnie.png\",\"datePublished\":\"2020-12-02T19:49:15+00:00\",\"dateModified\":\"2020-12-03T05:17:12+00:00\",\"breadcrumb\":{\"@id\":\"https:\\\/\\\/zst.klodzko.pl\\\/zst\\\/swiateczna-akcja-paczka-na-kresy\\\/#breadcrumb\"},\"inLanguage\":\"pl-PL\",\"potentialAction\":[{\"@type\":\"ReadAction\",\"target\":[\"https:\\\/\\\/zst.klodzko.pl\\\/zst\\\/swiateczna-akcja-paczka-na-kresy\\\/\"]}]},{\"@type\":\"ImageObject\",\"inLanguage\":\"pl-PL\",\"@id\":\"https:\\\/\\\/zst.klodzko.pl\\\/zst\\\/swiateczna-akcja-paczka-na-kresy\\\/#primaryimage\",\"url\":\"https:\\\/\\\/zst.klodzko.pl\\\/zst\\\/wp-content\\\/uploads\\\/2020\\\/12\\\/kresy_wschodnie.png\",\"contentUrl\":\"https:\\\/\\\/zst.klodzko.pl\\\/zst\\\/wp-content\\\/uploads\\\/2020\\\/12\\\/kresy_wschodnie.png\",\"width\":964,\"height\":587},{\"@type\":\"BreadcrumbList\",\"@id\":\"https:\\\/\\\/zst.klodzko.pl\\\/zst\\\/swiateczna-akcja-paczka-na-kresy\\\/#breadcrumb\",\"itemListElement\":[{\"@type\":\"ListItem\",\"position\":1,\"name\":\"Strona g\u0142\u00f3wna\",\"item\":\"https:\\\/\\\/zst.klodzko.pl\\\/zst\\\/\"},{\"@type\":\"ListItem\",\"position\":2,\"name\":\"\u015awi\u0105teczna akcja &#8222;Paczka na Kresy&#8221;\"}]},{\"@type\":\"WebSite\",\"@id\":\"https:\\\/\\\/zst.klodzko.pl\\\/zst\\\/#website\",\"url\":\"https:\\\/\\\/zst.klodzko.pl\\\/zst\\\/\",\"name\":\"Zesp\u00f3\u0142 Szk\u00f3\u0142 Technicznych w K\u0142odzku\",\"description\":\"Oficjalna strona ZST w K\u0142odzku (dawniej ZSP nr 1 w K\u0142odzku) - Budowlanka\",\"publisher\":{\"@id\":\"https:\\\/\\\/zst.klodzko.pl\\\/zst\\\/#organization\"},\"potentialAction\":[{\"@type\":\"SearchAction\",\"target\":{\"@type\":\"EntryPoint\",\"urlTemplate\":\"https:\\\/\\\/zst.klodzko.pl\\\/zst\\\/?s={search_term_string}\"},\"query-input\":{\"@type\":\"PropertyValueSpecification\",\"valueRequired\":true,\"valueName\":\"search_term_string\"}}],\"inLanguage\":\"pl-PL\"},{\"@type\":\"Organization\",\"@id\":\"https:\\\/\\\/zst.klodzko.pl\\\/zst\\\/#organization\",\"name\":\"Zesp\u00f3\u0142 Szk\u00f3\u0142 Technicznych w K\u0142odzku\",\"url\":\"https:\\\/\\\/zst.klodzko.pl\\\/zst\\\/\",\"logo\":{\"@type\":\"ImageObject\",\"inLanguage\":\"pl-PL\",\"@id\":\"https:\\\/\\\/zst.klodzko.pl\\\/zst\\\/#\\\/schema\\\/logo\\\/image\\\/\",\"url\":\"https:\\\/\\\/zst.klodzko.pl\\\/zst\\\/wp-content\\\/uploads\\\/2018\\\/05\\\/patron_bud.png\",\"contentUrl\":\"https:\\\/\\\/zst.klodzko.pl\\\/zst\\\/wp-content\\\/uploads\\\/2018\\\/05\\\/patron_bud.png\",\"width\":208,\"height\":205,\"caption\":\"Zesp\u00f3\u0142 Szk\u00f3\u0142 Technicznych w K\u0142odzku\"},\"image\":{\"@id\":\"https:\\\/\\\/zst.klodzko.pl\\\/zst\\\/#\\\/schema\\\/logo\\\/image\\\/\"},\"sameAs\":[\"https:\\\/\\\/www.facebook.com\\\/zst.klodzko\",\"https:\\\/\\\/x.com\\\/Budowlanka_ZST\",\"https:\\\/\\\/www.youtube.com\\\/channel\\\/UCueLhwUV3X9Ph8PMH7j4ugA\",\"https:\\\/\\\/pl.wikipedia.org\\\/wiki\\\/Zesp\u00f3\u0142_Szk\u00f3\u0142_Technicznych_w_K\u0142odzku\"]},{\"@type\":\"Person\",\"@id\":\"https:\\\/\\\/zst.klodzko.pl\\\/zst\\\/#\\\/schema\\\/person\\\/7ad3759462b88dca0c831372a7f5c825\",\"name\":\"Aktualno\u015bci \u201eBUDOWLANKI\u201d\"}]}<\/script>\n<!-- \/ Yoast SEO plugin. -->","yoast_head_json":{"title":"\u015awi\u0105teczna akcja \"Paczka na Kresy\" &#8212; Zesp\u00f3\u0142 Szk\u00f3\u0142 Technicznych w K\u0142odzku","robots":{"index":"index","follow":"follow","max-snippet":"max-snippet:-1","max-image-preview":"max-image-preview:large","max-video-preview":"max-video-preview:-1"},"canonical":"https:\/\/zst.klodzko.pl\/zst\/swiateczna-akcja-paczka-na-kresy\/","og_locale":"pl_PL","og_type":"article","og_title":"\u015awi\u0105teczna akcja \"Paczka na Kresy\" &#8212; Zesp\u00f3\u0142 Szk\u00f3\u0142 Technicznych w K\u0142odzku","og_description":"W ramach dzia\u0142alno\u015bci Szkolnego Klubu Wolontariatu rusza akcja \u201ePaczka na Kresy\u201d. Zach\u0119camy wszystkich do udzia\u0142u z zbi\u00f3rce \u017cywno\u015bci, kt\u00f3ra jeszcze przed \u015awi\u0119tami Bo\u017cego Narodzenia zostanie dostarczona (przez przedstawicieli Fundacji Studio Wsch\u00f3d) do naszych rodak\u00f3w na Kresach Wschodnich. &nbsp; Szczeg\u00f3lnie w &hellip; Czytaj dalej &rarr;","og_url":"https:\/\/zst.klodzko.pl\/zst\/swiateczna-akcja-paczka-na-kresy\/","og_site_name":"Zesp\u00f3\u0142 Szk\u00f3\u0142 Technicznych w K\u0142odzku","article_publisher":"https:\/\/www.facebook.com\/zst.klodzko","article_published_time":"2020-12-02T19:49:15+00:00","article_modified_time":"2020-12-03T05:17:12+00:00","og_image":[{"url":"https:\/\/zst.klodzko.pl\/zst\/wp-content\/uploads\/2020\/12\/kresy_wschodnie.png","type":"","width":"","height":""}],"author":"Aktualno\u015bci \u201eBUDOWLANKI\u201d","twitter_card":"summary_large_image","twitter_creator":"@Budowlanka_ZST","twitter_site":"@Budowlanka_ZST","twitter_misc":{"Napisane przez":"Aktualno\u015bci \u201eBUDOWLANKI\u201d","Szacowany czas czytania":"1 minuta"},"schema":{"@context":"https:\/\/schema.org","@graph":[{"@type":"Article","@id":"https:\/\/zst.klodzko.pl\/zst\/swiateczna-akcja-paczka-na-kresy\/#article","isPartOf":{"@id":"https:\/\/zst.klodzko.pl\/zst\/swiateczna-akcja-paczka-na-kresy\/"},"author":{"name":"Aktualno\u015bci \u201eBUDOWLANKI\u201d","@id":"https:\/\/zst.klodzko.pl\/zst\/#\/schema\/person\/7ad3759462b88dca0c831372a7f5c825"},"headline":"\u015awi\u0105teczna akcja &#8220;Paczka na Kresy&#8221;","datePublished":"2020-12-02T19:49:15+00:00","dateModified":"2020-12-03T05:17:12+00:00","mainEntityOfPage":{"@id":"https:\/\/zst.klodzko.pl\/zst\/swiateczna-akcja-paczka-na-kresy\/"},"wordCount":174,"publisher":{"@id":"https:\/\/zst.klodzko.pl\/zst\/#organization"},"image":{"@id":"https:\/\/zst.klodzko.pl\/zst\/swiateczna-akcja-paczka-na-kresy\/#primaryimage"},"thumbnailUrl":"https:\/\/zst.klodzko.pl\/zst\/wp-content\/uploads\/2020\/12\/kresy_wschodnie.png","articleSection":["Aktualno\u015bci"],"inLanguage":"pl-PL"},{"@type":"WebPage","@id":"https:\/\/zst.klodzko.pl\/zst\/swiateczna-akcja-paczka-na-kresy\/","url":"https:\/\/zst.klodzko.pl\/zst\/swiateczna-akcja-paczka-na-kresy\/","name":"\u015awi\u0105teczna akcja \"Paczka na Kresy\" &#8212; Zesp\u00f3\u0142 Szk\u00f3\u0142 Technicznych w K\u0142odzku","isPartOf":{"@id":"https:\/\/zst.klodzko.pl\/zst\/#website"},"primaryImageOfPage":{"@id":"https:\/\/zst.klodzko.pl\/zst\/swiateczna-akcja-paczka-na-kresy\/#primaryimage"},"image":{"@id":"https:\/\/zst.klodzko.pl\/zst\/swiateczna-akcja-paczka-na-kresy\/#primaryimage"},"thumbnailUrl":"https:\/\/zst.klodzko.pl\/zst\/wp-content\/uploads\/2020\/12\/kresy_wschodnie.png","datePublished":"2020-12-02T19:49:15+00:00","dateModified":"2020-12-03T05:17:12+00:00","breadcrumb":{"@id":"https:\/\/zst.klodzko.pl\/zst\/swiateczna-akcja-paczka-na-kresy\/#breadcrumb"},"inLanguage":"pl-PL","potentialAction":[{"@type":"ReadAction","target":["https:\/\/zst.klodzko.pl\/zst\/swiateczna-akcja-paczka-na-kresy\/"]}]},{"@type":"ImageObject","inLanguage":"pl-PL","@id":"https:\/\/zst.klodzko.pl\/zst\/swiateczna-akcja-paczka-na-kresy\/#primaryimage","url":"https:\/\/zst.klodzko.pl\/zst\/wp-content\/uploads\/2020\/12\/kresy_wschodnie.png","contentUrl":"https:\/\/zst.klodzko.pl\/zst\/wp-content\/uploads\/2020\/12\/kresy_wschodnie.png","width":964,"height":587},{"@type":"BreadcrumbList","@id":"https:\/\/zst.klodzko.pl\/zst\/swiateczna-akcja-paczka-na-kresy\/#breadcrumb","itemListElement":[{"@type":"ListItem","position":1,"name":"Strona g\u0142\u00f3wna","item":"https:\/\/zst.klodzko.pl\/zst\/"},{"@type":"ListItem","position":2,"name":"\u015awi\u0105teczna akcja &#8222;Paczka na Kresy&#8221;"}]},{"@type":"WebSite","@id":"https:\/\/zst.klodzko.pl\/zst\/#website","url":"https:\/\/zst.klodzko.pl\/zst\/","name":"Zesp\u00f3\u0142 Szk\u00f3\u0142 Technicznych w K\u0142odzku","description":"Oficjalna strona ZST w K\u0142odzku (dawniej ZSP nr 1 w K\u0142odzku) - Budowlanka","publisher":{"@id":"https:\/\/zst.klodzko.pl\/zst\/#organization"},"potentialAction":[{"@type":"SearchAction","target":{"@type":"EntryPoint","urlTemplate":"https:\/\/zst.klodzko.pl\/zst\/?s={search_term_string}"},"query-input":{"@type":"PropertyValueSpecification","valueRequired":true,"valueName":"search_term_string"}}],"inLanguage":"pl-PL"},{"@type":"Organization","@id":"https:\/\/zst.klodzko.pl\/zst\/#organization","name":"Zesp\u00f3\u0142 Szk\u00f3\u0142 Technicznych w K\u0142odzku","url":"https:\/\/zst.klodzko.pl\/zst\/","logo":{"@type":"ImageObject","inLanguage":"pl-PL","@id":"https:\/\/zst.klodzko.pl\/zst\/#\/schema\/logo\/image\/","url":"https:\/\/zst.klodzko.pl\/zst\/wp-content\/uploads\/2018\/05\/patron_bud.png","contentUrl":"https:\/\/zst.klodzko.pl\/zst\/wp-content\/uploads\/2018\/05\/patron_bud.png","width":208,"height":205,"caption":"Zesp\u00f3\u0142 Szk\u00f3\u0142 Technicznych w K\u0142odzku"},"image":{"@id":"https:\/\/zst.klodzko.pl\/zst\/#\/schema\/logo\/image\/"},"sameAs":["https:\/\/www.facebook.com\/zst.klodzko","https:\/\/x.com\/Budowlanka_ZST","https:\/\/www.youtube.com\/channel\/UCueLhwUV3X9Ph8PMH7j4ugA","https:\/\/pl.wikipedia.org\/wiki\/Zesp\u00f3\u0142_Szk\u00f3\u0142_Technicznych_w_K\u0142odzku"]},{"@type":"Person","@id":"https:\/\/zst.klodzko.pl\/zst\/#\/schema\/person\/7ad3759462b88dca0c831372a7f5c825","name":"Aktualno\u015bci \u201eBUDOWLANKI\u201d"}]}},"_links":{"self":[{"href":"https:\/\/zst.klodzko.pl\/zst\/wp-json\/wp\/v2\/posts\/12910","targetHints":{"allow":["GET"]}}],"collection":[{"href":"https:\/\/zst.klodzko.pl\/zst\/wp-json\/wp\/v2\/posts"}],"about":[{"href":"https:\/\/zst.klodzko.pl\/zst\/wp-json\/wp\/v2\/types\/post"}],"author":[{"embeddable":true,"href":"https:\/\/zst.klodzko.pl\/zst\/wp-json\/wp\/v2\/users\/1"}],"replies":[{"embeddable":true,"href":"https:\/\/zst.klodzko.pl\/zst\/wp-json\/wp\/v2\/comments?post=12910"}],"version-history":[{"count":7,"href":"https:\/\/zst.klodzko.pl\/zst\/wp-json\/wp\/v2\/posts\/12910\/revisions"}],"predecessor-version":[{"id":12940,"href":"https:\/\/zst.klodzko.pl\/zst\/wp-json\/wp\/v2\/posts\/12910\/revisions\/12940"}],"wp:attachment":[{"href":"https:\/\/zst.klodzko.pl\/zst\/wp-json\/wp\/v2\/media?parent=12910"}],"wp:term":[{"taxonomy":"category","embeddable":true,"href":"https:\/\/zst.klodzko.pl\/zst\/wp-json\/wp\/v2\/categories?post=12910"},{"taxonomy":"post_tag","embeddable":true,"href":"https:\/\/zst.klodzko.pl\/zst\/wp-json\/wp\/v2\/tags?post=12910"}],"curies":[{"name":"wp","href":"https:\/\/api.w.org\/{rel}","templated":true}]}}