{"id":13090,"date":"2020-12-21T19:31:54","date_gmt":"2020-12-21T18:31:54","guid":{"rendered":"https:\/\/zst.klodzko.pl\/zst\/?p=13090"},"modified":"2020-12-21T19:32:03","modified_gmt":"2020-12-21T18:32:03","slug":"akcja-paczka-na-kresy-zakonczona","status":"publish","type":"post","link":"https:\/\/zst.klodzko.pl\/zst\/akcja-paczka-na-kresy-zakonczona\/","title":{"rendered":"AKCJA \u201ePACZKA NA KRESY\u201d ZAKO\u0143CZONA!"},"content":{"rendered":"<p style=\"text-align: justify;\"><span style=\"color: #170101;\">Kolejny raz uczniowie naszej szko\u0142y pokazali, \u017ce nie s\u0105 oboj\u0119tni na los drugiego cz\u0142owieka.<\/span><br \/>\n<span style=\"color: #170101;\">Tym razem wsparli akcj\u0119 zainicjowan\u0105 przez Fundacj\u0119 Studio Wsch\u00f3d. Wolontariusze przygotowali paczki \u017cywno\u015bciowe dla naszych rodak\u00f3w mieszkaj\u0105cych na Kresach. \u015awi\u0105teczne podarunki s\u0105 ju\u017c w drodze do potrzebuj\u0105cych.<\/span><br \/>\n<span style=\"color: #170101;\">Mamy nadziej\u0119, \u017ce mi\u0119dzy innymi dzi\u0119ki naszym wolontariuszom \u015awi\u0119ta Bo\u017cego Narodzenia b\u0119d\u0105 dla wielu wyj\u0105tkowym, radosnym czasem.<\/span><\/p>\n\n\t\t<style type=\"text\/css\">\n\t\t\t#gallery-1 {\n\t\t\t\tmargin: auto;\n\t\t\t}\n\t\t\t#gallery-1 .gallery-item {\n\t\t\t\tfloat: left;\n\t\t\t\tmargin-top: 10px;\n\t\t\t\ttext-align: center;\n\t\t\t\twidth: 50%;\n\t\t\t}\n\t\t\t#gallery-1 img {\n\t\t\t\tborder: 2px solid #cfcfcf;\n\t\t\t}\n\t\t\t#gallery-1 .gallery-caption {\n\t\t\t\tmargin-left: 0;\n\t\t\t}\n\t\t\t\/* see gallery_shortcode() in wp-includes\/media.php *\/\n\t\t<\/style>\n\t\t<div id='gallery-1' class='gallery galleryid-13090 gallery-columns-2 gallery-size-medium'><dl class='gallery-item'>\n\t\t\t<dt class='gallery-icon landscape'>\n\t\t\t\t<a href='https:\/\/zst.klodzko.pl\/zst\/wp-content\/uploads\/2020\/12\/zdjecie1-PaczkaNaKresy-scaled-e1608575280727.jpg'><img fetchpriority=\"high\" decoding=\"async\" width=\"300\" height=\"255\" src=\"https:\/\/zst.klodzko.pl\/zst\/wp-content\/uploads\/2020\/12\/zdjecie1-PaczkaNaKresy-300x255.jpg\" class=\"attachment-medium size-medium\" alt=\"\" srcset=\"https:\/\/zst.klodzko.pl\/zst\/wp-content\/uploads\/2020\/12\/zdjecie1-PaczkaNaKresy-300x255.jpg 300w, https:\/\/zst.klodzko.pl\/zst\/wp-content\/uploads\/2020\/12\/zdjecie1-PaczkaNaKresy-1024x871.jpg 1024w, https:\/\/zst.klodzko.pl\/zst\/wp-content\/uploads\/2020\/12\/zdjecie1-PaczkaNaKresy-768x653.jpg 768w, https:\/\/zst.klodzko.pl\/zst\/wp-content\/uploads\/2020\/12\/zdjecie1-PaczkaNaKresy-1536x1306.jpg 1536w, https:\/\/zst.klodzko.pl\/zst\/wp-content\/uploads\/2020\/12\/zdjecie1-PaczkaNaKresy-2048x1741.jpg 2048w, https:\/\/zst.klodzko.pl\/zst\/wp-content\/uploads\/2020\/12\/zdjecie1-PaczkaNaKresy-353x300.jpg 353w, https:\/\/zst.klodzko.pl\/zst\/wp-content\/uploads\/2020\/12\/zdjecie1-PaczkaNaKresy-scaled-e1608575280727.jpg 1200w\" sizes=\"(max-width: 300px) 100vw, 300px\" \/><\/a>\n\t\t\t<\/dt><\/dl><dl class='gallery-item'>\n\t\t\t<dt class='gallery-icon portrait'>\n\t\t\t\t<a href='https:\/\/zst.klodzko.pl\/zst\/wp-content\/uploads\/2020\/12\/zdjecie2-PaczkaNaKresy-scaled-e1608575299175.jpg'><img decoding=\"async\" width=\"254\" height=\"300\" src=\"https:\/\/zst.klodzko.pl\/zst\/wp-content\/uploads\/2020\/12\/zdjecie2-PaczkaNaKresy-254x300.jpg\" class=\"attachment-medium size-medium\" alt=\"\" srcset=\"https:\/\/zst.klodzko.pl\/zst\/wp-content\/uploads\/2020\/12\/zdjecie2-PaczkaNaKresy-254x300.jpg 254w, https:\/\/zst.klodzko.pl\/zst\/wp-content\/uploads\/2020\/12\/zdjecie2-PaczkaNaKresy-868x1024.jpg 868w, https:\/\/zst.klodzko.pl\/zst\/wp-content\/uploads\/2020\/12\/zdjecie2-PaczkaNaKresy-768x906.jpg 768w, https:\/\/zst.klodzko.pl\/zst\/wp-content\/uploads\/2020\/12\/zdjecie2-PaczkaNaKresy-1302x1536.jpg 1302w, https:\/\/zst.klodzko.pl\/zst\/wp-content\/uploads\/2020\/12\/zdjecie2-PaczkaNaKresy-1736x2048.jpg 1736w, https:\/\/zst.klodzko.pl\/zst\/wp-content\/uploads\/2020\/12\/zdjecie2-PaczkaNaKresy-scaled-e1608575299175.jpg 1200w\" sizes=\"(max-width: 254px) 100vw, 254px\" \/><\/a>\n\t\t\t<\/dt><\/dl><br style=\"clear: both\" \/>\n\t\t<\/div>\n\n<p style=\"text-align: center;\"><span style=\"color: #170101;\">Teraz nasze serca powinny w spos\u00f3b szczeg\u00f3lny otwiera\u0107 si\u0119 na innych.<br \/>\nZ pozoru skromny uczynek mo\u017ce komu\u015b sprawi\u0107 ogromn\u0105 rado\u015b\u0107. <\/span><br \/>\n<strong><span style=\"color: #170101;\">Nie zapominajmy o tym!<\/span><\/strong> \u2764\ufe0f \u2764\ufe0f \u2764\ufe0f<\/p>\n","protected":false},"excerpt":{"rendered":"<p>Kolejny raz uczniowie naszej szko\u0142y pokazali, \u017ce nie s\u0105 oboj\u0119tni na los drugiego cz\u0142owieka. Tym razem wsparli akcj\u0119 zainicjowan\u0105 przez Fundacj\u0119 Studio Wsch\u00f3d. Wolontariusze przygotowali paczki \u017cywno\u015bciowe dla naszych rodak\u00f3w mieszkaj\u0105cych na Kresach. \u015awi\u0105teczne podarunki s\u0105 ju\u017c w drodze do &hellip; <a href=\"https:\/\/zst.klodzko.pl\/zst\/akcja-paczka-na-kresy-zakonczona\/\">Czytaj dalej <span class=\"meta-nav\">&rarr;<\/span><\/a><\/p>\n","protected":false},"author":1,"featured_media":0,"comment_status":"closed","ping_status":"closed","sticky":false,"template":"","format":"standard","meta":{"footnotes":""},"categories":[1],"tags":[],"class_list":["post-13090","post","type-post","status-publish","format-standard","hentry","category-aktualnosci"],"yoast_head":"<!-- This site is optimized with the Yoast SEO plugin v27.4 - https:\/\/yoast.com\/product\/yoast-seo-wordpress\/ -->\n<title>AKCJA \u201ePACZKA NA KRESY\u201d ZAKO\u0143CZONA! &#8212; Zesp\u00f3\u0142 Szk\u00f3\u0142 Technicznych w K\u0142odzku<\/title>\n<meta name=\"robots\" content=\"index, follow, max-snippet:-1, max-image-preview:large, max-video-preview:-1\" \/>\n<link rel=\"canonical\" href=\"https:\/\/zst.klodzko.pl\/zst\/akcja-paczka-na-kresy-zakonczona\/\" \/>\n<meta property=\"og:locale\" content=\"pl_PL\" \/>\n<meta property=\"og:type\" content=\"article\" \/>\n<meta property=\"og:title\" content=\"AKCJA \u201ePACZKA NA KRESY\u201d ZAKO\u0143CZONA! &#8212; Zesp\u00f3\u0142 Szk\u00f3\u0142 Technicznych w K\u0142odzku\" \/>\n<meta property=\"og:description\" content=\"Kolejny raz uczniowie naszej szko\u0142y pokazali, \u017ce nie s\u0105 oboj\u0119tni na los drugiego cz\u0142owieka. Tym razem wsparli akcj\u0119 zainicjowan\u0105 przez Fundacj\u0119 Studio Wsch\u00f3d. Wolontariusze przygotowali paczki \u017cywno\u015bciowe dla naszych rodak\u00f3w mieszkaj\u0105cych na Kresach. \u015awi\u0105teczne podarunki s\u0105 ju\u017c w drodze do &hellip; Czytaj dalej &rarr;\" \/>\n<meta property=\"og:url\" content=\"https:\/\/zst.klodzko.pl\/zst\/akcja-paczka-na-kresy-zakonczona\/\" \/>\n<meta property=\"og:site_name\" content=\"Zesp\u00f3\u0142 Szk\u00f3\u0142 Technicznych w K\u0142odzku\" \/>\n<meta property=\"article:publisher\" content=\"https:\/\/www.facebook.com\/zst.klodzko\" \/>\n<meta property=\"article:published_time\" content=\"2020-12-21T18:31:54+00:00\" \/>\n<meta property=\"article:modified_time\" content=\"2020-12-21T18:32:03+00:00\" \/>\n<meta property=\"og:image\" content=\"https:\/\/zst.klodzko.pl\/zst\/wp-content\/uploads\/2020\/12\/zdjecie1-PaczkaNaKresy-300x255.jpg\" \/>\n<meta name=\"author\" content=\"Aktualno\u015bci \u201eBUDOWLANKI\u201d\" \/>\n<meta name=\"twitter:card\" content=\"summary_large_image\" \/>\n<meta name=\"twitter:creator\" content=\"@Budowlanka_ZST\" \/>\n<meta name=\"twitter:site\" content=\"@Budowlanka_ZST\" \/>\n<meta name=\"twitter:label1\" content=\"Napisane przez\" \/>\n\t<meta name=\"twitter:data1\" content=\"Aktualno\u015bci \u201eBUDOWLANKI\u201d\" \/>\n\t<meta name=\"twitter:label2\" content=\"Szacowany czas czytania\" \/>\n\t<meta name=\"twitter:data2\" content=\"1 minuta\" \/>\n<script type=\"application\/ld+json\" class=\"yoast-schema-graph\">{\"@context\":\"https:\\\/\\\/schema.org\",\"@graph\":[{\"@type\":\"Article\",\"@id\":\"https:\\\/\\\/zst.klodzko.pl\\\/zst\\\/akcja-paczka-na-kresy-zakonczona\\\/#article\",\"isPartOf\":{\"@id\":\"https:\\\/\\\/zst.klodzko.pl\\\/zst\\\/akcja-paczka-na-kresy-zakonczona\\\/\"},\"author\":{\"name\":\"Aktualno\u015bci \u201eBUDOWLANKI\u201d\",\"@id\":\"https:\\\/\\\/zst.klodzko.pl\\\/zst\\\/#\\\/schema\\\/person\\\/7ad3759462b88dca0c831372a7f5c825\"},\"headline\":\"AKCJA \u201ePACZKA NA KRESY\u201d ZAKO\u0143CZONA!\",\"datePublished\":\"2020-12-21T18:31:54+00:00\",\"dateModified\":\"2020-12-21T18:32:03+00:00\",\"mainEntityOfPage\":{\"@id\":\"https:\\\/\\\/zst.klodzko.pl\\\/zst\\\/akcja-paczka-na-kresy-zakonczona\\\/\"},\"wordCount\":113,\"publisher\":{\"@id\":\"https:\\\/\\\/zst.klodzko.pl\\\/zst\\\/#organization\"},\"articleSection\":[\"Aktualno\u015bci\"],\"inLanguage\":\"pl-PL\"},{\"@type\":\"WebPage\",\"@id\":\"https:\\\/\\\/zst.klodzko.pl\\\/zst\\\/akcja-paczka-na-kresy-zakonczona\\\/\",\"url\":\"https:\\\/\\\/zst.klodzko.pl\\\/zst\\\/akcja-paczka-na-kresy-zakonczona\\\/\",\"name\":\"AKCJA \u201ePACZKA NA KRESY\u201d ZAKO\u0143CZONA! &#8212; Zesp\u00f3\u0142 Szk\u00f3\u0142 Technicznych w K\u0142odzku\",\"isPartOf\":{\"@id\":\"https:\\\/\\\/zst.klodzko.pl\\\/zst\\\/#website\"},\"datePublished\":\"2020-12-21T18:31:54+00:00\",\"dateModified\":\"2020-12-21T18:32:03+00:00\",\"breadcrumb\":{\"@id\":\"https:\\\/\\\/zst.klodzko.pl\\\/zst\\\/akcja-paczka-na-kresy-zakonczona\\\/#breadcrumb\"},\"inLanguage\":\"pl-PL\",\"potentialAction\":[{\"@type\":\"ReadAction\",\"target\":[\"https:\\\/\\\/zst.klodzko.pl\\\/zst\\\/akcja-paczka-na-kresy-zakonczona\\\/\"]}]},{\"@type\":\"BreadcrumbList\",\"@id\":\"https:\\\/\\\/zst.klodzko.pl\\\/zst\\\/akcja-paczka-na-kresy-zakonczona\\\/#breadcrumb\",\"itemListElement\":[{\"@type\":\"ListItem\",\"position\":1,\"name\":\"Strona g\u0142\u00f3wna\",\"item\":\"https:\\\/\\\/zst.klodzko.pl\\\/zst\\\/\"},{\"@type\":\"ListItem\",\"position\":2,\"name\":\"AKCJA \u201ePACZKA NA KRESY\u201d ZAKO\u0143CZONA!\"}]},{\"@type\":\"WebSite\",\"@id\":\"https:\\\/\\\/zst.klodzko.pl\\\/zst\\\/#website\",\"url\":\"https:\\\/\\\/zst.klodzko.pl\\\/zst\\\/\",\"name\":\"Zesp\u00f3\u0142 Szk\u00f3\u0142 Technicznych w K\u0142odzku\",\"description\":\"Oficjalna strona ZST w K\u0142odzku (dawniej ZSP nr 1 w K\u0142odzku) - Budowlanka\",\"publisher\":{\"@id\":\"https:\\\/\\\/zst.klodzko.pl\\\/zst\\\/#organization\"},\"potentialAction\":[{\"@type\":\"SearchAction\",\"target\":{\"@type\":\"EntryPoint\",\"urlTemplate\":\"https:\\\/\\\/zst.klodzko.pl\\\/zst\\\/?s={search_term_string}\"},\"query-input\":{\"@type\":\"PropertyValueSpecification\",\"valueRequired\":true,\"valueName\":\"search_term_string\"}}],\"inLanguage\":\"pl-PL\"},{\"@type\":\"Organization\",\"@id\":\"https:\\\/\\\/zst.klodzko.pl\\\/zst\\\/#organization\",\"name\":\"Zesp\u00f3\u0142 Szk\u00f3\u0142 Technicznych w K\u0142odzku\",\"url\":\"https:\\\/\\\/zst.klodzko.pl\\\/zst\\\/\",\"logo\":{\"@type\":\"ImageObject\",\"inLanguage\":\"pl-PL\",\"@id\":\"https:\\\/\\\/zst.klodzko.pl\\\/zst\\\/#\\\/schema\\\/logo\\\/image\\\/\",\"url\":\"https:\\\/\\\/zst.klodzko.pl\\\/zst\\\/wp-content\\\/uploads\\\/2018\\\/05\\\/patron_bud.png\",\"contentUrl\":\"https:\\\/\\\/zst.klodzko.pl\\\/zst\\\/wp-content\\\/uploads\\\/2018\\\/05\\\/patron_bud.png\",\"width\":208,\"height\":205,\"caption\":\"Zesp\u00f3\u0142 Szk\u00f3\u0142 Technicznych w K\u0142odzku\"},\"image\":{\"@id\":\"https:\\\/\\\/zst.klodzko.pl\\\/zst\\\/#\\\/schema\\\/logo\\\/image\\\/\"},\"sameAs\":[\"https:\\\/\\\/www.facebook.com\\\/zst.klodzko\",\"https:\\\/\\\/x.com\\\/Budowlanka_ZST\",\"https:\\\/\\\/www.youtube.com\\\/channel\\\/UCueLhwUV3X9Ph8PMH7j4ugA\",\"https:\\\/\\\/pl.wikipedia.org\\\/wiki\\\/Zesp\u00f3\u0142_Szk\u00f3\u0142_Technicznych_w_K\u0142odzku\"]},{\"@type\":\"Person\",\"@id\":\"https:\\\/\\\/zst.klodzko.pl\\\/zst\\\/#\\\/schema\\\/person\\\/7ad3759462b88dca0c831372a7f5c825\",\"name\":\"Aktualno\u015bci \u201eBUDOWLANKI\u201d\"}]}<\/script>\n<!-- \/ Yoast SEO plugin. -->","yoast_head_json":{"title":"AKCJA \u201ePACZKA NA KRESY\u201d ZAKO\u0143CZONA! &#8212; Zesp\u00f3\u0142 Szk\u00f3\u0142 Technicznych w K\u0142odzku","robots":{"index":"index","follow":"follow","max-snippet":"max-snippet:-1","max-image-preview":"max-image-preview:large","max-video-preview":"max-video-preview:-1"},"canonical":"https:\/\/zst.klodzko.pl\/zst\/akcja-paczka-na-kresy-zakonczona\/","og_locale":"pl_PL","og_type":"article","og_title":"AKCJA \u201ePACZKA NA KRESY\u201d ZAKO\u0143CZONA! &#8212; Zesp\u00f3\u0142 Szk\u00f3\u0142 Technicznych w K\u0142odzku","og_description":"Kolejny raz uczniowie naszej szko\u0142y pokazali, \u017ce nie s\u0105 oboj\u0119tni na los drugiego cz\u0142owieka. Tym razem wsparli akcj\u0119 zainicjowan\u0105 przez Fundacj\u0119 Studio Wsch\u00f3d. Wolontariusze przygotowali paczki \u017cywno\u015bciowe dla naszych rodak\u00f3w mieszkaj\u0105cych na Kresach. \u015awi\u0105teczne podarunki s\u0105 ju\u017c w drodze do &hellip; Czytaj dalej &rarr;","og_url":"https:\/\/zst.klodzko.pl\/zst\/akcja-paczka-na-kresy-zakonczona\/","og_site_name":"Zesp\u00f3\u0142 Szk\u00f3\u0142 Technicznych w K\u0142odzku","article_publisher":"https:\/\/www.facebook.com\/zst.klodzko","article_published_time":"2020-12-21T18:31:54+00:00","article_modified_time":"2020-12-21T18:32:03+00:00","og_image":[{"url":"https:\/\/zst.klodzko.pl\/zst\/wp-content\/uploads\/2020\/12\/zdjecie1-PaczkaNaKresy-300x255.jpg","type":"","width":"","height":""}],"author":"Aktualno\u015bci \u201eBUDOWLANKI\u201d","twitter_card":"summary_large_image","twitter_creator":"@Budowlanka_ZST","twitter_site":"@Budowlanka_ZST","twitter_misc":{"Napisane przez":"Aktualno\u015bci \u201eBUDOWLANKI\u201d","Szacowany czas czytania":"1 minuta"},"schema":{"@context":"https:\/\/schema.org","@graph":[{"@type":"Article","@id":"https:\/\/zst.klodzko.pl\/zst\/akcja-paczka-na-kresy-zakonczona\/#article","isPartOf":{"@id":"https:\/\/zst.klodzko.pl\/zst\/akcja-paczka-na-kresy-zakonczona\/"},"author":{"name":"Aktualno\u015bci \u201eBUDOWLANKI\u201d","@id":"https:\/\/zst.klodzko.pl\/zst\/#\/schema\/person\/7ad3759462b88dca0c831372a7f5c825"},"headline":"AKCJA \u201ePACZKA NA KRESY\u201d ZAKO\u0143CZONA!","datePublished":"2020-12-21T18:31:54+00:00","dateModified":"2020-12-21T18:32:03+00:00","mainEntityOfPage":{"@id":"https:\/\/zst.klodzko.pl\/zst\/akcja-paczka-na-kresy-zakonczona\/"},"wordCount":113,"publisher":{"@id":"https:\/\/zst.klodzko.pl\/zst\/#organization"},"articleSection":["Aktualno\u015bci"],"inLanguage":"pl-PL"},{"@type":"WebPage","@id":"https:\/\/zst.klodzko.pl\/zst\/akcja-paczka-na-kresy-zakonczona\/","url":"https:\/\/zst.klodzko.pl\/zst\/akcja-paczka-na-kresy-zakonczona\/","name":"AKCJA \u201ePACZKA NA KRESY\u201d ZAKO\u0143CZONA! &#8212; Zesp\u00f3\u0142 Szk\u00f3\u0142 Technicznych w K\u0142odzku","isPartOf":{"@id":"https:\/\/zst.klodzko.pl\/zst\/#website"},"datePublished":"2020-12-21T18:31:54+00:00","dateModified":"2020-12-21T18:32:03+00:00","breadcrumb":{"@id":"https:\/\/zst.klodzko.pl\/zst\/akcja-paczka-na-kresy-zakonczona\/#breadcrumb"},"inLanguage":"pl-PL","potentialAction":[{"@type":"ReadAction","target":["https:\/\/zst.klodzko.pl\/zst\/akcja-paczka-na-kresy-zakonczona\/"]}]},{"@type":"BreadcrumbList","@id":"https:\/\/zst.klodzko.pl\/zst\/akcja-paczka-na-kresy-zakonczona\/#breadcrumb","itemListElement":[{"@type":"ListItem","position":1,"name":"Strona g\u0142\u00f3wna","item":"https:\/\/zst.klodzko.pl\/zst\/"},{"@type":"ListItem","position":2,"name":"AKCJA \u201ePACZKA NA KRESY\u201d ZAKO\u0143CZONA!"}]},{"@type":"WebSite","@id":"https:\/\/zst.klodzko.pl\/zst\/#website","url":"https:\/\/zst.klodzko.pl\/zst\/","name":"Zesp\u00f3\u0142 Szk\u00f3\u0142 Technicznych w K\u0142odzku","description":"Oficjalna strona ZST w K\u0142odzku (dawniej ZSP nr 1 w K\u0142odzku) - Budowlanka","publisher":{"@id":"https:\/\/zst.klodzko.pl\/zst\/#organization"},"potentialAction":[{"@type":"SearchAction","target":{"@type":"EntryPoint","urlTemplate":"https:\/\/zst.klodzko.pl\/zst\/?s={search_term_string}"},"query-input":{"@type":"PropertyValueSpecification","valueRequired":true,"valueName":"search_term_string"}}],"inLanguage":"pl-PL"},{"@type":"Organization","@id":"https:\/\/zst.klodzko.pl\/zst\/#organization","name":"Zesp\u00f3\u0142 Szk\u00f3\u0142 Technicznych w K\u0142odzku","url":"https:\/\/zst.klodzko.pl\/zst\/","logo":{"@type":"ImageObject","inLanguage":"pl-PL","@id":"https:\/\/zst.klodzko.pl\/zst\/#\/schema\/logo\/image\/","url":"https:\/\/zst.klodzko.pl\/zst\/wp-content\/uploads\/2018\/05\/patron_bud.png","contentUrl":"https:\/\/zst.klodzko.pl\/zst\/wp-content\/uploads\/2018\/05\/patron_bud.png","width":208,"height":205,"caption":"Zesp\u00f3\u0142 Szk\u00f3\u0142 Technicznych w K\u0142odzku"},"image":{"@id":"https:\/\/zst.klodzko.pl\/zst\/#\/schema\/logo\/image\/"},"sameAs":["https:\/\/www.facebook.com\/zst.klodzko","https:\/\/x.com\/Budowlanka_ZST","https:\/\/www.youtube.com\/channel\/UCueLhwUV3X9Ph8PMH7j4ugA","https:\/\/pl.wikipedia.org\/wiki\/Zesp\u00f3\u0142_Szk\u00f3\u0142_Technicznych_w_K\u0142odzku"]},{"@type":"Person","@id":"https:\/\/zst.klodzko.pl\/zst\/#\/schema\/person\/7ad3759462b88dca0c831372a7f5c825","name":"Aktualno\u015bci \u201eBUDOWLANKI\u201d"}]}},"_links":{"self":[{"href":"https:\/\/zst.klodzko.pl\/zst\/wp-json\/wp\/v2\/posts\/13090","targetHints":{"allow":["GET"]}}],"collection":[{"href":"https:\/\/zst.klodzko.pl\/zst\/wp-json\/wp\/v2\/posts"}],"about":[{"href":"https:\/\/zst.klodzko.pl\/zst\/wp-json\/wp\/v2\/types\/post"}],"author":[{"embeddable":true,"href":"https:\/\/zst.klodzko.pl\/zst\/wp-json\/wp\/v2\/users\/1"}],"replies":[{"embeddable":true,"href":"https:\/\/zst.klodzko.pl\/zst\/wp-json\/wp\/v2\/comments?post=13090"}],"version-history":[{"count":2,"href":"https:\/\/zst.klodzko.pl\/zst\/wp-json\/wp\/v2\/posts\/13090\/revisions"}],"predecessor-version":[{"id":13094,"href":"https:\/\/zst.klodzko.pl\/zst\/wp-json\/wp\/v2\/posts\/13090\/revisions\/13094"}],"wp:attachment":[{"href":"https:\/\/zst.klodzko.pl\/zst\/wp-json\/wp\/v2\/media?parent=13090"}],"wp:term":[{"taxonomy":"category","embeddable":true,"href":"https:\/\/zst.klodzko.pl\/zst\/wp-json\/wp\/v2\/categories?post=13090"},{"taxonomy":"post_tag","embeddable":true,"href":"https:\/\/zst.klodzko.pl\/zst\/wp-json\/wp\/v2\/tags?post=13090"}],"curies":[{"name":"wp","href":"https:\/\/api.w.org\/{rel}","templated":true}]}}