{"id":14741,"date":"2021-03-24T19:35:55","date_gmt":"2021-03-24T18:35:55","guid":{"rendered":"https:\/\/zst.klodzko.pl\/zst\/?p=14741"},"modified":"2021-03-24T19:35:55","modified_gmt":"2021-03-24T18:35:55","slug":"kurs-operatora-koparko-ladowarki-w-ramach-projektu-fachowcy-na-lokalnym-rynku-pracy-2","status":"publish","type":"post","link":"https:\/\/zst.klodzko.pl\/zst\/kurs-operatora-koparko-ladowarki-w-ramach-projektu-fachowcy-na-lokalnym-rynku-pracy-2\/","title":{"rendered":"Kurs operatora koparko-\u0142adowarki w ramach projektu &#8220;Fachowcy na lokalnym rynku pracy&#8221;"},"content":{"rendered":"<div align=\"center\"><iframe title=\"YouTube video player\" src=\"https:\/\/www.youtube.com\/embed\/INN2dgoqjow\" width=\"560\" height=\"294\" frameborder=\"0\" allowfullscreen=\"allowfullscreen\"><\/iframe><\/div>\n<div align=\"center\">\n\n\t\t<style type=\"text\/css\">\n\t\t\t#gallery-1 {\n\t\t\t\tmargin: auto;\n\t\t\t}\n\t\t\t#gallery-1 .gallery-item {\n\t\t\t\tfloat: left;\n\t\t\t\tmargin-top: 10px;\n\t\t\t\ttext-align: center;\n\t\t\t\twidth: 33%;\n\t\t\t}\n\t\t\t#gallery-1 img {\n\t\t\t\tborder: 2px solid #cfcfcf;\n\t\t\t}\n\t\t\t#gallery-1 .gallery-caption {\n\t\t\t\tmargin-left: 0;\n\t\t\t}\n\t\t\t\/* see gallery_shortcode() in wp-includes\/media.php *\/\n\t\t<\/style>\n\t\t<div id='gallery-1' class='gallery galleryid-14741 gallery-columns-3 gallery-size-medium'><dl class='gallery-item'>\n\t\t\t<dt class='gallery-icon landscape'>\n\t\t\t\t<a href='https:\/\/zst.klodzko.pl\/zst\/wp-content\/uploads\/2021\/03\/IMG_20210319_130333.jpg'><img fetchpriority=\"high\" decoding=\"async\" width=\"300\" height=\"225\" src=\"https:\/\/zst.klodzko.pl\/zst\/wp-content\/uploads\/2021\/03\/IMG_20210319_130333-300x225.jpg\" class=\"attachment-medium size-medium\" alt=\"Zdj\u0119cia i film z kursu koparko \u0142adowarki\" srcset=\"https:\/\/zst.klodzko.pl\/zst\/wp-content\/uploads\/2021\/03\/IMG_20210319_130333-300x225.jpg 300w, https:\/\/zst.klodzko.pl\/zst\/wp-content\/uploads\/2021\/03\/IMG_20210319_130333-1024x768.jpg 1024w, https:\/\/zst.klodzko.pl\/zst\/wp-content\/uploads\/2021\/03\/IMG_20210319_130333-768x576.jpg 768w, https:\/\/zst.klodzko.pl\/zst\/wp-content\/uploads\/2021\/03\/IMG_20210319_130333-1536x1152.jpg 1536w, https:\/\/zst.klodzko.pl\/zst\/wp-content\/uploads\/2021\/03\/IMG_20210319_130333-400x300.jpg 400w, https:\/\/zst.klodzko.pl\/zst\/wp-content\/uploads\/2021\/03\/IMG_20210319_130333.jpg 2000w\" sizes=\"(max-width: 300px) 100vw, 300px\" \/><\/a>\n\t\t\t<\/dt><\/dl><dl class='gallery-item'>\n\t\t\t<dt class='gallery-icon landscape'>\n\t\t\t\t<a href='https:\/\/zst.klodzko.pl\/zst\/wp-content\/uploads\/2021\/03\/IMG_20210319_134645.jpg'><img decoding=\"async\" width=\"300\" height=\"225\" src=\"https:\/\/zst.klodzko.pl\/zst\/wp-content\/uploads\/2021\/03\/IMG_20210319_134645-300x225.jpg\" class=\"attachment-medium size-medium\" alt=\"Zdj\u0119cia i film z kursu koparko \u0142adowarki\" srcset=\"https:\/\/zst.klodzko.pl\/zst\/wp-content\/uploads\/2021\/03\/IMG_20210319_134645-300x225.jpg 300w, https:\/\/zst.klodzko.pl\/zst\/wp-content\/uploads\/2021\/03\/IMG_20210319_134645-1024x768.jpg 1024w, https:\/\/zst.klodzko.pl\/zst\/wp-content\/uploads\/2021\/03\/IMG_20210319_134645-768x576.jpg 768w, https:\/\/zst.klodzko.pl\/zst\/wp-content\/uploads\/2021\/03\/IMG_20210319_134645-1536x1152.jpg 1536w, https:\/\/zst.klodzko.pl\/zst\/wp-content\/uploads\/2021\/03\/IMG_20210319_134645-400x300.jpg 400w, https:\/\/zst.klodzko.pl\/zst\/wp-content\/uploads\/2021\/03\/IMG_20210319_134645.jpg 2000w\" sizes=\"(max-width: 300px) 100vw, 300px\" \/><\/a>\n\t\t\t<\/dt><\/dl><dl class='gallery-item'>\n\t\t\t<dt class='gallery-icon landscape'>\n\t\t\t\t<a href='https:\/\/zst.klodzko.pl\/zst\/wp-content\/uploads\/2021\/03\/IMG_20210319_130418.jpg'><img decoding=\"async\" width=\"300\" height=\"225\" src=\"https:\/\/zst.klodzko.pl\/zst\/wp-content\/uploads\/2021\/03\/IMG_20210319_130418-300x225.jpg\" class=\"attachment-medium size-medium\" alt=\"Zdj\u0119cia i film z kursu koparko \u0142adowarki\" srcset=\"https:\/\/zst.klodzko.pl\/zst\/wp-content\/uploads\/2021\/03\/IMG_20210319_130418-300x225.jpg 300w, https:\/\/zst.klodzko.pl\/zst\/wp-content\/uploads\/2021\/03\/IMG_20210319_130418-1024x768.jpg 1024w, https:\/\/zst.klodzko.pl\/zst\/wp-content\/uploads\/2021\/03\/IMG_20210319_130418-768x576.jpg 768w, https:\/\/zst.klodzko.pl\/zst\/wp-content\/uploads\/2021\/03\/IMG_20210319_130418-1536x1152.jpg 1536w, https:\/\/zst.klodzko.pl\/zst\/wp-content\/uploads\/2021\/03\/IMG_20210319_130418-400x300.jpg 400w, https:\/\/zst.klodzko.pl\/zst\/wp-content\/uploads\/2021\/03\/IMG_20210319_130418.jpg 2000w\" sizes=\"(max-width: 300px) 100vw, 300px\" \/><\/a>\n\t\t\t<\/dt><\/dl><br style=\"clear: both\" \/>\n\t\t<\/div>\n\n<\/div>\n","protected":false},"excerpt":{"rendered":"","protected":false},"author":1,"featured_media":0,"comment_status":"closed","ping_status":"closed","sticky":false,"template":"","format":"standard","meta":{"footnotes":""},"categories":[1],"tags":[],"class_list":["post-14741","post","type-post","status-publish","format-standard","hentry","category-aktualnosci"],"yoast_head":"<!-- This site is optimized with the Yoast SEO plugin v27.4 - https:\/\/yoast.com\/product\/yoast-seo-wordpress\/ -->\n<title>Kurs operatora koparko-\u0142adowarki w ramach projektu &quot;Fachowcy na lokalnym rynku pracy&quot; &#8212; Zesp\u00f3\u0142 Szk\u00f3\u0142 Technicznych w K\u0142odzku<\/title>\n<meta name=\"robots\" content=\"index, follow, max-snippet:-1, max-image-preview:large, max-video-preview:-1\" \/>\n<link rel=\"canonical\" href=\"https:\/\/zst.klodzko.pl\/zst\/kurs-operatora-koparko-ladowarki-w-ramach-projektu-fachowcy-na-lokalnym-rynku-pracy-2\/\" \/>\n<meta property=\"og:locale\" content=\"pl_PL\" \/>\n<meta property=\"og:type\" content=\"article\" \/>\n<meta property=\"og:title\" content=\"Kurs operatora koparko-\u0142adowarki w ramach projektu &quot;Fachowcy na lokalnym rynku pracy&quot; &#8212; Zesp\u00f3\u0142 Szk\u00f3\u0142 Technicznych w K\u0142odzku\" \/>\n<meta property=\"og:url\" content=\"https:\/\/zst.klodzko.pl\/zst\/kurs-operatora-koparko-ladowarki-w-ramach-projektu-fachowcy-na-lokalnym-rynku-pracy-2\/\" \/>\n<meta property=\"og:site_name\" content=\"Zesp\u00f3\u0142 Szk\u00f3\u0142 Technicznych w K\u0142odzku\" \/>\n<meta property=\"article:publisher\" content=\"https:\/\/www.facebook.com\/zst.klodzko\" \/>\n<meta property=\"article:published_time\" content=\"2021-03-24T18:35:55+00:00\" \/>\n<meta property=\"og:image\" content=\"https:\/\/zst.klodzko.pl\/zst\/wp-content\/uploads\/2021\/03\/IMG_20210319_130333-300x225.jpg\" \/>\n<meta name=\"author\" content=\"Aktualno\u015bci \u201eBUDOWLANKI\u201d\" \/>\n<meta name=\"twitter:card\" content=\"summary_large_image\" \/>\n<meta name=\"twitter:creator\" content=\"@Budowlanka_ZST\" \/>\n<meta name=\"twitter:site\" content=\"@Budowlanka_ZST\" \/>\n<meta name=\"twitter:label1\" content=\"Napisane przez\" \/>\n\t<meta name=\"twitter:data1\" content=\"Aktualno\u015bci \u201eBUDOWLANKI\u201d\" \/>\n<script type=\"application\/ld+json\" class=\"yoast-schema-graph\">{\"@context\":\"https:\\\/\\\/schema.org\",\"@graph\":[{\"@type\":\"Article\",\"@id\":\"https:\\\/\\\/zst.klodzko.pl\\\/zst\\\/kurs-operatora-koparko-ladowarki-w-ramach-projektu-fachowcy-na-lokalnym-rynku-pracy-2\\\/#article\",\"isPartOf\":{\"@id\":\"https:\\\/\\\/zst.klodzko.pl\\\/zst\\\/kurs-operatora-koparko-ladowarki-w-ramach-projektu-fachowcy-na-lokalnym-rynku-pracy-2\\\/\"},\"author\":{\"name\":\"Aktualno\u015bci \u201eBUDOWLANKI\u201d\",\"@id\":\"https:\\\/\\\/zst.klodzko.pl\\\/zst\\\/#\\\/schema\\\/person\\\/7ad3759462b88dca0c831372a7f5c825\"},\"headline\":\"Kurs operatora koparko-\u0142adowarki w ramach projektu &#8220;Fachowcy na lokalnym rynku pracy&#8221;\",\"datePublished\":\"2021-03-24T18:35:55+00:00\",\"mainEntityOfPage\":{\"@id\":\"https:\\\/\\\/zst.klodzko.pl\\\/zst\\\/kurs-operatora-koparko-ladowarki-w-ramach-projektu-fachowcy-na-lokalnym-rynku-pracy-2\\\/\"},\"wordCount\":18,\"publisher\":{\"@id\":\"https:\\\/\\\/zst.klodzko.pl\\\/zst\\\/#organization\"},\"articleSection\":[\"Aktualno\u015bci\"],\"inLanguage\":\"pl-PL\"},{\"@type\":\"WebPage\",\"@id\":\"https:\\\/\\\/zst.klodzko.pl\\\/zst\\\/kurs-operatora-koparko-ladowarki-w-ramach-projektu-fachowcy-na-lokalnym-rynku-pracy-2\\\/\",\"url\":\"https:\\\/\\\/zst.klodzko.pl\\\/zst\\\/kurs-operatora-koparko-ladowarki-w-ramach-projektu-fachowcy-na-lokalnym-rynku-pracy-2\\\/\",\"name\":\"Kurs operatora koparko-\u0142adowarki w ramach projektu \\\"Fachowcy na lokalnym rynku pracy\\\" &#8212; Zesp\u00f3\u0142 Szk\u00f3\u0142 Technicznych w K\u0142odzku\",\"isPartOf\":{\"@id\":\"https:\\\/\\\/zst.klodzko.pl\\\/zst\\\/#website\"},\"datePublished\":\"2021-03-24T18:35:55+00:00\",\"breadcrumb\":{\"@id\":\"https:\\\/\\\/zst.klodzko.pl\\\/zst\\\/kurs-operatora-koparko-ladowarki-w-ramach-projektu-fachowcy-na-lokalnym-rynku-pracy-2\\\/#breadcrumb\"},\"inLanguage\":\"pl-PL\",\"potentialAction\":[{\"@type\":\"ReadAction\",\"target\":[\"https:\\\/\\\/zst.klodzko.pl\\\/zst\\\/kurs-operatora-koparko-ladowarki-w-ramach-projektu-fachowcy-na-lokalnym-rynku-pracy-2\\\/\"]}]},{\"@type\":\"BreadcrumbList\",\"@id\":\"https:\\\/\\\/zst.klodzko.pl\\\/zst\\\/kurs-operatora-koparko-ladowarki-w-ramach-projektu-fachowcy-na-lokalnym-rynku-pracy-2\\\/#breadcrumb\",\"itemListElement\":[{\"@type\":\"ListItem\",\"position\":1,\"name\":\"Strona g\u0142\u00f3wna\",\"item\":\"https:\\\/\\\/zst.klodzko.pl\\\/zst\\\/\"},{\"@type\":\"ListItem\",\"position\":2,\"name\":\"Kurs operatora koparko-\u0142adowarki w ramach projektu &#8222;Fachowcy na lokalnym rynku pracy&#8221;\"}]},{\"@type\":\"WebSite\",\"@id\":\"https:\\\/\\\/zst.klodzko.pl\\\/zst\\\/#website\",\"url\":\"https:\\\/\\\/zst.klodzko.pl\\\/zst\\\/\",\"name\":\"Zesp\u00f3\u0142 Szk\u00f3\u0142 Technicznych w K\u0142odzku\",\"description\":\"Oficjalna strona ZST w K\u0142odzku (dawniej ZSP nr 1 w K\u0142odzku) - Budowlanka\",\"publisher\":{\"@id\":\"https:\\\/\\\/zst.klodzko.pl\\\/zst\\\/#organization\"},\"potentialAction\":[{\"@type\":\"SearchAction\",\"target\":{\"@type\":\"EntryPoint\",\"urlTemplate\":\"https:\\\/\\\/zst.klodzko.pl\\\/zst\\\/?s={search_term_string}\"},\"query-input\":{\"@type\":\"PropertyValueSpecification\",\"valueRequired\":true,\"valueName\":\"search_term_string\"}}],\"inLanguage\":\"pl-PL\"},{\"@type\":\"Organization\",\"@id\":\"https:\\\/\\\/zst.klodzko.pl\\\/zst\\\/#organization\",\"name\":\"Zesp\u00f3\u0142 Szk\u00f3\u0142 Technicznych w K\u0142odzku\",\"url\":\"https:\\\/\\\/zst.klodzko.pl\\\/zst\\\/\",\"logo\":{\"@type\":\"ImageObject\",\"inLanguage\":\"pl-PL\",\"@id\":\"https:\\\/\\\/zst.klodzko.pl\\\/zst\\\/#\\\/schema\\\/logo\\\/image\\\/\",\"url\":\"https:\\\/\\\/zst.klodzko.pl\\\/zst\\\/wp-content\\\/uploads\\\/2018\\\/05\\\/patron_bud.png\",\"contentUrl\":\"https:\\\/\\\/zst.klodzko.pl\\\/zst\\\/wp-content\\\/uploads\\\/2018\\\/05\\\/patron_bud.png\",\"width\":208,\"height\":205,\"caption\":\"Zesp\u00f3\u0142 Szk\u00f3\u0142 Technicznych w K\u0142odzku\"},\"image\":{\"@id\":\"https:\\\/\\\/zst.klodzko.pl\\\/zst\\\/#\\\/schema\\\/logo\\\/image\\\/\"},\"sameAs\":[\"https:\\\/\\\/www.facebook.com\\\/zst.klodzko\",\"https:\\\/\\\/x.com\\\/Budowlanka_ZST\",\"https:\\\/\\\/www.youtube.com\\\/channel\\\/UCueLhwUV3X9Ph8PMH7j4ugA\",\"https:\\\/\\\/pl.wikipedia.org\\\/wiki\\\/Zesp\u00f3\u0142_Szk\u00f3\u0142_Technicznych_w_K\u0142odzku\"]},{\"@type\":\"Person\",\"@id\":\"https:\\\/\\\/zst.klodzko.pl\\\/zst\\\/#\\\/schema\\\/person\\\/7ad3759462b88dca0c831372a7f5c825\",\"name\":\"Aktualno\u015bci \u201eBUDOWLANKI\u201d\"}]}<\/script>\n<!-- \/ Yoast SEO plugin. -->","yoast_head_json":{"title":"Kurs operatora koparko-\u0142adowarki w ramach projektu \"Fachowcy na lokalnym rynku pracy\" &#8212; Zesp\u00f3\u0142 Szk\u00f3\u0142 Technicznych w K\u0142odzku","robots":{"index":"index","follow":"follow","max-snippet":"max-snippet:-1","max-image-preview":"max-image-preview:large","max-video-preview":"max-video-preview:-1"},"canonical":"https:\/\/zst.klodzko.pl\/zst\/kurs-operatora-koparko-ladowarki-w-ramach-projektu-fachowcy-na-lokalnym-rynku-pracy-2\/","og_locale":"pl_PL","og_type":"article","og_title":"Kurs operatora koparko-\u0142adowarki w ramach projektu \"Fachowcy na lokalnym rynku pracy\" &#8212; Zesp\u00f3\u0142 Szk\u00f3\u0142 Technicznych w K\u0142odzku","og_url":"https:\/\/zst.klodzko.pl\/zst\/kurs-operatora-koparko-ladowarki-w-ramach-projektu-fachowcy-na-lokalnym-rynku-pracy-2\/","og_site_name":"Zesp\u00f3\u0142 Szk\u00f3\u0142 Technicznych w K\u0142odzku","article_publisher":"https:\/\/www.facebook.com\/zst.klodzko","article_published_time":"2021-03-24T18:35:55+00:00","og_image":[{"url":"https:\/\/zst.klodzko.pl\/zst\/wp-content\/uploads\/2021\/03\/IMG_20210319_130333-300x225.jpg","type":"","width":"","height":""}],"author":"Aktualno\u015bci \u201eBUDOWLANKI\u201d","twitter_card":"summary_large_image","twitter_creator":"@Budowlanka_ZST","twitter_site":"@Budowlanka_ZST","twitter_misc":{"Napisane przez":"Aktualno\u015bci \u201eBUDOWLANKI\u201d"},"schema":{"@context":"https:\/\/schema.org","@graph":[{"@type":"Article","@id":"https:\/\/zst.klodzko.pl\/zst\/kurs-operatora-koparko-ladowarki-w-ramach-projektu-fachowcy-na-lokalnym-rynku-pracy-2\/#article","isPartOf":{"@id":"https:\/\/zst.klodzko.pl\/zst\/kurs-operatora-koparko-ladowarki-w-ramach-projektu-fachowcy-na-lokalnym-rynku-pracy-2\/"},"author":{"name":"Aktualno\u015bci \u201eBUDOWLANKI\u201d","@id":"https:\/\/zst.klodzko.pl\/zst\/#\/schema\/person\/7ad3759462b88dca0c831372a7f5c825"},"headline":"Kurs operatora koparko-\u0142adowarki w ramach projektu &#8220;Fachowcy na lokalnym rynku pracy&#8221;","datePublished":"2021-03-24T18:35:55+00:00","mainEntityOfPage":{"@id":"https:\/\/zst.klodzko.pl\/zst\/kurs-operatora-koparko-ladowarki-w-ramach-projektu-fachowcy-na-lokalnym-rynku-pracy-2\/"},"wordCount":18,"publisher":{"@id":"https:\/\/zst.klodzko.pl\/zst\/#organization"},"articleSection":["Aktualno\u015bci"],"inLanguage":"pl-PL"},{"@type":"WebPage","@id":"https:\/\/zst.klodzko.pl\/zst\/kurs-operatora-koparko-ladowarki-w-ramach-projektu-fachowcy-na-lokalnym-rynku-pracy-2\/","url":"https:\/\/zst.klodzko.pl\/zst\/kurs-operatora-koparko-ladowarki-w-ramach-projektu-fachowcy-na-lokalnym-rynku-pracy-2\/","name":"Kurs operatora koparko-\u0142adowarki w ramach projektu \"Fachowcy na lokalnym rynku pracy\" &#8212; Zesp\u00f3\u0142 Szk\u00f3\u0142 Technicznych w K\u0142odzku","isPartOf":{"@id":"https:\/\/zst.klodzko.pl\/zst\/#website"},"datePublished":"2021-03-24T18:35:55+00:00","breadcrumb":{"@id":"https:\/\/zst.klodzko.pl\/zst\/kurs-operatora-koparko-ladowarki-w-ramach-projektu-fachowcy-na-lokalnym-rynku-pracy-2\/#breadcrumb"},"inLanguage":"pl-PL","potentialAction":[{"@type":"ReadAction","target":["https:\/\/zst.klodzko.pl\/zst\/kurs-operatora-koparko-ladowarki-w-ramach-projektu-fachowcy-na-lokalnym-rynku-pracy-2\/"]}]},{"@type":"BreadcrumbList","@id":"https:\/\/zst.klodzko.pl\/zst\/kurs-operatora-koparko-ladowarki-w-ramach-projektu-fachowcy-na-lokalnym-rynku-pracy-2\/#breadcrumb","itemListElement":[{"@type":"ListItem","position":1,"name":"Strona g\u0142\u00f3wna","item":"https:\/\/zst.klodzko.pl\/zst\/"},{"@type":"ListItem","position":2,"name":"Kurs operatora koparko-\u0142adowarki w ramach projektu &#8222;Fachowcy na lokalnym rynku pracy&#8221;"}]},{"@type":"WebSite","@id":"https:\/\/zst.klodzko.pl\/zst\/#website","url":"https:\/\/zst.klodzko.pl\/zst\/","name":"Zesp\u00f3\u0142 Szk\u00f3\u0142 Technicznych w K\u0142odzku","description":"Oficjalna strona ZST w K\u0142odzku (dawniej ZSP nr 1 w K\u0142odzku) - Budowlanka","publisher":{"@id":"https:\/\/zst.klodzko.pl\/zst\/#organization"},"potentialAction":[{"@type":"SearchAction","target":{"@type":"EntryPoint","urlTemplate":"https:\/\/zst.klodzko.pl\/zst\/?s={search_term_string}"},"query-input":{"@type":"PropertyValueSpecification","valueRequired":true,"valueName":"search_term_string"}}],"inLanguage":"pl-PL"},{"@type":"Organization","@id":"https:\/\/zst.klodzko.pl\/zst\/#organization","name":"Zesp\u00f3\u0142 Szk\u00f3\u0142 Technicznych w K\u0142odzku","url":"https:\/\/zst.klodzko.pl\/zst\/","logo":{"@type":"ImageObject","inLanguage":"pl-PL","@id":"https:\/\/zst.klodzko.pl\/zst\/#\/schema\/logo\/image\/","url":"https:\/\/zst.klodzko.pl\/zst\/wp-content\/uploads\/2018\/05\/patron_bud.png","contentUrl":"https:\/\/zst.klodzko.pl\/zst\/wp-content\/uploads\/2018\/05\/patron_bud.png","width":208,"height":205,"caption":"Zesp\u00f3\u0142 Szk\u00f3\u0142 Technicznych w K\u0142odzku"},"image":{"@id":"https:\/\/zst.klodzko.pl\/zst\/#\/schema\/logo\/image\/"},"sameAs":["https:\/\/www.facebook.com\/zst.klodzko","https:\/\/x.com\/Budowlanka_ZST","https:\/\/www.youtube.com\/channel\/UCueLhwUV3X9Ph8PMH7j4ugA","https:\/\/pl.wikipedia.org\/wiki\/Zesp\u00f3\u0142_Szk\u00f3\u0142_Technicznych_w_K\u0142odzku"]},{"@type":"Person","@id":"https:\/\/zst.klodzko.pl\/zst\/#\/schema\/person\/7ad3759462b88dca0c831372a7f5c825","name":"Aktualno\u015bci \u201eBUDOWLANKI\u201d"}]}},"_links":{"self":[{"href":"https:\/\/zst.klodzko.pl\/zst\/wp-json\/wp\/v2\/posts\/14741","targetHints":{"allow":["GET"]}}],"collection":[{"href":"https:\/\/zst.klodzko.pl\/zst\/wp-json\/wp\/v2\/posts"}],"about":[{"href":"https:\/\/zst.klodzko.pl\/zst\/wp-json\/wp\/v2\/types\/post"}],"author":[{"embeddable":true,"href":"https:\/\/zst.klodzko.pl\/zst\/wp-json\/wp\/v2\/users\/1"}],"replies":[{"embeddable":true,"href":"https:\/\/zst.klodzko.pl\/zst\/wp-json\/wp\/v2\/comments?post=14741"}],"version-history":[{"count":1,"href":"https:\/\/zst.klodzko.pl\/zst\/wp-json\/wp\/v2\/posts\/14741\/revisions"}],"predecessor-version":[{"id":14745,"href":"https:\/\/zst.klodzko.pl\/zst\/wp-json\/wp\/v2\/posts\/14741\/revisions\/14745"}],"wp:attachment":[{"href":"https:\/\/zst.klodzko.pl\/zst\/wp-json\/wp\/v2\/media?parent=14741"}],"wp:term":[{"taxonomy":"category","embeddable":true,"href":"https:\/\/zst.klodzko.pl\/zst\/wp-json\/wp\/v2\/categories?post=14741"},{"taxonomy":"post_tag","embeddable":true,"href":"https:\/\/zst.klodzko.pl\/zst\/wp-json\/wp\/v2\/tags?post=14741"}],"curies":[{"name":"wp","href":"https:\/\/api.w.org\/{rel}","templated":true}]}}