{"id":15105,"date":"2021-04-13T20:44:47","date_gmt":"2021-04-13T18:44:47","guid":{"rendered":"https:\/\/zst.klodzko.pl\/zst\/?p=15105"},"modified":"2021-04-13T21:03:50","modified_gmt":"2021-04-13T19:03:50","slug":"4-rocznica-posadzenia-debow-pamieci","status":"publish","type":"post","link":"https:\/\/zst.klodzko.pl\/zst\/4-rocznica-posadzenia-debow-pamieci\/","title":{"rendered":"4. rocznica posadzenia D\u0119b\u00f3w Pami\u0119ci dla upami\u0119tnienia Ofiar Zbrodni Katy\u0144skiej"},"content":{"rendered":"<p><em><strong>\u201eGwarantem istnienia narodu jest pami\u0119\u0107, o jego przesz\u0142o\u015bci i jego bohaterach.\u201d<\/strong><\/em><\/p>\n<p><img fetchpriority=\"high\" decoding=\"async\" class=\"alignleft wp-image-15106\" src=\"https:\/\/zst.klodzko.pl\/zst\/wp-content\/uploads\/2021\/04\/1.png\" alt=\"Rocznica posadzenia D\u0119b\u00f3w Pamieci\" width=\"350\" height=\"195\" srcset=\"https:\/\/zst.klodzko.pl\/zst\/wp-content\/uploads\/2021\/04\/1.png 512w, https:\/\/zst.klodzko.pl\/zst\/wp-content\/uploads\/2021\/04\/1-300x167.png 300w, https:\/\/zst.klodzko.pl\/zst\/wp-content\/uploads\/2021\/04\/1-500x278.png 500w\" sizes=\"(max-width: 350px) 100vw, 350px\" \/><\/p>\n<p>7 kwietnia 2017 r. w Zespole Szk\u00f3\u0142 Ponadgimnazjalnych nr 1 im. prof. Wac\u0142awa \u017benczykowskiego w K\u0142odzku (obecnie Zesp\u00f3\u0142 Szk\u00f3\u0142 Technicznych w K\u0142odzku) mia\u0142o miejsce wa\u017cne wydarzenie patriotyczne \u2013 uroczyste posadzenie D\u0119b\u00f3w Pami\u0119ci dla uhonorowania <strong>mjr. Aleksandra Gawiny<\/strong>, <strong>por. Kazimierza Gawiny<\/strong> oraz aspirant\u00f3w Policji Pa\u0144stwowej \u2013 <strong>Franciszka<\/strong> i <strong>Stanis\u0142awa Pauch<\/strong>.<br \/>\nUroczysto\u015b\u0107 odby\u0142a si\u0119 w 77 rocznic\u0119 zbrodni katy\u0144skiej i by\u0142a kulminacyjnym punktem realizowanego w szkole od wrze\u015bnia 2017 r. og\u00f3lnopolskiego programu edukacyjnego \u201eKaty\u0144 \u2013 ocali\u0107 od zapomnienia\u201d. Koordynatorem programu by\u0142a Izabela Kapitan \u2013 nauczyciel historii. Celem projektu jest oddanie ho\u0142du pomordowanym i przypomnienie ich sylwetek spo\u0142ecze\u0144stwu polskiemu, szczeg\u00f3lnie m\u0142odemu pokoleniu Polak\u00f3w oraz zagwarantowanie im trwa\u0142ego miejsca w pami\u0119ci narodu polskiego poprzez posadzenie 21.857 d\u0119b\u00f3w pami\u0119ci. Drzew, kt\u00f3re s\u0105 symbolem si\u0142y, szlachetno\u015bci i d\u0142ugowieczno\u015bci. Ka\u017cde z tych drzew ma upami\u0119tni\u0107 jedn\u0105 ofiar\u0119 zbrodni katy\u0144skiej, kt\u00f3ra zgin\u0119\u0142a w Katyniu, Twerze lub Charkowie. Ocali\u0107 od zapomnienia znaczy pozna\u0107 jednego z rozstrzelanych, kt\u00f3ry by\u0142 czyim\u015b synem, bratem, ojcem i sprawi\u0107 aby pami\u0119\u0107 o tym cz\u0142owieku by\u0142a wiecznie \u017cywa nie tylko w jego rodzinie. Realizacj\u0119 programu rozpocz\u0119li\u015bmy od nawi\u0105zania wsp\u00f3\u0142pracy ze Stowarzyszeniem Rodzin Katy\u0144skich we Wroc\u0142awiu, dzi\u0119ki kt\u00f3remu poznali\u015bmy c\u00f3rki naszych bohater\u00f3w \u2013 p. Aureli\u0119 Kaczmarek oraz p. Iren\u0119 Gawin\u0119-Gileck\u0105 z K\u0142odzka. Pani Aurelia Kaczmarek jest c\u00f3rk\u0105 aspiranta Policji Pa\u0144stwowej Franciszka Paucha oraz bratanic\u0105 aspiranta Policji Pa\u0144stwowej Stanis\u0142awa Paucha, natomiast pani Irena Gawina-Gilecka jest c\u00f3rk\u0105 porucznika Kazimierza Gawiny oraz bratanic\u0105 majora Aleksandra Gawiny.<\/p>\n<p><!--more--><\/p>\n<p>Uroczysto\u015b\u0107 rozpocz\u0119\u0142a si\u0119 Msz\u0105 \u015aw. w ko\u015bciele pw. Podwy\u017cszenia Krzy\u017ca \u015aw. w K\u0142odzku, kt\u00f3r\u0105 odprawi\u0142 ks. kanonik Julian Rafa\u0142ko, dziekan Dekanatu K\u0142odzkiego, w koncelebrze z ksi\u0119\u017cmi: ks. p\u0142k Edwardem Olech\u0105 z parafii garnizonowej pw. \u015aw. Aposto\u0142\u00f3w Piotra i Paw\u0142a w K\u0142o-dzku, ks. Sebastianem Nawrockim oraz ks. Marius<img decoding=\"async\" class=\"size-full wp-image-15107 alignleft\" src=\"https:\/\/zst.klodzko.pl\/zst\/wp-content\/uploads\/2021\/04\/2.jpg\" alt=\"Rocznica posadzenia D\u0119b\u00f3w Pami\u0119ci\" width=\"250\" height=\"166\" \/>zem Kubikiem \u2013 wikariuszami tutejszej parafii. Msz\u0119 u\u015bwietni\u0142 ch\u00f3r dzieci\u0119cy Szko\u0142y Muzycznej I st. w K\u0142odzku pod kier. Katarzyny M\u0105ki. Poczty sztandarowe wystawi\u0142y Komenda Powiatowa Policji w K\u0142odzku, K\u0142odzka Szko\u0142a Przedsi\u0119biorczo\u015bci oraz Zesp\u00f3\u0142 Szk\u00f3\u0142 Ponadgimnazjalnych nr 1 w K\u0142odzku.<br \/>\nW auli Szko\u0142y rozpocz\u0119\u0142a si\u0119 druga, artystyczna cz\u0119\u015b\u0107 uroczysto\u015bci. Wzi\u0119li w niej udzia\u0142 uczniowie 1 klasy liceum integracyjnego. Spektakl przeplatany wierszami oraz piosenkami w wykonaniu Marceliny Stani\u00f3w oraz Natalii Moraczewskiej przygotowa\u0142y p. Ma\u0142gorzata Perczy\u0144ska \u2013 nauczyciel j. polskiego oraz p. Izabela Kapitan. Cz\u0119\u015b\u0107 artystyczn\u0105 rozpocz\u0119\u0142a p. Izabela Kapitan, kt\u00f3ra tytu\u0142em wst\u0119pu przybli\u017cy\u0142a cele i charakter programu i przedstawi\u0142a biogramy bohater\u00f3w. Po przekazaniu g\u0142osu prowadz\u0105cym: Dagmarze Hybsz i Marcinowi Mrukowi- uczniom kl. Ia LO, nast\u0105pi\u0142o powitanie zebranych go\u015bci. Go\u015b\u0107mi honorowymi by\u0142y panie Irena Gawina-Gilecka i Aurelia Kaczmarek wraz z c\u00f3rkami, Aleksandr\u0105 Ryng i Danut\u0105 Ko\u015bcisz.<br \/>\nSwoj\u0105 obecno\u015bci\u0105 zaszczycili r\u00f3wnie\u017c: starosta Powiatu K\u0142odzkiego Maciej Awi\u017ce\u0144, inspektor Andrzej Sidorowicz- Radzikowski \u2013 komendant powiatowy Policji w K\u0142odzku, kpt. Micha\u0142 Kowalczyk z 22 Karpackiego Batalionu Piechoty G\u00f3rskiej, p\u0142k Marzena Miszkiewicz z Zak\u0142adu Karnego w K\u0142odzku, kpt Ma\u0142gorzata Kolbiasz z Plac\u00f3wki SG w K\u0142odzku, Piotr Wyst\u0119pski komendant SM w K\u0142odzku, mjr Marek Tomaszewski z WKU w K\u0142odzku, Bogdan Szkwarek z Nadle\u015bnictwa Bystrzyca K\u0142., Joanna Walaszczyk \u2013 dyrektor Biura Poselskiego Wicemin. Obrony Narodowej Micha\u0142a Dworczyka, harcmistrz Gra\u017cyna Br\u00f3\u017c z ZHP Komendy Hufca im. Sudeckiej Brygady WOP oraz dyrektorzy Szk\u00f3\u0142.<br \/>\nZmian\u0105 Warty Honorowej wystawionej przez 22 Karpacki Batalion Piechoty G\u00f3rskiej rozpocz\u0119\u0142a si\u0119 trzecia cz\u0119\u015b\u0107 uroczysto\u015bci, podczas kt\u00f3rej zosta\u0142y posadzone D\u0119by Pami\u0119ci i ods\u0142oni\u0119te pami\u0105tkowe tablice. Uroczysto\u015b\u0107 zako\u0144czy\u0142a si\u0119 ekspozycj\u0105 wystawy IPN o tematyce katy\u0144skiej i pami\u0105tek zgromadzonych przez rodziny.<\/p>\n","protected":false},"excerpt":{"rendered":"<p>\u201eGwarantem istnienia narodu jest pami\u0119\u0107, o jego przesz\u0142o\u015bci i jego bohaterach.\u201d 7 kwietnia 2017 r. w Zespole Szk\u00f3\u0142 Ponadgimnazjalnych nr 1 im. prof. Wac\u0142awa \u017benczykowskiego w K\u0142odzku (obecnie Zesp\u00f3\u0142 Szk\u00f3\u0142 Technicznych w K\u0142odzku) mia\u0142o miejsce wa\u017cne wydarzenie patriotyczne \u2013 uroczyste &hellip; <a href=\"https:\/\/zst.klodzko.pl\/zst\/4-rocznica-posadzenia-debow-pamieci\/\">Czytaj dalej <span class=\"meta-nav\">&rarr;<\/span><\/a><\/p>\n","protected":false},"author":1,"featured_media":0,"comment_status":"closed","ping_status":"closed","sticky":false,"template":"","format":"standard","meta":{"footnotes":""},"categories":[1],"tags":[],"class_list":["post-15105","post","type-post","status-publish","format-standard","hentry","category-aktualnosci"],"yoast_head":"<!-- This site is optimized with the Yoast SEO plugin v27.4 - https:\/\/yoast.com\/product\/yoast-seo-wordpress\/ -->\n<title>4. rocznica posadzenia D\u0119b\u00f3w Pami\u0119ci dla upami\u0119tnienia Ofiar Zbrodni Katy\u0144skiej &#8212; Zesp\u00f3\u0142 Szk\u00f3\u0142 Technicznych w K\u0142odzku<\/title>\n<meta name=\"robots\" content=\"index, follow, max-snippet:-1, max-image-preview:large, max-video-preview:-1\" \/>\n<link rel=\"canonical\" href=\"https:\/\/zst.klodzko.pl\/zst\/4-rocznica-posadzenia-debow-pamieci\/\" \/>\n<meta property=\"og:locale\" content=\"pl_PL\" \/>\n<meta property=\"og:type\" content=\"article\" \/>\n<meta property=\"og:title\" content=\"4. rocznica posadzenia D\u0119b\u00f3w Pami\u0119ci dla upami\u0119tnienia Ofiar Zbrodni Katy\u0144skiej &#8212; Zesp\u00f3\u0142 Szk\u00f3\u0142 Technicznych w K\u0142odzku\" \/>\n<meta property=\"og:description\" content=\"\u201eGwarantem istnienia narodu jest pami\u0119\u0107, o jego przesz\u0142o\u015bci i jego bohaterach.\u201d 7 kwietnia 2017 r. w Zespole Szk\u00f3\u0142 Ponadgimnazjalnych nr 1 im. prof. Wac\u0142awa \u017benczykowskiego w K\u0142odzku (obecnie Zesp\u00f3\u0142 Szk\u00f3\u0142 Technicznych w K\u0142odzku) mia\u0142o miejsce wa\u017cne wydarzenie patriotyczne \u2013 uroczyste &hellip; Czytaj dalej &rarr;\" \/>\n<meta property=\"og:url\" content=\"https:\/\/zst.klodzko.pl\/zst\/4-rocznica-posadzenia-debow-pamieci\/\" \/>\n<meta property=\"og:site_name\" content=\"Zesp\u00f3\u0142 Szk\u00f3\u0142 Technicznych w K\u0142odzku\" \/>\n<meta property=\"article:publisher\" content=\"https:\/\/www.facebook.com\/zst.klodzko\" \/>\n<meta property=\"article:published_time\" content=\"2021-04-13T18:44:47+00:00\" \/>\n<meta property=\"article:modified_time\" content=\"2021-04-13T19:03:50+00:00\" \/>\n<meta property=\"og:image\" content=\"https:\/\/zst.klodzko.pl\/zst\/wp-content\/uploads\/2021\/04\/1.png\" \/>\n<meta name=\"author\" content=\"Aktualno\u015bci \u201eBUDOWLANKI\u201d\" \/>\n<meta name=\"twitter:card\" content=\"summary_large_image\" \/>\n<meta name=\"twitter:creator\" content=\"@Budowlanka_ZST\" \/>\n<meta name=\"twitter:site\" content=\"@Budowlanka_ZST\" \/>\n<meta name=\"twitter:label1\" content=\"Napisane przez\" \/>\n\t<meta name=\"twitter:data1\" content=\"Aktualno\u015bci \u201eBUDOWLANKI\u201d\" \/>\n\t<meta name=\"twitter:label2\" content=\"Szacowany czas czytania\" \/>\n\t<meta name=\"twitter:data2\" content=\"3 minuty\" \/>\n<script type=\"application\/ld+json\" class=\"yoast-schema-graph\">{\"@context\":\"https:\\\/\\\/schema.org\",\"@graph\":[{\"@type\":\"Article\",\"@id\":\"https:\\\/\\\/zst.klodzko.pl\\\/zst\\\/4-rocznica-posadzenia-debow-pamieci\\\/#article\",\"isPartOf\":{\"@id\":\"https:\\\/\\\/zst.klodzko.pl\\\/zst\\\/4-rocznica-posadzenia-debow-pamieci\\\/\"},\"author\":{\"name\":\"Aktualno\u015bci \u201eBUDOWLANKI\u201d\",\"@id\":\"https:\\\/\\\/zst.klodzko.pl\\\/zst\\\/#\\\/schema\\\/person\\\/7ad3759462b88dca0c831372a7f5c825\"},\"headline\":\"4. rocznica posadzenia D\u0119b\u00f3w Pami\u0119ci dla upami\u0119tnienia Ofiar Zbrodni Katy\u0144skiej\",\"datePublished\":\"2021-04-13T18:44:47+00:00\",\"dateModified\":\"2021-04-13T19:03:50+00:00\",\"mainEntityOfPage\":{\"@id\":\"https:\\\/\\\/zst.klodzko.pl\\\/zst\\\/4-rocznica-posadzenia-debow-pamieci\\\/\"},\"wordCount\":683,\"publisher\":{\"@id\":\"https:\\\/\\\/zst.klodzko.pl\\\/zst\\\/#organization\"},\"image\":{\"@id\":\"https:\\\/\\\/zst.klodzko.pl\\\/zst\\\/4-rocznica-posadzenia-debow-pamieci\\\/#primaryimage\"},\"thumbnailUrl\":\"https:\\\/\\\/zst.klodzko.pl\\\/zst\\\/wp-content\\\/uploads\\\/2021\\\/04\\\/1.png\",\"articleSection\":[\"Aktualno\u015bci\"],\"inLanguage\":\"pl-PL\"},{\"@type\":\"WebPage\",\"@id\":\"https:\\\/\\\/zst.klodzko.pl\\\/zst\\\/4-rocznica-posadzenia-debow-pamieci\\\/\",\"url\":\"https:\\\/\\\/zst.klodzko.pl\\\/zst\\\/4-rocznica-posadzenia-debow-pamieci\\\/\",\"name\":\"4. rocznica posadzenia D\u0119b\u00f3w Pami\u0119ci dla upami\u0119tnienia Ofiar Zbrodni Katy\u0144skiej &#8212; Zesp\u00f3\u0142 Szk\u00f3\u0142 Technicznych w K\u0142odzku\",\"isPartOf\":{\"@id\":\"https:\\\/\\\/zst.klodzko.pl\\\/zst\\\/#website\"},\"primaryImageOfPage\":{\"@id\":\"https:\\\/\\\/zst.klodzko.pl\\\/zst\\\/4-rocznica-posadzenia-debow-pamieci\\\/#primaryimage\"},\"image\":{\"@id\":\"https:\\\/\\\/zst.klodzko.pl\\\/zst\\\/4-rocznica-posadzenia-debow-pamieci\\\/#primaryimage\"},\"thumbnailUrl\":\"https:\\\/\\\/zst.klodzko.pl\\\/zst\\\/wp-content\\\/uploads\\\/2021\\\/04\\\/1.png\",\"datePublished\":\"2021-04-13T18:44:47+00:00\",\"dateModified\":\"2021-04-13T19:03:50+00:00\",\"breadcrumb\":{\"@id\":\"https:\\\/\\\/zst.klodzko.pl\\\/zst\\\/4-rocznica-posadzenia-debow-pamieci\\\/#breadcrumb\"},\"inLanguage\":\"pl-PL\",\"potentialAction\":[{\"@type\":\"ReadAction\",\"target\":[\"https:\\\/\\\/zst.klodzko.pl\\\/zst\\\/4-rocznica-posadzenia-debow-pamieci\\\/\"]}]},{\"@type\":\"ImageObject\",\"inLanguage\":\"pl-PL\",\"@id\":\"https:\\\/\\\/zst.klodzko.pl\\\/zst\\\/4-rocznica-posadzenia-debow-pamieci\\\/#primaryimage\",\"url\":\"https:\\\/\\\/zst.klodzko.pl\\\/zst\\\/wp-content\\\/uploads\\\/2021\\\/04\\\/1.png\",\"contentUrl\":\"https:\\\/\\\/zst.klodzko.pl\\\/zst\\\/wp-content\\\/uploads\\\/2021\\\/04\\\/1.png\",\"width\":512,\"height\":285,\"caption\":\"Rocznica posadzenia D\u0119b\u00f3w Pami\u0119ci\"},{\"@type\":\"BreadcrumbList\",\"@id\":\"https:\\\/\\\/zst.klodzko.pl\\\/zst\\\/4-rocznica-posadzenia-debow-pamieci\\\/#breadcrumb\",\"itemListElement\":[{\"@type\":\"ListItem\",\"position\":1,\"name\":\"Strona g\u0142\u00f3wna\",\"item\":\"https:\\\/\\\/zst.klodzko.pl\\\/zst\\\/\"},{\"@type\":\"ListItem\",\"position\":2,\"name\":\"4. rocznica posadzenia D\u0119b\u00f3w Pami\u0119ci dla upami\u0119tnienia Ofiar Zbrodni Katy\u0144skiej\"}]},{\"@type\":\"WebSite\",\"@id\":\"https:\\\/\\\/zst.klodzko.pl\\\/zst\\\/#website\",\"url\":\"https:\\\/\\\/zst.klodzko.pl\\\/zst\\\/\",\"name\":\"Zesp\u00f3\u0142 Szk\u00f3\u0142 Technicznych w K\u0142odzku\",\"description\":\"Oficjalna strona ZST w K\u0142odzku (dawniej ZSP nr 1 w K\u0142odzku) - Budowlanka\",\"publisher\":{\"@id\":\"https:\\\/\\\/zst.klodzko.pl\\\/zst\\\/#organization\"},\"potentialAction\":[{\"@type\":\"SearchAction\",\"target\":{\"@type\":\"EntryPoint\",\"urlTemplate\":\"https:\\\/\\\/zst.klodzko.pl\\\/zst\\\/?s={search_term_string}\"},\"query-input\":{\"@type\":\"PropertyValueSpecification\",\"valueRequired\":true,\"valueName\":\"search_term_string\"}}],\"inLanguage\":\"pl-PL\"},{\"@type\":\"Organization\",\"@id\":\"https:\\\/\\\/zst.klodzko.pl\\\/zst\\\/#organization\",\"name\":\"Zesp\u00f3\u0142 Szk\u00f3\u0142 Technicznych w K\u0142odzku\",\"url\":\"https:\\\/\\\/zst.klodzko.pl\\\/zst\\\/\",\"logo\":{\"@type\":\"ImageObject\",\"inLanguage\":\"pl-PL\",\"@id\":\"https:\\\/\\\/zst.klodzko.pl\\\/zst\\\/#\\\/schema\\\/logo\\\/image\\\/\",\"url\":\"https:\\\/\\\/zst.klodzko.pl\\\/zst\\\/wp-content\\\/uploads\\\/2018\\\/05\\\/patron_bud.png\",\"contentUrl\":\"https:\\\/\\\/zst.klodzko.pl\\\/zst\\\/wp-content\\\/uploads\\\/2018\\\/05\\\/patron_bud.png\",\"width\":208,\"height\":205,\"caption\":\"Zesp\u00f3\u0142 Szk\u00f3\u0142 Technicznych w K\u0142odzku\"},\"image\":{\"@id\":\"https:\\\/\\\/zst.klodzko.pl\\\/zst\\\/#\\\/schema\\\/logo\\\/image\\\/\"},\"sameAs\":[\"https:\\\/\\\/www.facebook.com\\\/zst.klodzko\",\"https:\\\/\\\/x.com\\\/Budowlanka_ZST\",\"https:\\\/\\\/www.youtube.com\\\/channel\\\/UCueLhwUV3X9Ph8PMH7j4ugA\",\"https:\\\/\\\/pl.wikipedia.org\\\/wiki\\\/Zesp\u00f3\u0142_Szk\u00f3\u0142_Technicznych_w_K\u0142odzku\"]},{\"@type\":\"Person\",\"@id\":\"https:\\\/\\\/zst.klodzko.pl\\\/zst\\\/#\\\/schema\\\/person\\\/7ad3759462b88dca0c831372a7f5c825\",\"name\":\"Aktualno\u015bci \u201eBUDOWLANKI\u201d\"}]}<\/script>\n<!-- \/ Yoast SEO plugin. -->","yoast_head_json":{"title":"4. rocznica posadzenia D\u0119b\u00f3w Pami\u0119ci dla upami\u0119tnienia Ofiar Zbrodni Katy\u0144skiej &#8212; Zesp\u00f3\u0142 Szk\u00f3\u0142 Technicznych w K\u0142odzku","robots":{"index":"index","follow":"follow","max-snippet":"max-snippet:-1","max-image-preview":"max-image-preview:large","max-video-preview":"max-video-preview:-1"},"canonical":"https:\/\/zst.klodzko.pl\/zst\/4-rocznica-posadzenia-debow-pamieci\/","og_locale":"pl_PL","og_type":"article","og_title":"4. rocznica posadzenia D\u0119b\u00f3w Pami\u0119ci dla upami\u0119tnienia Ofiar Zbrodni Katy\u0144skiej &#8212; Zesp\u00f3\u0142 Szk\u00f3\u0142 Technicznych w K\u0142odzku","og_description":"\u201eGwarantem istnienia narodu jest pami\u0119\u0107, o jego przesz\u0142o\u015bci i jego bohaterach.\u201d 7 kwietnia 2017 r. w Zespole Szk\u00f3\u0142 Ponadgimnazjalnych nr 1 im. prof. Wac\u0142awa \u017benczykowskiego w K\u0142odzku (obecnie Zesp\u00f3\u0142 Szk\u00f3\u0142 Technicznych w K\u0142odzku) mia\u0142o miejsce wa\u017cne wydarzenie patriotyczne \u2013 uroczyste &hellip; Czytaj dalej &rarr;","og_url":"https:\/\/zst.klodzko.pl\/zst\/4-rocznica-posadzenia-debow-pamieci\/","og_site_name":"Zesp\u00f3\u0142 Szk\u00f3\u0142 Technicznych w K\u0142odzku","article_publisher":"https:\/\/www.facebook.com\/zst.klodzko","article_published_time":"2021-04-13T18:44:47+00:00","article_modified_time":"2021-04-13T19:03:50+00:00","og_image":[{"url":"https:\/\/zst.klodzko.pl\/zst\/wp-content\/uploads\/2021\/04\/1.png","type":"","width":"","height":""}],"author":"Aktualno\u015bci \u201eBUDOWLANKI\u201d","twitter_card":"summary_large_image","twitter_creator":"@Budowlanka_ZST","twitter_site":"@Budowlanka_ZST","twitter_misc":{"Napisane przez":"Aktualno\u015bci \u201eBUDOWLANKI\u201d","Szacowany czas czytania":"3 minuty"},"schema":{"@context":"https:\/\/schema.org","@graph":[{"@type":"Article","@id":"https:\/\/zst.klodzko.pl\/zst\/4-rocznica-posadzenia-debow-pamieci\/#article","isPartOf":{"@id":"https:\/\/zst.klodzko.pl\/zst\/4-rocznica-posadzenia-debow-pamieci\/"},"author":{"name":"Aktualno\u015bci \u201eBUDOWLANKI\u201d","@id":"https:\/\/zst.klodzko.pl\/zst\/#\/schema\/person\/7ad3759462b88dca0c831372a7f5c825"},"headline":"4. rocznica posadzenia D\u0119b\u00f3w Pami\u0119ci dla upami\u0119tnienia Ofiar Zbrodni Katy\u0144skiej","datePublished":"2021-04-13T18:44:47+00:00","dateModified":"2021-04-13T19:03:50+00:00","mainEntityOfPage":{"@id":"https:\/\/zst.klodzko.pl\/zst\/4-rocznica-posadzenia-debow-pamieci\/"},"wordCount":683,"publisher":{"@id":"https:\/\/zst.klodzko.pl\/zst\/#organization"},"image":{"@id":"https:\/\/zst.klodzko.pl\/zst\/4-rocznica-posadzenia-debow-pamieci\/#primaryimage"},"thumbnailUrl":"https:\/\/zst.klodzko.pl\/zst\/wp-content\/uploads\/2021\/04\/1.png","articleSection":["Aktualno\u015bci"],"inLanguage":"pl-PL"},{"@type":"WebPage","@id":"https:\/\/zst.klodzko.pl\/zst\/4-rocznica-posadzenia-debow-pamieci\/","url":"https:\/\/zst.klodzko.pl\/zst\/4-rocznica-posadzenia-debow-pamieci\/","name":"4. rocznica posadzenia D\u0119b\u00f3w Pami\u0119ci dla upami\u0119tnienia Ofiar Zbrodni Katy\u0144skiej &#8212; Zesp\u00f3\u0142 Szk\u00f3\u0142 Technicznych w K\u0142odzku","isPartOf":{"@id":"https:\/\/zst.klodzko.pl\/zst\/#website"},"primaryImageOfPage":{"@id":"https:\/\/zst.klodzko.pl\/zst\/4-rocznica-posadzenia-debow-pamieci\/#primaryimage"},"image":{"@id":"https:\/\/zst.klodzko.pl\/zst\/4-rocznica-posadzenia-debow-pamieci\/#primaryimage"},"thumbnailUrl":"https:\/\/zst.klodzko.pl\/zst\/wp-content\/uploads\/2021\/04\/1.png","datePublished":"2021-04-13T18:44:47+00:00","dateModified":"2021-04-13T19:03:50+00:00","breadcrumb":{"@id":"https:\/\/zst.klodzko.pl\/zst\/4-rocznica-posadzenia-debow-pamieci\/#breadcrumb"},"inLanguage":"pl-PL","potentialAction":[{"@type":"ReadAction","target":["https:\/\/zst.klodzko.pl\/zst\/4-rocznica-posadzenia-debow-pamieci\/"]}]},{"@type":"ImageObject","inLanguage":"pl-PL","@id":"https:\/\/zst.klodzko.pl\/zst\/4-rocznica-posadzenia-debow-pamieci\/#primaryimage","url":"https:\/\/zst.klodzko.pl\/zst\/wp-content\/uploads\/2021\/04\/1.png","contentUrl":"https:\/\/zst.klodzko.pl\/zst\/wp-content\/uploads\/2021\/04\/1.png","width":512,"height":285,"caption":"Rocznica posadzenia D\u0119b\u00f3w Pami\u0119ci"},{"@type":"BreadcrumbList","@id":"https:\/\/zst.klodzko.pl\/zst\/4-rocznica-posadzenia-debow-pamieci\/#breadcrumb","itemListElement":[{"@type":"ListItem","position":1,"name":"Strona g\u0142\u00f3wna","item":"https:\/\/zst.klodzko.pl\/zst\/"},{"@type":"ListItem","position":2,"name":"4. rocznica posadzenia D\u0119b\u00f3w Pami\u0119ci dla upami\u0119tnienia Ofiar Zbrodni Katy\u0144skiej"}]},{"@type":"WebSite","@id":"https:\/\/zst.klodzko.pl\/zst\/#website","url":"https:\/\/zst.klodzko.pl\/zst\/","name":"Zesp\u00f3\u0142 Szk\u00f3\u0142 Technicznych w K\u0142odzku","description":"Oficjalna strona ZST w K\u0142odzku (dawniej ZSP nr 1 w K\u0142odzku) - Budowlanka","publisher":{"@id":"https:\/\/zst.klodzko.pl\/zst\/#organization"},"potentialAction":[{"@type":"SearchAction","target":{"@type":"EntryPoint","urlTemplate":"https:\/\/zst.klodzko.pl\/zst\/?s={search_term_string}"},"query-input":{"@type":"PropertyValueSpecification","valueRequired":true,"valueName":"search_term_string"}}],"inLanguage":"pl-PL"},{"@type":"Organization","@id":"https:\/\/zst.klodzko.pl\/zst\/#organization","name":"Zesp\u00f3\u0142 Szk\u00f3\u0142 Technicznych w K\u0142odzku","url":"https:\/\/zst.klodzko.pl\/zst\/","logo":{"@type":"ImageObject","inLanguage":"pl-PL","@id":"https:\/\/zst.klodzko.pl\/zst\/#\/schema\/logo\/image\/","url":"https:\/\/zst.klodzko.pl\/zst\/wp-content\/uploads\/2018\/05\/patron_bud.png","contentUrl":"https:\/\/zst.klodzko.pl\/zst\/wp-content\/uploads\/2018\/05\/patron_bud.png","width":208,"height":205,"caption":"Zesp\u00f3\u0142 Szk\u00f3\u0142 Technicznych w K\u0142odzku"},"image":{"@id":"https:\/\/zst.klodzko.pl\/zst\/#\/schema\/logo\/image\/"},"sameAs":["https:\/\/www.facebook.com\/zst.klodzko","https:\/\/x.com\/Budowlanka_ZST","https:\/\/www.youtube.com\/channel\/UCueLhwUV3X9Ph8PMH7j4ugA","https:\/\/pl.wikipedia.org\/wiki\/Zesp\u00f3\u0142_Szk\u00f3\u0142_Technicznych_w_K\u0142odzku"]},{"@type":"Person","@id":"https:\/\/zst.klodzko.pl\/zst\/#\/schema\/person\/7ad3759462b88dca0c831372a7f5c825","name":"Aktualno\u015bci \u201eBUDOWLANKI\u201d"}]}},"_links":{"self":[{"href":"https:\/\/zst.klodzko.pl\/zst\/wp-json\/wp\/v2\/posts\/15105","targetHints":{"allow":["GET"]}}],"collection":[{"href":"https:\/\/zst.klodzko.pl\/zst\/wp-json\/wp\/v2\/posts"}],"about":[{"href":"https:\/\/zst.klodzko.pl\/zst\/wp-json\/wp\/v2\/types\/post"}],"author":[{"embeddable":true,"href":"https:\/\/zst.klodzko.pl\/zst\/wp-json\/wp\/v2\/users\/1"}],"replies":[{"embeddable":true,"href":"https:\/\/zst.klodzko.pl\/zst\/wp-json\/wp\/v2\/comments?post=15105"}],"version-history":[{"count":7,"href":"https:\/\/zst.klodzko.pl\/zst\/wp-json\/wp\/v2\/posts\/15105\/revisions"}],"predecessor-version":[{"id":15114,"href":"https:\/\/zst.klodzko.pl\/zst\/wp-json\/wp\/v2\/posts\/15105\/revisions\/15114"}],"wp:attachment":[{"href":"https:\/\/zst.klodzko.pl\/zst\/wp-json\/wp\/v2\/media?parent=15105"}],"wp:term":[{"taxonomy":"category","embeddable":true,"href":"https:\/\/zst.klodzko.pl\/zst\/wp-json\/wp\/v2\/categories?post=15105"},{"taxonomy":"post_tag","embeddable":true,"href":"https:\/\/zst.klodzko.pl\/zst\/wp-json\/wp\/v2\/tags?post=15105"}],"curies":[{"name":"wp","href":"https:\/\/api.w.org\/{rel}","templated":true}]}}