{"id":15438,"date":"2025-05-01T22:01:23","date_gmt":"2025-05-01T20:01:23","guid":{"rendered":"https:\/\/zst.klodzko.pl\/zst\/?p=15438"},"modified":"2025-05-01T08:32:32","modified_gmt":"2025-05-01T06:32:32","slug":"2-maja-obchodzimy-dzien-flagi-rzeczypospolitej-polskiej","status":"publish","type":"post","link":"https:\/\/zst.klodzko.pl\/zst\/2-maja-obchodzimy-dzien-flagi-rzeczypospolitej-polskiej\/","title":{"rendered":"2 maja obchodzimy Dzie\u0144 Flagi Rzeczypospolitej Polskiej"},"content":{"rendered":"<p><img fetchpriority=\"high\" decoding=\"async\" class=\"size-full wp-image-15439 aligncenter\" src=\"https:\/\/zst.klodzko.pl\/zst\/wp-content\/uploads\/2021\/05\/Dzien-Flagi-Rzeczypospolitej-Polskiej_.jpg\" alt=\"Dzie\u0144 Flagi Rzeczypospolitej Polskiej\" width=\"1000\" height=\"525\" srcset=\"https:\/\/zst.klodzko.pl\/zst\/wp-content\/uploads\/2021\/05\/Dzien-Flagi-Rzeczypospolitej-Polskiej_.jpg 1000w, https:\/\/zst.klodzko.pl\/zst\/wp-content\/uploads\/2021\/05\/Dzien-Flagi-Rzeczypospolitej-Polskiej_-300x158.jpg 300w, https:\/\/zst.klodzko.pl\/zst\/wp-content\/uploads\/2021\/05\/Dzien-Flagi-Rzeczypospolitej-Polskiej_-768x403.jpg 768w, https:\/\/zst.klodzko.pl\/zst\/wp-content\/uploads\/2021\/05\/Dzien-Flagi-Rzeczypospolitej-Polskiej_-500x263.jpg 500w\" sizes=\"(max-width: 1000px) 100vw, 1000px\" \/><\/p>\n<p>2 maja obchodzimy <strong>Dzie\u0144 Flagi Rzeczypospolitej Polskiej<\/strong>. To \u015bwi\u0119to wprowadzone na mocy ustawy z 20 lutego 2004 roku. Ulice w tym b\u0119d\u0105 dniu przystrojone narodowymi barwami. Co one oznaczaj\u0105? O czym pami\u0119ta\u0107 wywieszaj\u0105c polsk\u0105 flag\u0119?<\/p>\n<p><!--more--><\/p>\n<p>Powiewaj\u0105ca bia\u0142o-czerwona\u00a0flaga jest jednym z najwa\u017cniejszych symboli naszego narodu.\u00a0Od setek lat towarzyszy Polakom podczas donios\u0142ych uroczysto\u015bci i wydarze\u0144 sportowych. Niegdy\u015b by\u0142a obecna na polach bitew.\u00a0Nale\u017cy otoczy\u0107 j\u0105 nale\u017cytym szacunkiem\u00a0i pozna\u0107 kilka prostych zasad jej u\u017cytkowania.<\/p>\n<p>&nbsp;<\/p>\n<h2>Jak wiesza\u0107 flag\u0119?<\/h2>\n<p>Wi\u0119kszo\u015b\u0107 z nas my\u015bl\u0105c o polskiej fladze ma przed oczami bia\u0142o-czerwony prostok\u0105t. Jest jeszcze jeden rodzaj flagi,\u00a0z god\u0142em RP na bia\u0142ym pasie.Ten drugi mo\u017ce by\u0107 wykorzystywany jedynie przez\u00a0oficjalne przedstawicielstwa kraju za granic\u0105, cywilne lotniska i samoloty, kapitanaty port\u00f3w oraz polskie statki morskie. Tak stanowi ustawa. Je\u017celi czujemy w sobie ducha patrioty i chcemy wywiesi\u0107 polsk\u0105 flag\u0119 &#8211;\u00a0powinni\u015bmy wybra\u0107 t\u0119 bez god\u0142a. Flaga nigdy nie powinna dotyka\u0107 ziemi,\u00a0bo takie s\u0105 zasady tzw. etykiety flagowej. Na stronie NIK-u z\u00a02005 roku s\u0105 zamieszczone wyniki bada\u0144 realizacji ustawy o\u00a0godle oraz przewodnik po pos\u0142ugiwaniu si\u0119 naszymi znakami. Na przyk\u0142ad, je\u015bli jest silny wiatr, to powinni\u015bmy zdj\u0105\u0107 flag\u0119, \u017ceby flaga nie zosta\u0142a zerwana. Je\u017celi flaga zawija si\u0119 na maszcie, powinni\u015bmy j\u0105 odwin\u0105\u0107. Przy wci\u0105ganiu flagi na maszt, nale\u017cy to robi\u0107 powoli oraz dostojnie, powinni\u015bmy r\u00f3wnie\u017c od\u015bpiewa\u0107 hymn. Nale\u017cy pami\u0119ta\u0107, \u017ce wywieszana przez nas flaga powinna by\u0107\u00a0czysta i wyprasowana. Nie mo\u017ce by\u0107 brudna, podarta, pomazana ani postrz\u0119piona. Je\u017celi wywieszamy j\u0105 na maszt &#8211; musi by\u0107 na samym szczycie. Nie mo\u017ce by\u0107 zamoczona w wodzie, ani dotyka\u0107 pod\u0142o\u017ca. Nie wolno te\u017c pisa\u0107 po fladze oraz jej ozdabia\u0107.<\/p>\n<p>&nbsp;<\/p>\n<h2>Dlaczego bia\u0142o-czerwona?<\/h2>\n<p>Flaga narodowa jest \u015bci\u015ble powi\u0105zana z god\u0142em, kt\u00f3rego barwy w\u0142a\u015bnie odzwierciedla.\u00a0Bia\u0142y pas odnosi si\u0119 do or\u0142a, a obszar czerwony nawi\u0105zuje do tarczy herbowej.\u00a0Narodowa biel i czerwie\u0144 po raz pierwszy pojawi\u0142a si\u0119 podczas obchod\u00f3w 1. rocznicy uchwalenia Konstytucji 3 maja. W\u00f3wczas, m\u0119\u017cczy\u017ani mieli bia\u0142o-czerwone szarfy, a kobiety &#8211; wst\u0119gi. W tym roku\u00a0flaga Polski obchodzi swoje 102. urodziny, poniewa\u017c oficjalnie zosta\u0142a ustanowiona przez ustaw\u0119 z 1. sierpnia 1919 roku.\u00a0W 1980 ostatecznie okre\u015blono odcienie barw. Biel i czerwie\u0144 to potoczne okre\u015blenia. Wed\u0142ug dokumentu,\u00a0czerwie\u0144 to tak naprawd\u0119 karmazyn, a\u00a0biel &#8211; srebrna barwa herbowego ptaka.<\/p>\n<p>&nbsp;<\/p>\n<h2>Flagi podobne do naszej<\/h2>\n<p>Flag\u0119 posiada ka\u017cde pa\u0144stwo, niezale\u017cnie czy jest uznane przez ONZ, czy nie. W\u015br\u00f3d setek wzor\u00f3w przer\u00f3\u017cnych flag znalaz\u0142y si\u0119 i te, kt\u00f3re w mniejszym, lub wi\u0119kszym stopniu kojarz\u0105 nam si\u0119 z t\u0105 polsk\u0105. Indonezja i Monako to kraje, kt\u00f3re mog\u0105 si\u0119 pochwali\u0107 czerwono-bia\u0142ymi flagami, a wi\u0119c odwrotnymi do flagi RP. R\u00f3zne s\u0105 te\u017c odcienie barw.<\/p>\n<p><img decoding=\"async\" class=\"size-full wp-image-15440 aligncenter\" src=\"https:\/\/zst.klodzko.pl\/zst\/wp-content\/uploads\/2021\/05\/flagi.jpg\" alt=\"Por\u00f3wnanie flagi Polski i Indonezji\" width=\"625\" height=\"237\" srcset=\"https:\/\/zst.klodzko.pl\/zst\/wp-content\/uploads\/2021\/05\/flagi.jpg 625w, https:\/\/zst.klodzko.pl\/zst\/wp-content\/uploads\/2021\/05\/flagi-300x114.jpg 300w, https:\/\/zst.klodzko.pl\/zst\/wp-content\/uploads\/2021\/05\/flagi-500x190.jpg 500w\" sizes=\"(max-width: 625px) 100vw, 625px\" \/><\/p>\n<p>Mimo \u017ce wszystkie flagi s\u0105 w pewnym stopniu podobne, to ka\u017cda z nich posiada\u00a0<strong>zupe\u0142nie inny format:<\/strong><\/p>\n<ul>\n<li><strong>flaga Polski &#8211; format 5:8<\/strong><\/li>\n<li><strong>flaga Monako &#8211; format 4:5<\/strong><\/li>\n<li><strong>flaga Indonezji &#8211; format 2:3<\/strong><\/li>\n<\/ul>\n<p>&nbsp;<\/p>\n<p>Istnieje specjalna nauka zajmuj\u0105ca si\u0119 flagami, znakami wojskowymi, terytorialnymi, itp. To\u00a0<strong>weksylologia\u00a0<\/strong>&#8211; od \u0142aci\u0144skiego\u00a0<em>vexillum<\/em>, czyli\u00a0<em>sztandar, chor\u0105giew<\/em>. Uznaje si\u0119 j\u0105 za dyscyplin\u0119 pomocnicz\u0105 historii powi\u0105zan\u0105 z heraldyk\u0105.<\/p>\n<p>&nbsp;<\/p>\n<h2>Historia polskiej flagi i inne symbole narodowe<\/h2>\n<p><img decoding=\"async\" class=\"alignleft wp-image-15442 size-medium\" src=\"https:\/\/zst.klodzko.pl\/zst\/wp-content\/uploads\/2021\/05\/Godlo-Rzeczypospolitej-Polskiej-254x300.png\" alt=\"God\u0142o Rzeczypospolitej Polskiej\" width=\"254\" height=\"300\" srcset=\"https:\/\/zst.klodzko.pl\/zst\/wp-content\/uploads\/2021\/05\/Godlo-Rzeczypospolitej-Polskiej-254x300.png 254w, https:\/\/zst.klodzko.pl\/zst\/wp-content\/uploads\/2021\/05\/Godlo-Rzeczypospolitej-Polskiej.png 498w\" sizes=\"(max-width: 254px) 100vw, 254px\" \/><\/p>\n<p>Aby pozna\u0107 histori\u0119 bia\u0142o-czerwonej flagi, nale\u017cy wr\u00f3ci\u0107 do 3 maja 1792 roku. Biel i czerwie\u0144 ustanowiono w\u00f3wczas narodowymi barwami naszego kraju. Dopiero 7 lutego 1831 roku uregulowano t\u0119 kwesti\u0119 ustaw\u0105 Sejmu Kr\u00f3lestwa Polskiego. Wizerunek polskich barw narodowych oraz wygl\u0105d flagi uregulowano ustaw\u0105 z dnia 1 sierpnia 1919 roku. Dokument ten zawiera\u0142 opis polskiej flagi, jako sk\u0142adaj\u0105cej si\u0119 z dw\u00f3ch prostok\u0105t\u00f3w w kolorze bia\u0142ym i czerwonym. Dwa lata p\u00f3\u017aniej\u00a0sprecyzowano kolor czerwieni jako karmazynowy, a w 1927 roku zmieniono go na\u00a0cynober. Zgodnie z art. 1 ustawy o godle, barwach i hymnie Rzeczypospolitej Polskiej oraz o piecz\u0119ciach pa\u0144stwowych:\u00a0orze\u0142 bia\u0142y, bia\u0142o-czerwone barwy i &#8220;Mazurek D\u0105browskiego&#8221; s\u0105 symbolami Rzeczypospolitej Polskiej.\u00a0 <em>Symbole Rzeczypospolitej Polskiej\u00a0pozostaj\u0105 pod szczeg\u00f3ln\u0105 ochron\u0105 prawa, przewidzian\u0105 w odr\u0119bnych przepisach, a otaczanie tych symboli czci\u0105 i szacunkiem jest prawem i obowi\u0105zkiem ka\u017cdego obywatela Rzeczypospolitej Polskiej oraz wszystkich organ\u00f3w pa\u0144stwowych, instytucji i organizacji.<\/em>\u00a0&#8211;\u00a0czytamy na stronie gov.pl<\/p>\n","protected":false},"excerpt":{"rendered":"<p>2 maja obchodzimy Dzie\u0144 Flagi Rzeczypospolitej Polskiej. To \u015bwi\u0119to wprowadzone na mocy ustawy z 20 lutego 2004 roku. Ulice w tym b\u0119d\u0105 dniu przystrojone narodowymi barwami. Co one oznaczaj\u0105? O czym pami\u0119ta\u0107 wywieszaj\u0105c polsk\u0105 flag\u0119?<\/p>\n","protected":false},"author":1,"featured_media":0,"comment_status":"closed","ping_status":"closed","sticky":false,"template":"","format":"standard","meta":{"footnotes":""},"categories":[1],"tags":[],"class_list":["post-15438","post","type-post","status-publish","format-standard","hentry","category-aktualnosci"],"yoast_head":"<!-- This site is optimized with the Yoast SEO plugin v27.4 - https:\/\/yoast.com\/product\/yoast-seo-wordpress\/ -->\n<title>2 maja obchodzimy Dzie\u0144 Flagi Rzeczypospolitej Polskiej &#8212; Zesp\u00f3\u0142 Szk\u00f3\u0142 Technicznych w K\u0142odzku<\/title>\n<meta name=\"robots\" content=\"index, follow, max-snippet:-1, max-image-preview:large, max-video-preview:-1\" \/>\n<link rel=\"canonical\" href=\"https:\/\/zst.klodzko.pl\/zst\/2-maja-obchodzimy-dzien-flagi-rzeczypospolitej-polskiej\/\" \/>\n<meta property=\"og:locale\" content=\"pl_PL\" \/>\n<meta property=\"og:type\" content=\"article\" \/>\n<meta property=\"og:title\" content=\"2 maja obchodzimy Dzie\u0144 Flagi Rzeczypospolitej Polskiej &#8212; Zesp\u00f3\u0142 Szk\u00f3\u0142 Technicznych w K\u0142odzku\" \/>\n<meta property=\"og:description\" content=\"2 maja obchodzimy Dzie\u0144 Flagi Rzeczypospolitej Polskiej. To \u015bwi\u0119to wprowadzone na mocy ustawy z 20 lutego 2004 roku. Ulice w tym b\u0119d\u0105 dniu przystrojone narodowymi barwami. Co one oznaczaj\u0105? O czym pami\u0119ta\u0107 wywieszaj\u0105c polsk\u0105 flag\u0119?\" \/>\n<meta property=\"og:url\" content=\"https:\/\/zst.klodzko.pl\/zst\/2-maja-obchodzimy-dzien-flagi-rzeczypospolitej-polskiej\/\" \/>\n<meta property=\"og:site_name\" content=\"Zesp\u00f3\u0142 Szk\u00f3\u0142 Technicznych w K\u0142odzku\" \/>\n<meta property=\"article:publisher\" content=\"https:\/\/www.facebook.com\/zst.klodzko\" \/>\n<meta property=\"article:published_time\" content=\"2025-05-01T20:01:23+00:00\" \/>\n<meta property=\"og:image\" content=\"https:\/\/zst.klodzko.pl\/zst\/wp-content\/uploads\/2021\/05\/Dzien-Flagi-Rzeczypospolitej-Polskiej_.jpg\" \/>\n\t<meta property=\"og:image:width\" content=\"1000\" \/>\n\t<meta property=\"og:image:height\" content=\"525\" \/>\n\t<meta property=\"og:image:type\" content=\"image\/jpeg\" \/>\n<meta name=\"author\" content=\"Aktualno\u015bci \u201eBUDOWLANKI\u201d\" \/>\n<meta name=\"twitter:card\" content=\"summary_large_image\" \/>\n<meta name=\"twitter:creator\" content=\"@Budowlanka_ZST\" \/>\n<meta name=\"twitter:site\" content=\"@Budowlanka_ZST\" \/>\n<meta name=\"twitter:label1\" content=\"Napisane przez\" \/>\n\t<meta name=\"twitter:data1\" content=\"Aktualno\u015bci \u201eBUDOWLANKI\u201d\" \/>\n\t<meta name=\"twitter:label2\" content=\"Szacowany czas czytania\" \/>\n\t<meta name=\"twitter:data2\" content=\"5 minut\" \/>\n<script type=\"application\/ld+json\" class=\"yoast-schema-graph\">{\"@context\":\"https:\\\/\\\/schema.org\",\"@graph\":[{\"@type\":\"Article\",\"@id\":\"https:\\\/\\\/zst.klodzko.pl\\\/zst\\\/2-maja-obchodzimy-dzien-flagi-rzeczypospolitej-polskiej\\\/#article\",\"isPartOf\":{\"@id\":\"https:\\\/\\\/zst.klodzko.pl\\\/zst\\\/2-maja-obchodzimy-dzien-flagi-rzeczypospolitej-polskiej\\\/\"},\"author\":{\"name\":\"Aktualno\u015bci \u201eBUDOWLANKI\u201d\",\"@id\":\"https:\\\/\\\/zst.klodzko.pl\\\/zst\\\/#\\\/schema\\\/person\\\/7ad3759462b88dca0c831372a7f5c825\"},\"headline\":\"2 maja obchodzimy Dzie\u0144 Flagi Rzeczypospolitej Polskiej\",\"datePublished\":\"2025-05-01T20:01:23+00:00\",\"mainEntityOfPage\":{\"@id\":\"https:\\\/\\\/zst.klodzko.pl\\\/zst\\\/2-maja-obchodzimy-dzien-flagi-rzeczypospolitej-polskiej\\\/\"},\"wordCount\":737,\"publisher\":{\"@id\":\"https:\\\/\\\/zst.klodzko.pl\\\/zst\\\/#organization\"},\"image\":{\"@id\":\"https:\\\/\\\/zst.klodzko.pl\\\/zst\\\/2-maja-obchodzimy-dzien-flagi-rzeczypospolitej-polskiej\\\/#primaryimage\"},\"thumbnailUrl\":\"https:\\\/\\\/zst.klodzko.pl\\\/zst\\\/wp-content\\\/uploads\\\/2021\\\/05\\\/Dzien-Flagi-Rzeczypospolitej-Polskiej_.jpg\",\"articleSection\":[\"Aktualno\u015bci\"],\"inLanguage\":\"pl-PL\"},{\"@type\":\"WebPage\",\"@id\":\"https:\\\/\\\/zst.klodzko.pl\\\/zst\\\/2-maja-obchodzimy-dzien-flagi-rzeczypospolitej-polskiej\\\/\",\"url\":\"https:\\\/\\\/zst.klodzko.pl\\\/zst\\\/2-maja-obchodzimy-dzien-flagi-rzeczypospolitej-polskiej\\\/\",\"name\":\"2 maja obchodzimy Dzie\u0144 Flagi Rzeczypospolitej Polskiej &#8212; Zesp\u00f3\u0142 Szk\u00f3\u0142 Technicznych w K\u0142odzku\",\"isPartOf\":{\"@id\":\"https:\\\/\\\/zst.klodzko.pl\\\/zst\\\/#website\"},\"primaryImageOfPage\":{\"@id\":\"https:\\\/\\\/zst.klodzko.pl\\\/zst\\\/2-maja-obchodzimy-dzien-flagi-rzeczypospolitej-polskiej\\\/#primaryimage\"},\"image\":{\"@id\":\"https:\\\/\\\/zst.klodzko.pl\\\/zst\\\/2-maja-obchodzimy-dzien-flagi-rzeczypospolitej-polskiej\\\/#primaryimage\"},\"thumbnailUrl\":\"https:\\\/\\\/zst.klodzko.pl\\\/zst\\\/wp-content\\\/uploads\\\/2021\\\/05\\\/Dzien-Flagi-Rzeczypospolitej-Polskiej_.jpg\",\"datePublished\":\"2025-05-01T20:01:23+00:00\",\"breadcrumb\":{\"@id\":\"https:\\\/\\\/zst.klodzko.pl\\\/zst\\\/2-maja-obchodzimy-dzien-flagi-rzeczypospolitej-polskiej\\\/#breadcrumb\"},\"inLanguage\":\"pl-PL\",\"potentialAction\":[{\"@type\":\"ReadAction\",\"target\":[\"https:\\\/\\\/zst.klodzko.pl\\\/zst\\\/2-maja-obchodzimy-dzien-flagi-rzeczypospolitej-polskiej\\\/\"]}]},{\"@type\":\"ImageObject\",\"inLanguage\":\"pl-PL\",\"@id\":\"https:\\\/\\\/zst.klodzko.pl\\\/zst\\\/2-maja-obchodzimy-dzien-flagi-rzeczypospolitej-polskiej\\\/#primaryimage\",\"url\":\"https:\\\/\\\/zst.klodzko.pl\\\/zst\\\/wp-content\\\/uploads\\\/2021\\\/05\\\/Dzien-Flagi-Rzeczypospolitej-Polskiej_.jpg\",\"contentUrl\":\"https:\\\/\\\/zst.klodzko.pl\\\/zst\\\/wp-content\\\/uploads\\\/2021\\\/05\\\/Dzien-Flagi-Rzeczypospolitej-Polskiej_.jpg\",\"width\":1000,\"height\":525,\"caption\":\"Dzie\u0144 Flagi Rzeczypospolitej Polskiej\"},{\"@type\":\"BreadcrumbList\",\"@id\":\"https:\\\/\\\/zst.klodzko.pl\\\/zst\\\/2-maja-obchodzimy-dzien-flagi-rzeczypospolitej-polskiej\\\/#breadcrumb\",\"itemListElement\":[{\"@type\":\"ListItem\",\"position\":1,\"name\":\"Strona g\u0142\u00f3wna\",\"item\":\"https:\\\/\\\/zst.klodzko.pl\\\/zst\\\/\"},{\"@type\":\"ListItem\",\"position\":2,\"name\":\"2 maja obchodzimy Dzie\u0144 Flagi Rzeczypospolitej Polskiej\"}]},{\"@type\":\"WebSite\",\"@id\":\"https:\\\/\\\/zst.klodzko.pl\\\/zst\\\/#website\",\"url\":\"https:\\\/\\\/zst.klodzko.pl\\\/zst\\\/\",\"name\":\"Zesp\u00f3\u0142 Szk\u00f3\u0142 Technicznych w K\u0142odzku\",\"description\":\"Oficjalna strona ZST w K\u0142odzku (dawniej ZSP nr 1 w K\u0142odzku) - Budowlanka\",\"publisher\":{\"@id\":\"https:\\\/\\\/zst.klodzko.pl\\\/zst\\\/#organization\"},\"potentialAction\":[{\"@type\":\"SearchAction\",\"target\":{\"@type\":\"EntryPoint\",\"urlTemplate\":\"https:\\\/\\\/zst.klodzko.pl\\\/zst\\\/?s={search_term_string}\"},\"query-input\":{\"@type\":\"PropertyValueSpecification\",\"valueRequired\":true,\"valueName\":\"search_term_string\"}}],\"inLanguage\":\"pl-PL\"},{\"@type\":\"Organization\",\"@id\":\"https:\\\/\\\/zst.klodzko.pl\\\/zst\\\/#organization\",\"name\":\"Zesp\u00f3\u0142 Szk\u00f3\u0142 Technicznych w K\u0142odzku\",\"url\":\"https:\\\/\\\/zst.klodzko.pl\\\/zst\\\/\",\"logo\":{\"@type\":\"ImageObject\",\"inLanguage\":\"pl-PL\",\"@id\":\"https:\\\/\\\/zst.klodzko.pl\\\/zst\\\/#\\\/schema\\\/logo\\\/image\\\/\",\"url\":\"https:\\\/\\\/zst.klodzko.pl\\\/zst\\\/wp-content\\\/uploads\\\/2018\\\/05\\\/patron_bud.png\",\"contentUrl\":\"https:\\\/\\\/zst.klodzko.pl\\\/zst\\\/wp-content\\\/uploads\\\/2018\\\/05\\\/patron_bud.png\",\"width\":208,\"height\":205,\"caption\":\"Zesp\u00f3\u0142 Szk\u00f3\u0142 Technicznych w K\u0142odzku\"},\"image\":{\"@id\":\"https:\\\/\\\/zst.klodzko.pl\\\/zst\\\/#\\\/schema\\\/logo\\\/image\\\/\"},\"sameAs\":[\"https:\\\/\\\/www.facebook.com\\\/zst.klodzko\",\"https:\\\/\\\/x.com\\\/Budowlanka_ZST\",\"https:\\\/\\\/www.youtube.com\\\/channel\\\/UCueLhwUV3X9Ph8PMH7j4ugA\",\"https:\\\/\\\/pl.wikipedia.org\\\/wiki\\\/Zesp\u00f3\u0142_Szk\u00f3\u0142_Technicznych_w_K\u0142odzku\"]},{\"@type\":\"Person\",\"@id\":\"https:\\\/\\\/zst.klodzko.pl\\\/zst\\\/#\\\/schema\\\/person\\\/7ad3759462b88dca0c831372a7f5c825\",\"name\":\"Aktualno\u015bci \u201eBUDOWLANKI\u201d\"}]}<\/script>\n<!-- \/ Yoast SEO plugin. -->","yoast_head_json":{"title":"2 maja obchodzimy Dzie\u0144 Flagi Rzeczypospolitej Polskiej &#8212; Zesp\u00f3\u0142 Szk\u00f3\u0142 Technicznych w K\u0142odzku","robots":{"index":"index","follow":"follow","max-snippet":"max-snippet:-1","max-image-preview":"max-image-preview:large","max-video-preview":"max-video-preview:-1"},"canonical":"https:\/\/zst.klodzko.pl\/zst\/2-maja-obchodzimy-dzien-flagi-rzeczypospolitej-polskiej\/","og_locale":"pl_PL","og_type":"article","og_title":"2 maja obchodzimy Dzie\u0144 Flagi Rzeczypospolitej Polskiej &#8212; Zesp\u00f3\u0142 Szk\u00f3\u0142 Technicznych w K\u0142odzku","og_description":"2 maja obchodzimy Dzie\u0144 Flagi Rzeczypospolitej Polskiej. To \u015bwi\u0119to wprowadzone na mocy ustawy z 20 lutego 2004 roku. Ulice w tym b\u0119d\u0105 dniu przystrojone narodowymi barwami. Co one oznaczaj\u0105? O czym pami\u0119ta\u0107 wywieszaj\u0105c polsk\u0105 flag\u0119?","og_url":"https:\/\/zst.klodzko.pl\/zst\/2-maja-obchodzimy-dzien-flagi-rzeczypospolitej-polskiej\/","og_site_name":"Zesp\u00f3\u0142 Szk\u00f3\u0142 Technicznych w K\u0142odzku","article_publisher":"https:\/\/www.facebook.com\/zst.klodzko","article_published_time":"2025-05-01T20:01:23+00:00","og_image":[{"width":1000,"height":525,"url":"https:\/\/zst.klodzko.pl\/zst\/wp-content\/uploads\/2021\/05\/Dzien-Flagi-Rzeczypospolitej-Polskiej_.jpg","type":"image\/jpeg"}],"author":"Aktualno\u015bci \u201eBUDOWLANKI\u201d","twitter_card":"summary_large_image","twitter_creator":"@Budowlanka_ZST","twitter_site":"@Budowlanka_ZST","twitter_misc":{"Napisane przez":"Aktualno\u015bci \u201eBUDOWLANKI\u201d","Szacowany czas czytania":"5 minut"},"schema":{"@context":"https:\/\/schema.org","@graph":[{"@type":"Article","@id":"https:\/\/zst.klodzko.pl\/zst\/2-maja-obchodzimy-dzien-flagi-rzeczypospolitej-polskiej\/#article","isPartOf":{"@id":"https:\/\/zst.klodzko.pl\/zst\/2-maja-obchodzimy-dzien-flagi-rzeczypospolitej-polskiej\/"},"author":{"name":"Aktualno\u015bci \u201eBUDOWLANKI\u201d","@id":"https:\/\/zst.klodzko.pl\/zst\/#\/schema\/person\/7ad3759462b88dca0c831372a7f5c825"},"headline":"2 maja obchodzimy Dzie\u0144 Flagi Rzeczypospolitej Polskiej","datePublished":"2025-05-01T20:01:23+00:00","mainEntityOfPage":{"@id":"https:\/\/zst.klodzko.pl\/zst\/2-maja-obchodzimy-dzien-flagi-rzeczypospolitej-polskiej\/"},"wordCount":737,"publisher":{"@id":"https:\/\/zst.klodzko.pl\/zst\/#organization"},"image":{"@id":"https:\/\/zst.klodzko.pl\/zst\/2-maja-obchodzimy-dzien-flagi-rzeczypospolitej-polskiej\/#primaryimage"},"thumbnailUrl":"https:\/\/zst.klodzko.pl\/zst\/wp-content\/uploads\/2021\/05\/Dzien-Flagi-Rzeczypospolitej-Polskiej_.jpg","articleSection":["Aktualno\u015bci"],"inLanguage":"pl-PL"},{"@type":"WebPage","@id":"https:\/\/zst.klodzko.pl\/zst\/2-maja-obchodzimy-dzien-flagi-rzeczypospolitej-polskiej\/","url":"https:\/\/zst.klodzko.pl\/zst\/2-maja-obchodzimy-dzien-flagi-rzeczypospolitej-polskiej\/","name":"2 maja obchodzimy Dzie\u0144 Flagi Rzeczypospolitej Polskiej &#8212; Zesp\u00f3\u0142 Szk\u00f3\u0142 Technicznych w K\u0142odzku","isPartOf":{"@id":"https:\/\/zst.klodzko.pl\/zst\/#website"},"primaryImageOfPage":{"@id":"https:\/\/zst.klodzko.pl\/zst\/2-maja-obchodzimy-dzien-flagi-rzeczypospolitej-polskiej\/#primaryimage"},"image":{"@id":"https:\/\/zst.klodzko.pl\/zst\/2-maja-obchodzimy-dzien-flagi-rzeczypospolitej-polskiej\/#primaryimage"},"thumbnailUrl":"https:\/\/zst.klodzko.pl\/zst\/wp-content\/uploads\/2021\/05\/Dzien-Flagi-Rzeczypospolitej-Polskiej_.jpg","datePublished":"2025-05-01T20:01:23+00:00","breadcrumb":{"@id":"https:\/\/zst.klodzko.pl\/zst\/2-maja-obchodzimy-dzien-flagi-rzeczypospolitej-polskiej\/#breadcrumb"},"inLanguage":"pl-PL","potentialAction":[{"@type":"ReadAction","target":["https:\/\/zst.klodzko.pl\/zst\/2-maja-obchodzimy-dzien-flagi-rzeczypospolitej-polskiej\/"]}]},{"@type":"ImageObject","inLanguage":"pl-PL","@id":"https:\/\/zst.klodzko.pl\/zst\/2-maja-obchodzimy-dzien-flagi-rzeczypospolitej-polskiej\/#primaryimage","url":"https:\/\/zst.klodzko.pl\/zst\/wp-content\/uploads\/2021\/05\/Dzien-Flagi-Rzeczypospolitej-Polskiej_.jpg","contentUrl":"https:\/\/zst.klodzko.pl\/zst\/wp-content\/uploads\/2021\/05\/Dzien-Flagi-Rzeczypospolitej-Polskiej_.jpg","width":1000,"height":525,"caption":"Dzie\u0144 Flagi Rzeczypospolitej Polskiej"},{"@type":"BreadcrumbList","@id":"https:\/\/zst.klodzko.pl\/zst\/2-maja-obchodzimy-dzien-flagi-rzeczypospolitej-polskiej\/#breadcrumb","itemListElement":[{"@type":"ListItem","position":1,"name":"Strona g\u0142\u00f3wna","item":"https:\/\/zst.klodzko.pl\/zst\/"},{"@type":"ListItem","position":2,"name":"2 maja obchodzimy Dzie\u0144 Flagi Rzeczypospolitej Polskiej"}]},{"@type":"WebSite","@id":"https:\/\/zst.klodzko.pl\/zst\/#website","url":"https:\/\/zst.klodzko.pl\/zst\/","name":"Zesp\u00f3\u0142 Szk\u00f3\u0142 Technicznych w K\u0142odzku","description":"Oficjalna strona ZST w K\u0142odzku (dawniej ZSP nr 1 w K\u0142odzku) - Budowlanka","publisher":{"@id":"https:\/\/zst.klodzko.pl\/zst\/#organization"},"potentialAction":[{"@type":"SearchAction","target":{"@type":"EntryPoint","urlTemplate":"https:\/\/zst.klodzko.pl\/zst\/?s={search_term_string}"},"query-input":{"@type":"PropertyValueSpecification","valueRequired":true,"valueName":"search_term_string"}}],"inLanguage":"pl-PL"},{"@type":"Organization","@id":"https:\/\/zst.klodzko.pl\/zst\/#organization","name":"Zesp\u00f3\u0142 Szk\u00f3\u0142 Technicznych w K\u0142odzku","url":"https:\/\/zst.klodzko.pl\/zst\/","logo":{"@type":"ImageObject","inLanguage":"pl-PL","@id":"https:\/\/zst.klodzko.pl\/zst\/#\/schema\/logo\/image\/","url":"https:\/\/zst.klodzko.pl\/zst\/wp-content\/uploads\/2018\/05\/patron_bud.png","contentUrl":"https:\/\/zst.klodzko.pl\/zst\/wp-content\/uploads\/2018\/05\/patron_bud.png","width":208,"height":205,"caption":"Zesp\u00f3\u0142 Szk\u00f3\u0142 Technicznych w K\u0142odzku"},"image":{"@id":"https:\/\/zst.klodzko.pl\/zst\/#\/schema\/logo\/image\/"},"sameAs":["https:\/\/www.facebook.com\/zst.klodzko","https:\/\/x.com\/Budowlanka_ZST","https:\/\/www.youtube.com\/channel\/UCueLhwUV3X9Ph8PMH7j4ugA","https:\/\/pl.wikipedia.org\/wiki\/Zesp\u00f3\u0142_Szk\u00f3\u0142_Technicznych_w_K\u0142odzku"]},{"@type":"Person","@id":"https:\/\/zst.klodzko.pl\/zst\/#\/schema\/person\/7ad3759462b88dca0c831372a7f5c825","name":"Aktualno\u015bci \u201eBUDOWLANKI\u201d"}]}},"_links":{"self":[{"href":"https:\/\/zst.klodzko.pl\/zst\/wp-json\/wp\/v2\/posts\/15438","targetHints":{"allow":["GET"]}}],"collection":[{"href":"https:\/\/zst.klodzko.pl\/zst\/wp-json\/wp\/v2\/posts"}],"about":[{"href":"https:\/\/zst.klodzko.pl\/zst\/wp-json\/wp\/v2\/types\/post"}],"author":[{"embeddable":true,"href":"https:\/\/zst.klodzko.pl\/zst\/wp-json\/wp\/v2\/users\/1"}],"replies":[{"embeddable":true,"href":"https:\/\/zst.klodzko.pl\/zst\/wp-json\/wp\/v2\/comments?post=15438"}],"version-history":[{"count":9,"href":"https:\/\/zst.klodzko.pl\/zst\/wp-json\/wp\/v2\/posts\/15438\/revisions"}],"predecessor-version":[{"id":15453,"href":"https:\/\/zst.klodzko.pl\/zst\/wp-json\/wp\/v2\/posts\/15438\/revisions\/15453"}],"wp:attachment":[{"href":"https:\/\/zst.klodzko.pl\/zst\/wp-json\/wp\/v2\/media?parent=15438"}],"wp:term":[{"taxonomy":"category","embeddable":true,"href":"https:\/\/zst.klodzko.pl\/zst\/wp-json\/wp\/v2\/categories?post=15438"},{"taxonomy":"post_tag","embeddable":true,"href":"https:\/\/zst.klodzko.pl\/zst\/wp-json\/wp\/v2\/tags?post=15438"}],"curies":[{"name":"wp","href":"https:\/\/api.w.org\/{rel}","templated":true}]}}