{"id":17959,"date":"2021-12-30T11:57:21","date_gmt":"2021-12-30T10:57:21","guid":{"rendered":"https:\/\/zst.klodzko.pl\/zst\/?p=17959"},"modified":"2021-12-30T11:58:35","modified_gmt":"2021-12-30T10:58:35","slug":"podziekowania-komendanta-strazy-granicznej-w-klodzku-dla-dyrektora-zespolu-szkol-technicznych","status":"publish","type":"post","link":"https:\/\/zst.klodzko.pl\/zst\/podziekowania-komendanta-strazy-granicznej-w-klodzku-dla-dyrektora-zespolu-szkol-technicznych\/","title":{"rendered":"Podzi\u0119kowania Komendanta Stra\u017cy Granicznej w K\u0142odzku dla Dyrektora Zespo\u0142u Szk\u00f3\u0142 Technicznych"},"content":{"rendered":"<div data-contents=\"true\">\n<div class=\"\" data-block=\"true\" data-editor=\"7fed3\" data-offset-key=\"lgrf-0-0\">\n<div class=\"_1mf _1mj\" data-offset-key=\"lgrf-0-0\">\n\n\t\t<style type=\"text\/css\">\n\t\t\t#gallery-1 {\n\t\t\t\tmargin: auto;\n\t\t\t}\n\t\t\t#gallery-1 .gallery-item {\n\t\t\t\tfloat: left;\n\t\t\t\tmargin-top: 10px;\n\t\t\t\ttext-align: center;\n\t\t\t\twidth: 100%;\n\t\t\t}\n\t\t\t#gallery-1 img {\n\t\t\t\tborder: 2px solid #cfcfcf;\n\t\t\t}\n\t\t\t#gallery-1 .gallery-caption {\n\t\t\t\tmargin-left: 0;\n\t\t\t}\n\t\t\t\/* see gallery_shortcode() in wp-includes\/media.php *\/\n\t\t<\/style>\n\t\t<div id='gallery-1' class='gallery galleryid-17959 gallery-columns-1 gallery-size-large'><dl class='gallery-item'>\n\t\t\t<dt class='gallery-icon portrait'>\n\t\t\t\t<img fetchpriority=\"high\" decoding=\"async\" width=\"584\" height=\"839\" src=\"https:\/\/zst.klodzko.pl\/zst\/wp-content\/uploads\/2021\/12\/SG-1a-713x1024.jpg\" class=\"attachment-large size-large\" alt=\"Podzi\u0119kowania Komendanta Plac\u00f3wki Stra\u017cy Granicznej w K\u0142odzku dla Dyrektora Zespo\u0142u Szk\u00f3\u0142 Technicznych\" srcset=\"https:\/\/zst.klodzko.pl\/zst\/wp-content\/uploads\/2021\/12\/SG-1a-713x1024.jpg 713w, https:\/\/zst.klodzko.pl\/zst\/wp-content\/uploads\/2021\/12\/SG-1a-209x300.jpg 209w, https:\/\/zst.klodzko.pl\/zst\/wp-content\/uploads\/2021\/12\/SG-1a-768x1103.jpg 768w, https:\/\/zst.klodzko.pl\/zst\/wp-content\/uploads\/2021\/12\/SG-1a-1069x1536.jpg 1069w, https:\/\/zst.klodzko.pl\/zst\/wp-content\/uploads\/2021\/12\/SG-1a-1425x2048.jpg 1425w, https:\/\/zst.klodzko.pl\/zst\/wp-content\/uploads\/2021\/12\/SG-1a.jpg 1557w\" sizes=\"(max-width: 584px) 100vw, 584px\" \/>\n\t\t\t<\/dt><\/dl><br style=\"clear: both\" \/><dl class='gallery-item'>\n\t\t\t<dt class='gallery-icon landscape'>\n\t\t\t\t<img decoding=\"async\" width=\"584\" height=\"329\" src=\"https:\/\/zst.klodzko.pl\/zst\/wp-content\/uploads\/2021\/12\/Podziel-sie-slodyczami-1024x577.jpg\" class=\"attachment-large size-large\" alt=\"Podzi\u0119kowania Komendanta Plac\u00f3wki Stra\u017cy Granicznej w K\u0142odzku dla Dyrektora Zespo\u0142u Szk\u00f3\u0142 Technicznych\" srcset=\"https:\/\/zst.klodzko.pl\/zst\/wp-content\/uploads\/2021\/12\/Podziel-sie-slodyczami-1024x577.jpg 1024w, https:\/\/zst.klodzko.pl\/zst\/wp-content\/uploads\/2021\/12\/Podziel-sie-slodyczami-300x169.jpg 300w, https:\/\/zst.klodzko.pl\/zst\/wp-content\/uploads\/2021\/12\/Podziel-sie-slodyczami-768x432.jpg 768w, https:\/\/zst.klodzko.pl\/zst\/wp-content\/uploads\/2021\/12\/Podziel-sie-slodyczami-1536x865.jpg 1536w, https:\/\/zst.klodzko.pl\/zst\/wp-content\/uploads\/2021\/12\/Podziel-sie-slodyczami-500x282.jpg 500w, https:\/\/zst.klodzko.pl\/zst\/wp-content\/uploads\/2021\/12\/Podziel-sie-slodyczami.jpg 1918w\" sizes=\"(max-width: 584px) 100vw, 584px\" \/>\n\t\t\t<\/dt><\/dl><br style=\"clear: both\" \/>\n\t\t<\/div>\n\n<p><span style=\"color: #170000;\"><strong>Podzi\u0119kowania Komendanta Plac\u00f3wki Stra\u017cy Granicznej w K\u0142odzku<\/strong> dla <strong>Dyrektora Zespo\u0142u Szk\u00f3\u0142 Technicznych w K\u0142odzku<\/strong> za udzia\u0142 w akcji \u201e<strong>PODZIEL SI\u0118 S\u0141ODYCZAMI<\/strong>\u201d.<\/span><\/p>\n<\/div>\n<\/div>\n<div class=\"\" data-block=\"true\" data-editor=\"7fed3\" data-offset-key=\"7te4f-0-0\">\n<div class=\"_1mf _1mj\" data-offset-key=\"7te4f-0-0\"><span style=\"color: #170000;\" data-offset-key=\"7te4f-0-0\">\u00a0<\/span><\/div>\n<\/div>\n<div class=\"\" data-block=\"true\" data-editor=\"7fed3\" data-offset-key=\"c7fq4-0-0\">\n<div class=\"_1mf _1mj\" data-offset-key=\"c7fq4-0-0\"><span style=\"color: #170000;\" data-offset-key=\"c7fq4-0-0\">Na zdj\u0119ciu s\u0142odycze, kt\u00f3re \u201eBudowlanka\u201d zebra\u0142a razem z Plac\u00f3wk\u0105 Stra\u017cy Granicznej w K\u0142odzku ?<\/span><\/div>\n<div data-offset-key=\"c7fq4-0-0\"><\/div>\n<\/div>\n<\/div>\n","protected":false},"excerpt":{"rendered":"<p>Podzi\u0119kowania Komendanta Plac\u00f3wki Stra\u017cy Granicznej w K\u0142odzku dla Dyrektora Zespo\u0142u Szk\u00f3\u0142 Technicznych w K\u0142odzku za udzia\u0142 w akcji \u201ePODZIEL SI\u0118 S\u0141ODYCZAMI\u201d. \u00a0 Na zdj\u0119ciu s\u0142odycze, kt\u00f3re \u201eBudowlanka\u201d zebra\u0142a razem z Plac\u00f3wk\u0105 Stra\u017cy Granicznej w K\u0142odzku ?<\/p>\n","protected":false},"author":1,"featured_media":0,"comment_status":"closed","ping_status":"closed","sticky":false,"template":"","format":"standard","meta":{"footnotes":""},"categories":[1],"tags":[],"class_list":["post-17959","post","type-post","status-publish","format-standard","hentry","category-aktualnosci"],"yoast_head":"<!-- This site is optimized with the Yoast SEO plugin v27.4 - https:\/\/yoast.com\/product\/yoast-seo-wordpress\/ -->\n<title>Podzi\u0119kowania Komendanta Stra\u017cy Granicznej w K\u0142odzku dla Dyrektora Zespo\u0142u Szk\u00f3\u0142 Technicznych &#8212; Zesp\u00f3\u0142 Szk\u00f3\u0142 Technicznych w K\u0142odzku<\/title>\n<meta name=\"robots\" content=\"index, follow, max-snippet:-1, max-image-preview:large, max-video-preview:-1\" \/>\n<link rel=\"canonical\" href=\"https:\/\/zst.klodzko.pl\/zst\/podziekowania-komendanta-strazy-granicznej-w-klodzku-dla-dyrektora-zespolu-szkol-technicznych\/\" \/>\n<meta property=\"og:locale\" content=\"pl_PL\" \/>\n<meta property=\"og:type\" content=\"article\" \/>\n<meta property=\"og:title\" content=\"Podzi\u0119kowania Komendanta Stra\u017cy Granicznej w K\u0142odzku dla Dyrektora Zespo\u0142u Szk\u00f3\u0142 Technicznych &#8212; Zesp\u00f3\u0142 Szk\u00f3\u0142 Technicznych w K\u0142odzku\" \/>\n<meta property=\"og:description\" content=\"Podzi\u0119kowania Komendanta Plac\u00f3wki Stra\u017cy Granicznej w K\u0142odzku dla Dyrektora Zespo\u0142u Szk\u00f3\u0142 Technicznych w K\u0142odzku za udzia\u0142 w akcji \u201ePODZIEL SI\u0118 S\u0141ODYCZAMI\u201d. \u00a0 Na zdj\u0119ciu s\u0142odycze, kt\u00f3re \u201eBudowlanka\u201d zebra\u0142a razem z Plac\u00f3wk\u0105 Stra\u017cy Granicznej w K\u0142odzku ?\" \/>\n<meta property=\"og:url\" content=\"https:\/\/zst.klodzko.pl\/zst\/podziekowania-komendanta-strazy-granicznej-w-klodzku-dla-dyrektora-zespolu-szkol-technicznych\/\" \/>\n<meta property=\"og:site_name\" content=\"Zesp\u00f3\u0142 Szk\u00f3\u0142 Technicznych w K\u0142odzku\" \/>\n<meta property=\"article:publisher\" content=\"https:\/\/www.facebook.com\/zst.klodzko\" \/>\n<meta property=\"article:published_time\" content=\"2021-12-30T10:57:21+00:00\" \/>\n<meta property=\"article:modified_time\" content=\"2021-12-30T10:58:35+00:00\" \/>\n<meta property=\"og:image\" content=\"https:\/\/zst.klodzko.pl\/zst\/wp-content\/uploads\/2021\/12\/SG-1a-713x1024.jpg\" \/>\n<meta name=\"author\" content=\"Aktualno\u015bci \u201eBUDOWLANKI\u201d\" \/>\n<meta name=\"twitter:card\" content=\"summary_large_image\" \/>\n<meta name=\"twitter:creator\" content=\"@Budowlanka_ZST\" \/>\n<meta name=\"twitter:site\" content=\"@Budowlanka_ZST\" \/>\n<meta name=\"twitter:label1\" content=\"Napisane przez\" \/>\n\t<meta name=\"twitter:data1\" content=\"Aktualno\u015bci \u201eBUDOWLANKI\u201d\" \/>\n\t<meta name=\"twitter:label2\" content=\"Szacowany czas czytania\" \/>\n\t<meta name=\"twitter:data2\" content=\"1 minuta\" \/>\n<script type=\"application\/ld+json\" class=\"yoast-schema-graph\">{\"@context\":\"https:\\\/\\\/schema.org\",\"@graph\":[{\"@type\":\"Article\",\"@id\":\"https:\\\/\\\/zst.klodzko.pl\\\/zst\\\/podziekowania-komendanta-strazy-granicznej-w-klodzku-dla-dyrektora-zespolu-szkol-technicznych\\\/#article\",\"isPartOf\":{\"@id\":\"https:\\\/\\\/zst.klodzko.pl\\\/zst\\\/podziekowania-komendanta-strazy-granicznej-w-klodzku-dla-dyrektora-zespolu-szkol-technicznych\\\/\"},\"author\":{\"name\":\"Aktualno\u015bci \u201eBUDOWLANKI\u201d\",\"@id\":\"https:\\\/\\\/zst.klodzko.pl\\\/zst\\\/#\\\/schema\\\/person\\\/7ad3759462b88dca0c831372a7f5c825\"},\"headline\":\"Podzi\u0119kowania Komendanta Stra\u017cy Granicznej w K\u0142odzku dla Dyrektora Zespo\u0142u Szk\u00f3\u0142 Technicznych\",\"datePublished\":\"2021-12-30T10:57:21+00:00\",\"dateModified\":\"2021-12-30T10:58:35+00:00\",\"mainEntityOfPage\":{\"@id\":\"https:\\\/\\\/zst.klodzko.pl\\\/zst\\\/podziekowania-komendanta-strazy-granicznej-w-klodzku-dla-dyrektora-zespolu-szkol-technicznych\\\/\"},\"wordCount\":70,\"publisher\":{\"@id\":\"https:\\\/\\\/zst.klodzko.pl\\\/zst\\\/#organization\"},\"articleSection\":[\"Aktualno\u015bci\"],\"inLanguage\":\"pl-PL\"},{\"@type\":\"WebPage\",\"@id\":\"https:\\\/\\\/zst.klodzko.pl\\\/zst\\\/podziekowania-komendanta-strazy-granicznej-w-klodzku-dla-dyrektora-zespolu-szkol-technicznych\\\/\",\"url\":\"https:\\\/\\\/zst.klodzko.pl\\\/zst\\\/podziekowania-komendanta-strazy-granicznej-w-klodzku-dla-dyrektora-zespolu-szkol-technicznych\\\/\",\"name\":\"Podzi\u0119kowania Komendanta Stra\u017cy Granicznej w K\u0142odzku dla Dyrektora Zespo\u0142u Szk\u00f3\u0142 Technicznych &#8212; Zesp\u00f3\u0142 Szk\u00f3\u0142 Technicznych w K\u0142odzku\",\"isPartOf\":{\"@id\":\"https:\\\/\\\/zst.klodzko.pl\\\/zst\\\/#website\"},\"datePublished\":\"2021-12-30T10:57:21+00:00\",\"dateModified\":\"2021-12-30T10:58:35+00:00\",\"breadcrumb\":{\"@id\":\"https:\\\/\\\/zst.klodzko.pl\\\/zst\\\/podziekowania-komendanta-strazy-granicznej-w-klodzku-dla-dyrektora-zespolu-szkol-technicznych\\\/#breadcrumb\"},\"inLanguage\":\"pl-PL\",\"potentialAction\":[{\"@type\":\"ReadAction\",\"target\":[\"https:\\\/\\\/zst.klodzko.pl\\\/zst\\\/podziekowania-komendanta-strazy-granicznej-w-klodzku-dla-dyrektora-zespolu-szkol-technicznych\\\/\"]}]},{\"@type\":\"BreadcrumbList\",\"@id\":\"https:\\\/\\\/zst.klodzko.pl\\\/zst\\\/podziekowania-komendanta-strazy-granicznej-w-klodzku-dla-dyrektora-zespolu-szkol-technicznych\\\/#breadcrumb\",\"itemListElement\":[{\"@type\":\"ListItem\",\"position\":1,\"name\":\"Strona g\u0142\u00f3wna\",\"item\":\"https:\\\/\\\/zst.klodzko.pl\\\/zst\\\/\"},{\"@type\":\"ListItem\",\"position\":2,\"name\":\"Podzi\u0119kowania Komendanta Stra\u017cy Granicznej w K\u0142odzku dla Dyrektora Zespo\u0142u Szk\u00f3\u0142 Technicznych\"}]},{\"@type\":\"WebSite\",\"@id\":\"https:\\\/\\\/zst.klodzko.pl\\\/zst\\\/#website\",\"url\":\"https:\\\/\\\/zst.klodzko.pl\\\/zst\\\/\",\"name\":\"Zesp\u00f3\u0142 Szk\u00f3\u0142 Technicznych w K\u0142odzku\",\"description\":\"Oficjalna strona ZST w K\u0142odzku (dawniej ZSP nr 1 w K\u0142odzku) - Budowlanka\",\"publisher\":{\"@id\":\"https:\\\/\\\/zst.klodzko.pl\\\/zst\\\/#organization\"},\"potentialAction\":[{\"@type\":\"SearchAction\",\"target\":{\"@type\":\"EntryPoint\",\"urlTemplate\":\"https:\\\/\\\/zst.klodzko.pl\\\/zst\\\/?s={search_term_string}\"},\"query-input\":{\"@type\":\"PropertyValueSpecification\",\"valueRequired\":true,\"valueName\":\"search_term_string\"}}],\"inLanguage\":\"pl-PL\"},{\"@type\":\"Organization\",\"@id\":\"https:\\\/\\\/zst.klodzko.pl\\\/zst\\\/#organization\",\"name\":\"Zesp\u00f3\u0142 Szk\u00f3\u0142 Technicznych w K\u0142odzku\",\"url\":\"https:\\\/\\\/zst.klodzko.pl\\\/zst\\\/\",\"logo\":{\"@type\":\"ImageObject\",\"inLanguage\":\"pl-PL\",\"@id\":\"https:\\\/\\\/zst.klodzko.pl\\\/zst\\\/#\\\/schema\\\/logo\\\/image\\\/\",\"url\":\"https:\\\/\\\/zst.klodzko.pl\\\/zst\\\/wp-content\\\/uploads\\\/2018\\\/05\\\/patron_bud.png\",\"contentUrl\":\"https:\\\/\\\/zst.klodzko.pl\\\/zst\\\/wp-content\\\/uploads\\\/2018\\\/05\\\/patron_bud.png\",\"width\":208,\"height\":205,\"caption\":\"Zesp\u00f3\u0142 Szk\u00f3\u0142 Technicznych w K\u0142odzku\"},\"image\":{\"@id\":\"https:\\\/\\\/zst.klodzko.pl\\\/zst\\\/#\\\/schema\\\/logo\\\/image\\\/\"},\"sameAs\":[\"https:\\\/\\\/www.facebook.com\\\/zst.klodzko\",\"https:\\\/\\\/x.com\\\/Budowlanka_ZST\",\"https:\\\/\\\/www.youtube.com\\\/channel\\\/UCueLhwUV3X9Ph8PMH7j4ugA\",\"https:\\\/\\\/pl.wikipedia.org\\\/wiki\\\/Zesp\u00f3\u0142_Szk\u00f3\u0142_Technicznych_w_K\u0142odzku\"]},{\"@type\":\"Person\",\"@id\":\"https:\\\/\\\/zst.klodzko.pl\\\/zst\\\/#\\\/schema\\\/person\\\/7ad3759462b88dca0c831372a7f5c825\",\"name\":\"Aktualno\u015bci \u201eBUDOWLANKI\u201d\"}]}<\/script>\n<!-- \/ Yoast SEO plugin. -->","yoast_head_json":{"title":"Podzi\u0119kowania Komendanta Stra\u017cy Granicznej w K\u0142odzku dla Dyrektora Zespo\u0142u Szk\u00f3\u0142 Technicznych &#8212; Zesp\u00f3\u0142 Szk\u00f3\u0142 Technicznych w K\u0142odzku","robots":{"index":"index","follow":"follow","max-snippet":"max-snippet:-1","max-image-preview":"max-image-preview:large","max-video-preview":"max-video-preview:-1"},"canonical":"https:\/\/zst.klodzko.pl\/zst\/podziekowania-komendanta-strazy-granicznej-w-klodzku-dla-dyrektora-zespolu-szkol-technicznych\/","og_locale":"pl_PL","og_type":"article","og_title":"Podzi\u0119kowania Komendanta Stra\u017cy Granicznej w K\u0142odzku dla Dyrektora Zespo\u0142u Szk\u00f3\u0142 Technicznych &#8212; Zesp\u00f3\u0142 Szk\u00f3\u0142 Technicznych w K\u0142odzku","og_description":"Podzi\u0119kowania Komendanta Plac\u00f3wki Stra\u017cy Granicznej w K\u0142odzku dla Dyrektora Zespo\u0142u Szk\u00f3\u0142 Technicznych w K\u0142odzku za udzia\u0142 w akcji \u201ePODZIEL SI\u0118 S\u0141ODYCZAMI\u201d. \u00a0 Na zdj\u0119ciu s\u0142odycze, kt\u00f3re \u201eBudowlanka\u201d zebra\u0142a razem z Plac\u00f3wk\u0105 Stra\u017cy Granicznej w K\u0142odzku ?","og_url":"https:\/\/zst.klodzko.pl\/zst\/podziekowania-komendanta-strazy-granicznej-w-klodzku-dla-dyrektora-zespolu-szkol-technicznych\/","og_site_name":"Zesp\u00f3\u0142 Szk\u00f3\u0142 Technicznych w K\u0142odzku","article_publisher":"https:\/\/www.facebook.com\/zst.klodzko","article_published_time":"2021-12-30T10:57:21+00:00","article_modified_time":"2021-12-30T10:58:35+00:00","og_image":[{"url":"https:\/\/zst.klodzko.pl\/zst\/wp-content\/uploads\/2021\/12\/SG-1a-713x1024.jpg","type":"","width":"","height":""}],"author":"Aktualno\u015bci \u201eBUDOWLANKI\u201d","twitter_card":"summary_large_image","twitter_creator":"@Budowlanka_ZST","twitter_site":"@Budowlanka_ZST","twitter_misc":{"Napisane przez":"Aktualno\u015bci \u201eBUDOWLANKI\u201d","Szacowany czas czytania":"1 minuta"},"schema":{"@context":"https:\/\/schema.org","@graph":[{"@type":"Article","@id":"https:\/\/zst.klodzko.pl\/zst\/podziekowania-komendanta-strazy-granicznej-w-klodzku-dla-dyrektora-zespolu-szkol-technicznych\/#article","isPartOf":{"@id":"https:\/\/zst.klodzko.pl\/zst\/podziekowania-komendanta-strazy-granicznej-w-klodzku-dla-dyrektora-zespolu-szkol-technicznych\/"},"author":{"name":"Aktualno\u015bci \u201eBUDOWLANKI\u201d","@id":"https:\/\/zst.klodzko.pl\/zst\/#\/schema\/person\/7ad3759462b88dca0c831372a7f5c825"},"headline":"Podzi\u0119kowania Komendanta Stra\u017cy Granicznej w K\u0142odzku dla Dyrektora Zespo\u0142u Szk\u00f3\u0142 Technicznych","datePublished":"2021-12-30T10:57:21+00:00","dateModified":"2021-12-30T10:58:35+00:00","mainEntityOfPage":{"@id":"https:\/\/zst.klodzko.pl\/zst\/podziekowania-komendanta-strazy-granicznej-w-klodzku-dla-dyrektora-zespolu-szkol-technicznych\/"},"wordCount":70,"publisher":{"@id":"https:\/\/zst.klodzko.pl\/zst\/#organization"},"articleSection":["Aktualno\u015bci"],"inLanguage":"pl-PL"},{"@type":"WebPage","@id":"https:\/\/zst.klodzko.pl\/zst\/podziekowania-komendanta-strazy-granicznej-w-klodzku-dla-dyrektora-zespolu-szkol-technicznych\/","url":"https:\/\/zst.klodzko.pl\/zst\/podziekowania-komendanta-strazy-granicznej-w-klodzku-dla-dyrektora-zespolu-szkol-technicznych\/","name":"Podzi\u0119kowania Komendanta Stra\u017cy Granicznej w K\u0142odzku dla Dyrektora Zespo\u0142u Szk\u00f3\u0142 Technicznych &#8212; Zesp\u00f3\u0142 Szk\u00f3\u0142 Technicznych w K\u0142odzku","isPartOf":{"@id":"https:\/\/zst.klodzko.pl\/zst\/#website"},"datePublished":"2021-12-30T10:57:21+00:00","dateModified":"2021-12-30T10:58:35+00:00","breadcrumb":{"@id":"https:\/\/zst.klodzko.pl\/zst\/podziekowania-komendanta-strazy-granicznej-w-klodzku-dla-dyrektora-zespolu-szkol-technicznych\/#breadcrumb"},"inLanguage":"pl-PL","potentialAction":[{"@type":"ReadAction","target":["https:\/\/zst.klodzko.pl\/zst\/podziekowania-komendanta-strazy-granicznej-w-klodzku-dla-dyrektora-zespolu-szkol-technicznych\/"]}]},{"@type":"BreadcrumbList","@id":"https:\/\/zst.klodzko.pl\/zst\/podziekowania-komendanta-strazy-granicznej-w-klodzku-dla-dyrektora-zespolu-szkol-technicznych\/#breadcrumb","itemListElement":[{"@type":"ListItem","position":1,"name":"Strona g\u0142\u00f3wna","item":"https:\/\/zst.klodzko.pl\/zst\/"},{"@type":"ListItem","position":2,"name":"Podzi\u0119kowania Komendanta Stra\u017cy Granicznej w K\u0142odzku dla Dyrektora Zespo\u0142u Szk\u00f3\u0142 Technicznych"}]},{"@type":"WebSite","@id":"https:\/\/zst.klodzko.pl\/zst\/#website","url":"https:\/\/zst.klodzko.pl\/zst\/","name":"Zesp\u00f3\u0142 Szk\u00f3\u0142 Technicznych w K\u0142odzku","description":"Oficjalna strona ZST w K\u0142odzku (dawniej ZSP nr 1 w K\u0142odzku) - Budowlanka","publisher":{"@id":"https:\/\/zst.klodzko.pl\/zst\/#organization"},"potentialAction":[{"@type":"SearchAction","target":{"@type":"EntryPoint","urlTemplate":"https:\/\/zst.klodzko.pl\/zst\/?s={search_term_string}"},"query-input":{"@type":"PropertyValueSpecification","valueRequired":true,"valueName":"search_term_string"}}],"inLanguage":"pl-PL"},{"@type":"Organization","@id":"https:\/\/zst.klodzko.pl\/zst\/#organization","name":"Zesp\u00f3\u0142 Szk\u00f3\u0142 Technicznych w K\u0142odzku","url":"https:\/\/zst.klodzko.pl\/zst\/","logo":{"@type":"ImageObject","inLanguage":"pl-PL","@id":"https:\/\/zst.klodzko.pl\/zst\/#\/schema\/logo\/image\/","url":"https:\/\/zst.klodzko.pl\/zst\/wp-content\/uploads\/2018\/05\/patron_bud.png","contentUrl":"https:\/\/zst.klodzko.pl\/zst\/wp-content\/uploads\/2018\/05\/patron_bud.png","width":208,"height":205,"caption":"Zesp\u00f3\u0142 Szk\u00f3\u0142 Technicznych w K\u0142odzku"},"image":{"@id":"https:\/\/zst.klodzko.pl\/zst\/#\/schema\/logo\/image\/"},"sameAs":["https:\/\/www.facebook.com\/zst.klodzko","https:\/\/x.com\/Budowlanka_ZST","https:\/\/www.youtube.com\/channel\/UCueLhwUV3X9Ph8PMH7j4ugA","https:\/\/pl.wikipedia.org\/wiki\/Zesp\u00f3\u0142_Szk\u00f3\u0142_Technicznych_w_K\u0142odzku"]},{"@type":"Person","@id":"https:\/\/zst.klodzko.pl\/zst\/#\/schema\/person\/7ad3759462b88dca0c831372a7f5c825","name":"Aktualno\u015bci \u201eBUDOWLANKI\u201d"}]}},"_links":{"self":[{"href":"https:\/\/zst.klodzko.pl\/zst\/wp-json\/wp\/v2\/posts\/17959","targetHints":{"allow":["GET"]}}],"collection":[{"href":"https:\/\/zst.klodzko.pl\/zst\/wp-json\/wp\/v2\/posts"}],"about":[{"href":"https:\/\/zst.klodzko.pl\/zst\/wp-json\/wp\/v2\/types\/post"}],"author":[{"embeddable":true,"href":"https:\/\/zst.klodzko.pl\/zst\/wp-json\/wp\/v2\/users\/1"}],"replies":[{"embeddable":true,"href":"https:\/\/zst.klodzko.pl\/zst\/wp-json\/wp\/v2\/comments?post=17959"}],"version-history":[{"count":4,"href":"https:\/\/zst.klodzko.pl\/zst\/wp-json\/wp\/v2\/posts\/17959\/revisions"}],"predecessor-version":[{"id":17965,"href":"https:\/\/zst.klodzko.pl\/zst\/wp-json\/wp\/v2\/posts\/17959\/revisions\/17965"}],"wp:attachment":[{"href":"https:\/\/zst.klodzko.pl\/zst\/wp-json\/wp\/v2\/media?parent=17959"}],"wp:term":[{"taxonomy":"category","embeddable":true,"href":"https:\/\/zst.klodzko.pl\/zst\/wp-json\/wp\/v2\/categories?post=17959"},{"taxonomy":"post_tag","embeddable":true,"href":"https:\/\/zst.klodzko.pl\/zst\/wp-json\/wp\/v2\/tags?post=17959"}],"curies":[{"name":"wp","href":"https:\/\/api.w.org\/{rel}","templated":true}]}}