{"id":18572,"date":"2022-03-04T17:17:52","date_gmt":"2022-03-04T16:17:52","guid":{"rendered":"https:\/\/zst.klodzko.pl\/zst\/?p=18572"},"modified":"2022-03-04T17:18:11","modified_gmt":"2022-03-04T16:18:11","slug":"18572-2","status":"publish","type":"post","link":"https:\/\/zst.klodzko.pl\/zst\/18572-2\/","title":{"rendered":""},"content":{"rendered":"<p><img fetchpriority=\"high\" decoding=\"async\" class=\"size-full wp-image-18574 aligncenter\" src=\"https:\/\/zst.klodzko.pl\/zst\/wp-content\/uploads\/2022\/03\/274845821_3091523604509160_6828963143914037993_n.jpg\" alt=\"We wtorek (01.03.2022 r.) przewodnictwo nad szkolnym samorz\u0105dem ZST obj\u0119\u0142a uczennica klasy 3jTS Emilia Iwaniszyn\" width=\"1120\" height=\"2016\" srcset=\"https:\/\/zst.klodzko.pl\/zst\/wp-content\/uploads\/2022\/03\/274845821_3091523604509160_6828963143914037993_n.jpg 1120w, https:\/\/zst.klodzko.pl\/zst\/wp-content\/uploads\/2022\/03\/274845821_3091523604509160_6828963143914037993_n-167x300.jpg 167w, https:\/\/zst.klodzko.pl\/zst\/wp-content\/uploads\/2022\/03\/274845821_3091523604509160_6828963143914037993_n-569x1024.jpg 569w, https:\/\/zst.klodzko.pl\/zst\/wp-content\/uploads\/2022\/03\/274845821_3091523604509160_6828963143914037993_n-768x1382.jpg 768w, https:\/\/zst.klodzko.pl\/zst\/wp-content\/uploads\/2022\/03\/274845821_3091523604509160_6828963143914037993_n-853x1536.jpg 853w\" sizes=\"(max-width: 1120px) 100vw, 1120px\" \/><span style=\"color: #260303;\">We wtorek (01.03.2022 r.) przewodnictwo nad szkolnym samorz\u0105dem ZST obj\u0119\u0142a uczennica klasy 3j TS Emilia Iwaniszyn. W\u015br\u00f3d licznych gratulacji by\u0142y r\u00f3wnie\u017c te od dyrektora Jacka Szczepa\u0144skiego. Emilka b\u0119dzie pe\u0142ni\u0107 swoj\u0105 funkcj\u0119 wraz z przewodnicz\u0105c\u0105 klas mundurowych Oliwi\u0105 \u0141uczko z klasy 3g. \u017byczymy dziewczynom owocnej wsp\u00f3\u0142pracy i dobrej zabawy podczas &#8220;zarz\u0105dzania&#8221; szko\u0142\u0105 <span class=\"_5mfr\"><span class=\"_6qdm\">?<\/span><\/span><\/span><\/p>\n","protected":false},"excerpt":{"rendered":"<p>We wtorek (01.03.2022 r.) przewodnictwo nad szkolnym samorz\u0105dem ZST obj\u0119\u0142a uczennica klasy 3j TS Emilia Iwaniszyn. W\u015br\u00f3d licznych gratulacji by\u0142y r\u00f3wnie\u017c te od dyrektora Jacka Szczepa\u0144skiego. Emilka b\u0119dzie pe\u0142ni\u0107 swoj\u0105 funkcj\u0119 wraz z przewodnicz\u0105c\u0105 klas mundurowych Oliwi\u0105 \u0141uczko z klasy &hellip; <a href=\"https:\/\/zst.klodzko.pl\/zst\/18572-2\/\">Czytaj dalej <span class=\"meta-nav\">&rarr;<\/span><\/a><\/p>\n","protected":false},"author":1,"featured_media":0,"comment_status":"closed","ping_status":"closed","sticky":false,"template":"","format":"standard","meta":{"footnotes":""},"categories":[1],"tags":[],"class_list":["post-18572","post","type-post","status-publish","format-standard","hentry","category-aktualnosci"],"yoast_head":"<!-- This site is optimized with the Yoast SEO plugin v27.4 - https:\/\/yoast.com\/product\/yoast-seo-wordpress\/ -->\n<title>&#8212; Zesp\u00f3\u0142 Szk\u00f3\u0142 Technicznych w K\u0142odzku<\/title>\n<meta name=\"robots\" content=\"index, follow, max-snippet:-1, max-image-preview:large, max-video-preview:-1\" \/>\n<link rel=\"canonical\" href=\"https:\/\/zst.klodzko.pl\/zst\/18572-2\/\" \/>\n<meta property=\"og:locale\" content=\"pl_PL\" \/>\n<meta property=\"og:type\" content=\"article\" \/>\n<meta property=\"og:title\" content=\"&#8212; Zesp\u00f3\u0142 Szk\u00f3\u0142 Technicznych w K\u0142odzku\" \/>\n<meta property=\"og:description\" content=\"We wtorek (01.03.2022 r.) przewodnictwo nad szkolnym samorz\u0105dem ZST obj\u0119\u0142a uczennica klasy 3j TS Emilia Iwaniszyn. W\u015br\u00f3d licznych gratulacji by\u0142y r\u00f3wnie\u017c te od dyrektora Jacka Szczepa\u0144skiego. Emilka b\u0119dzie pe\u0142ni\u0107 swoj\u0105 funkcj\u0119 wraz z przewodnicz\u0105c\u0105 klas mundurowych Oliwi\u0105 \u0141uczko z klasy &hellip; Czytaj dalej &rarr;\" \/>\n<meta property=\"og:url\" content=\"https:\/\/zst.klodzko.pl\/zst\/18572-2\/\" \/>\n<meta property=\"og:site_name\" content=\"Zesp\u00f3\u0142 Szk\u00f3\u0142 Technicznych w K\u0142odzku\" \/>\n<meta property=\"article:publisher\" content=\"https:\/\/www.facebook.com\/zst.klodzko\" \/>\n<meta property=\"article:published_time\" content=\"2022-03-04T16:17:52+00:00\" \/>\n<meta property=\"article:modified_time\" content=\"2022-03-04T16:18:11+00:00\" \/>\n<meta property=\"og:image\" content=\"https:\/\/zst.klodzko.pl\/zst\/wp-content\/uploads\/2022\/03\/274845821_3091523604509160_6828963143914037993_n.jpg\" \/>\n<meta name=\"author\" content=\"Aktualno\u015bci \u201eBUDOWLANKI\u201d\" \/>\n<meta name=\"twitter:card\" content=\"summary_large_image\" \/>\n<meta name=\"twitter:creator\" content=\"@Budowlanka_ZST\" \/>\n<meta name=\"twitter:site\" content=\"@Budowlanka_ZST\" \/>\n<meta name=\"twitter:label1\" content=\"Napisane przez\" \/>\n\t<meta name=\"twitter:data1\" content=\"Aktualno\u015bci \u201eBUDOWLANKI\u201d\" \/>\n\t<meta name=\"twitter:label2\" content=\"Szacowany czas czytania\" \/>\n\t<meta name=\"twitter:data2\" content=\"1 minuta\" \/>\n<script type=\"application\/ld+json\" class=\"yoast-schema-graph\">{\"@context\":\"https:\\\/\\\/schema.org\",\"@graph\":[{\"@type\":\"Article\",\"@id\":\"https:\\\/\\\/zst.klodzko.pl\\\/zst\\\/18572-2\\\/#article\",\"isPartOf\":{\"@id\":\"https:\\\/\\\/zst.klodzko.pl\\\/zst\\\/18572-2\\\/\"},\"author\":{\"name\":\"Aktualno\u015bci \u201eBUDOWLANKI\u201d\",\"@id\":\"https:\\\/\\\/zst.klodzko.pl\\\/zst\\\/#\\\/schema\\\/person\\\/7ad3759462b88dca0c831372a7f5c825\"},\"headline\":\"Brak tytu\u0142u\",\"datePublished\":\"2022-03-04T16:17:52+00:00\",\"dateModified\":\"2022-03-04T16:18:11+00:00\",\"mainEntityOfPage\":{\"@id\":\"https:\\\/\\\/zst.klodzko.pl\\\/zst\\\/18572-2\\\/\"},\"wordCount\":62,\"publisher\":{\"@id\":\"https:\\\/\\\/zst.klodzko.pl\\\/zst\\\/#organization\"},\"image\":{\"@id\":\"https:\\\/\\\/zst.klodzko.pl\\\/zst\\\/18572-2\\\/#primaryimage\"},\"thumbnailUrl\":\"https:\\\/\\\/zst.klodzko.pl\\\/zst\\\/wp-content\\\/uploads\\\/2022\\\/03\\\/274845821_3091523604509160_6828963143914037993_n.jpg\",\"articleSection\":[\"Aktualno\u015bci\"],\"inLanguage\":\"pl-PL\"},{\"@type\":\"WebPage\",\"@id\":\"https:\\\/\\\/zst.klodzko.pl\\\/zst\\\/18572-2\\\/\",\"url\":\"https:\\\/\\\/zst.klodzko.pl\\\/zst\\\/18572-2\\\/\",\"name\":\"&#8212; Zesp\u00f3\u0142 Szk\u00f3\u0142 Technicznych w K\u0142odzku\",\"isPartOf\":{\"@id\":\"https:\\\/\\\/zst.klodzko.pl\\\/zst\\\/#website\"},\"primaryImageOfPage\":{\"@id\":\"https:\\\/\\\/zst.klodzko.pl\\\/zst\\\/18572-2\\\/#primaryimage\"},\"image\":{\"@id\":\"https:\\\/\\\/zst.klodzko.pl\\\/zst\\\/18572-2\\\/#primaryimage\"},\"thumbnailUrl\":\"https:\\\/\\\/zst.klodzko.pl\\\/zst\\\/wp-content\\\/uploads\\\/2022\\\/03\\\/274845821_3091523604509160_6828963143914037993_n.jpg\",\"datePublished\":\"2022-03-04T16:17:52+00:00\",\"dateModified\":\"2022-03-04T16:18:11+00:00\",\"inLanguage\":\"pl-PL\",\"potentialAction\":[{\"@type\":\"ReadAction\",\"target\":[\"https:\\\/\\\/zst.klodzko.pl\\\/zst\\\/18572-2\\\/\"]}]},{\"@type\":\"ImageObject\",\"inLanguage\":\"pl-PL\",\"@id\":\"https:\\\/\\\/zst.klodzko.pl\\\/zst\\\/18572-2\\\/#primaryimage\",\"url\":\"https:\\\/\\\/zst.klodzko.pl\\\/zst\\\/wp-content\\\/uploads\\\/2022\\\/03\\\/274845821_3091523604509160_6828963143914037993_n.jpg\",\"contentUrl\":\"https:\\\/\\\/zst.klodzko.pl\\\/zst\\\/wp-content\\\/uploads\\\/2022\\\/03\\\/274845821_3091523604509160_6828963143914037993_n.jpg\",\"width\":1120,\"height\":2016,\"caption\":\"We wtorek (01.03.2022 r.) przewodnictwo nad szkolnym samorz\u0105dem ZST obj\u0119\u0142a uczennica klasy 3jTS Emilia Iwaniszyn\"},{\"@type\":\"WebSite\",\"@id\":\"https:\\\/\\\/zst.klodzko.pl\\\/zst\\\/#website\",\"url\":\"https:\\\/\\\/zst.klodzko.pl\\\/zst\\\/\",\"name\":\"Zesp\u00f3\u0142 Szk\u00f3\u0142 Technicznych w K\u0142odzku\",\"description\":\"Oficjalna strona ZST w K\u0142odzku (dawniej ZSP nr 1 w K\u0142odzku) - Budowlanka\",\"publisher\":{\"@id\":\"https:\\\/\\\/zst.klodzko.pl\\\/zst\\\/#organization\"},\"potentialAction\":[{\"@type\":\"SearchAction\",\"target\":{\"@type\":\"EntryPoint\",\"urlTemplate\":\"https:\\\/\\\/zst.klodzko.pl\\\/zst\\\/?s={search_term_string}\"},\"query-input\":{\"@type\":\"PropertyValueSpecification\",\"valueRequired\":true,\"valueName\":\"search_term_string\"}}],\"inLanguage\":\"pl-PL\"},{\"@type\":\"Organization\",\"@id\":\"https:\\\/\\\/zst.klodzko.pl\\\/zst\\\/#organization\",\"name\":\"Zesp\u00f3\u0142 Szk\u00f3\u0142 Technicznych w K\u0142odzku\",\"url\":\"https:\\\/\\\/zst.klodzko.pl\\\/zst\\\/\",\"logo\":{\"@type\":\"ImageObject\",\"inLanguage\":\"pl-PL\",\"@id\":\"https:\\\/\\\/zst.klodzko.pl\\\/zst\\\/#\\\/schema\\\/logo\\\/image\\\/\",\"url\":\"https:\\\/\\\/zst.klodzko.pl\\\/zst\\\/wp-content\\\/uploads\\\/2018\\\/05\\\/patron_bud.png\",\"contentUrl\":\"https:\\\/\\\/zst.klodzko.pl\\\/zst\\\/wp-content\\\/uploads\\\/2018\\\/05\\\/patron_bud.png\",\"width\":208,\"height\":205,\"caption\":\"Zesp\u00f3\u0142 Szk\u00f3\u0142 Technicznych w K\u0142odzku\"},\"image\":{\"@id\":\"https:\\\/\\\/zst.klodzko.pl\\\/zst\\\/#\\\/schema\\\/logo\\\/image\\\/\"},\"sameAs\":[\"https:\\\/\\\/www.facebook.com\\\/zst.klodzko\",\"https:\\\/\\\/x.com\\\/Budowlanka_ZST\",\"https:\\\/\\\/www.youtube.com\\\/channel\\\/UCueLhwUV3X9Ph8PMH7j4ugA\",\"https:\\\/\\\/pl.wikipedia.org\\\/wiki\\\/Zesp\u00f3\u0142_Szk\u00f3\u0142_Technicznych_w_K\u0142odzku\"]},{\"@type\":\"Person\",\"@id\":\"https:\\\/\\\/zst.klodzko.pl\\\/zst\\\/#\\\/schema\\\/person\\\/7ad3759462b88dca0c831372a7f5c825\",\"name\":\"Aktualno\u015bci \u201eBUDOWLANKI\u201d\"}]}<\/script>\n<!-- \/ Yoast SEO plugin. -->","yoast_head_json":{"title":"&#8212; Zesp\u00f3\u0142 Szk\u00f3\u0142 Technicznych w K\u0142odzku","robots":{"index":"index","follow":"follow","max-snippet":"max-snippet:-1","max-image-preview":"max-image-preview:large","max-video-preview":"max-video-preview:-1"},"canonical":"https:\/\/zst.klodzko.pl\/zst\/18572-2\/","og_locale":"pl_PL","og_type":"article","og_title":"&#8212; Zesp\u00f3\u0142 Szk\u00f3\u0142 Technicznych w K\u0142odzku","og_description":"We wtorek (01.03.2022 r.) przewodnictwo nad szkolnym samorz\u0105dem ZST obj\u0119\u0142a uczennica klasy 3j TS Emilia Iwaniszyn. W\u015br\u00f3d licznych gratulacji by\u0142y r\u00f3wnie\u017c te od dyrektora Jacka Szczepa\u0144skiego. Emilka b\u0119dzie pe\u0142ni\u0107 swoj\u0105 funkcj\u0119 wraz z przewodnicz\u0105c\u0105 klas mundurowych Oliwi\u0105 \u0141uczko z klasy &hellip; Czytaj dalej &rarr;","og_url":"https:\/\/zst.klodzko.pl\/zst\/18572-2\/","og_site_name":"Zesp\u00f3\u0142 Szk\u00f3\u0142 Technicznych w K\u0142odzku","article_publisher":"https:\/\/www.facebook.com\/zst.klodzko","article_published_time":"2022-03-04T16:17:52+00:00","article_modified_time":"2022-03-04T16:18:11+00:00","og_image":[{"url":"https:\/\/zst.klodzko.pl\/zst\/wp-content\/uploads\/2022\/03\/274845821_3091523604509160_6828963143914037993_n.jpg","type":"","width":"","height":""}],"author":"Aktualno\u015bci \u201eBUDOWLANKI\u201d","twitter_card":"summary_large_image","twitter_creator":"@Budowlanka_ZST","twitter_site":"@Budowlanka_ZST","twitter_misc":{"Napisane przez":"Aktualno\u015bci \u201eBUDOWLANKI\u201d","Szacowany czas czytania":"1 minuta"},"schema":{"@context":"https:\/\/schema.org","@graph":[{"@type":"Article","@id":"https:\/\/zst.klodzko.pl\/zst\/18572-2\/#article","isPartOf":{"@id":"https:\/\/zst.klodzko.pl\/zst\/18572-2\/"},"author":{"name":"Aktualno\u015bci \u201eBUDOWLANKI\u201d","@id":"https:\/\/zst.klodzko.pl\/zst\/#\/schema\/person\/7ad3759462b88dca0c831372a7f5c825"},"headline":"Brak tytu\u0142u","datePublished":"2022-03-04T16:17:52+00:00","dateModified":"2022-03-04T16:18:11+00:00","mainEntityOfPage":{"@id":"https:\/\/zst.klodzko.pl\/zst\/18572-2\/"},"wordCount":62,"publisher":{"@id":"https:\/\/zst.klodzko.pl\/zst\/#organization"},"image":{"@id":"https:\/\/zst.klodzko.pl\/zst\/18572-2\/#primaryimage"},"thumbnailUrl":"https:\/\/zst.klodzko.pl\/zst\/wp-content\/uploads\/2022\/03\/274845821_3091523604509160_6828963143914037993_n.jpg","articleSection":["Aktualno\u015bci"],"inLanguage":"pl-PL"},{"@type":"WebPage","@id":"https:\/\/zst.klodzko.pl\/zst\/18572-2\/","url":"https:\/\/zst.klodzko.pl\/zst\/18572-2\/","name":"&#8212; Zesp\u00f3\u0142 Szk\u00f3\u0142 Technicznych w K\u0142odzku","isPartOf":{"@id":"https:\/\/zst.klodzko.pl\/zst\/#website"},"primaryImageOfPage":{"@id":"https:\/\/zst.klodzko.pl\/zst\/18572-2\/#primaryimage"},"image":{"@id":"https:\/\/zst.klodzko.pl\/zst\/18572-2\/#primaryimage"},"thumbnailUrl":"https:\/\/zst.klodzko.pl\/zst\/wp-content\/uploads\/2022\/03\/274845821_3091523604509160_6828963143914037993_n.jpg","datePublished":"2022-03-04T16:17:52+00:00","dateModified":"2022-03-04T16:18:11+00:00","inLanguage":"pl-PL","potentialAction":[{"@type":"ReadAction","target":["https:\/\/zst.klodzko.pl\/zst\/18572-2\/"]}]},{"@type":"ImageObject","inLanguage":"pl-PL","@id":"https:\/\/zst.klodzko.pl\/zst\/18572-2\/#primaryimage","url":"https:\/\/zst.klodzko.pl\/zst\/wp-content\/uploads\/2022\/03\/274845821_3091523604509160_6828963143914037993_n.jpg","contentUrl":"https:\/\/zst.klodzko.pl\/zst\/wp-content\/uploads\/2022\/03\/274845821_3091523604509160_6828963143914037993_n.jpg","width":1120,"height":2016,"caption":"We wtorek (01.03.2022 r.) przewodnictwo nad szkolnym samorz\u0105dem ZST obj\u0119\u0142a uczennica klasy 3jTS Emilia Iwaniszyn"},{"@type":"WebSite","@id":"https:\/\/zst.klodzko.pl\/zst\/#website","url":"https:\/\/zst.klodzko.pl\/zst\/","name":"Zesp\u00f3\u0142 Szk\u00f3\u0142 Technicznych w K\u0142odzku","description":"Oficjalna strona ZST w K\u0142odzku (dawniej ZSP nr 1 w K\u0142odzku) - Budowlanka","publisher":{"@id":"https:\/\/zst.klodzko.pl\/zst\/#organization"},"potentialAction":[{"@type":"SearchAction","target":{"@type":"EntryPoint","urlTemplate":"https:\/\/zst.klodzko.pl\/zst\/?s={search_term_string}"},"query-input":{"@type":"PropertyValueSpecification","valueRequired":true,"valueName":"search_term_string"}}],"inLanguage":"pl-PL"},{"@type":"Organization","@id":"https:\/\/zst.klodzko.pl\/zst\/#organization","name":"Zesp\u00f3\u0142 Szk\u00f3\u0142 Technicznych w K\u0142odzku","url":"https:\/\/zst.klodzko.pl\/zst\/","logo":{"@type":"ImageObject","inLanguage":"pl-PL","@id":"https:\/\/zst.klodzko.pl\/zst\/#\/schema\/logo\/image\/","url":"https:\/\/zst.klodzko.pl\/zst\/wp-content\/uploads\/2018\/05\/patron_bud.png","contentUrl":"https:\/\/zst.klodzko.pl\/zst\/wp-content\/uploads\/2018\/05\/patron_bud.png","width":208,"height":205,"caption":"Zesp\u00f3\u0142 Szk\u00f3\u0142 Technicznych w K\u0142odzku"},"image":{"@id":"https:\/\/zst.klodzko.pl\/zst\/#\/schema\/logo\/image\/"},"sameAs":["https:\/\/www.facebook.com\/zst.klodzko","https:\/\/x.com\/Budowlanka_ZST","https:\/\/www.youtube.com\/channel\/UCueLhwUV3X9Ph8PMH7j4ugA","https:\/\/pl.wikipedia.org\/wiki\/Zesp\u00f3\u0142_Szk\u00f3\u0142_Technicznych_w_K\u0142odzku"]},{"@type":"Person","@id":"https:\/\/zst.klodzko.pl\/zst\/#\/schema\/person\/7ad3759462b88dca0c831372a7f5c825","name":"Aktualno\u015bci \u201eBUDOWLANKI\u201d"}]}},"_links":{"self":[{"href":"https:\/\/zst.klodzko.pl\/zst\/wp-json\/wp\/v2\/posts\/18572","targetHints":{"allow":["GET"]}}],"collection":[{"href":"https:\/\/zst.klodzko.pl\/zst\/wp-json\/wp\/v2\/posts"}],"about":[{"href":"https:\/\/zst.klodzko.pl\/zst\/wp-json\/wp\/v2\/types\/post"}],"author":[{"embeddable":true,"href":"https:\/\/zst.klodzko.pl\/zst\/wp-json\/wp\/v2\/users\/1"}],"replies":[{"embeddable":true,"href":"https:\/\/zst.klodzko.pl\/zst\/wp-json\/wp\/v2\/comments?post=18572"}],"version-history":[{"count":2,"href":"https:\/\/zst.klodzko.pl\/zst\/wp-json\/wp\/v2\/posts\/18572\/revisions"}],"predecessor-version":[{"id":18576,"href":"https:\/\/zst.klodzko.pl\/zst\/wp-json\/wp\/v2\/posts\/18572\/revisions\/18576"}],"wp:attachment":[{"href":"https:\/\/zst.klodzko.pl\/zst\/wp-json\/wp\/v2\/media?parent=18572"}],"wp:term":[{"taxonomy":"category","embeddable":true,"href":"https:\/\/zst.klodzko.pl\/zst\/wp-json\/wp\/v2\/categories?post=18572"},{"taxonomy":"post_tag","embeddable":true,"href":"https:\/\/zst.klodzko.pl\/zst\/wp-json\/wp\/v2\/tags?post=18572"}],"curies":[{"name":"wp","href":"https:\/\/api.w.org\/{rel}","templated":true}]}}