{"id":19765,"date":"2022-08-23T10:36:37","date_gmt":"2022-08-23T08:36:37","guid":{"rendered":"https:\/\/zst.klodzko.pl\/zst\/?p=19765"},"modified":"2022-08-26T07:23:28","modified_gmt":"2022-08-26T05:23:28","slug":"24-sierpnia-dzien-niepodleglosci-ukrainy","status":"publish","type":"post","link":"https:\/\/zst.klodzko.pl\/zst\/24-sierpnia-dzien-niepodleglosci-ukrainy\/","title":{"rendered":"24 sierpnia \u2013 Dzie\u0144 Niepodleg\u0142o\u015bci Ukrainy"},"content":{"rendered":"<p><img fetchpriority=\"high\" decoding=\"async\" class=\"wp-image-19768 size-full aligncenter\" src=\"https:\/\/zst.klodzko.pl\/zst\/wp-content\/uploads\/2022\/08\/Dzien_Niepodleglosci_Ukrainy.jpg\" alt=\"24 sierpnia - Dzie\u0144 Niepodleg\u0142o\u015bci Ukrainy\" width=\"2048\" height=\"1024\" srcset=\"https:\/\/zst.klodzko.pl\/zst\/wp-content\/uploads\/2022\/08\/Dzien_Niepodleglosci_Ukrainy.jpg 2048w, https:\/\/zst.klodzko.pl\/zst\/wp-content\/uploads\/2022\/08\/Dzien_Niepodleglosci_Ukrainy-300x150.jpg 300w, https:\/\/zst.klodzko.pl\/zst\/wp-content\/uploads\/2022\/08\/Dzien_Niepodleglosci_Ukrainy-1024x512.jpg 1024w, https:\/\/zst.klodzko.pl\/zst\/wp-content\/uploads\/2022\/08\/Dzien_Niepodleglosci_Ukrainy-768x384.jpg 768w, https:\/\/zst.klodzko.pl\/zst\/wp-content\/uploads\/2022\/08\/Dzien_Niepodleglosci_Ukrainy-1536x768.jpg 1536w, https:\/\/zst.klodzko.pl\/zst\/wp-content\/uploads\/2022\/08\/Dzien_Niepodleglosci_Ukrainy-500x250.jpg 500w\" sizes=\"(max-width: 2048px) 100vw, 2048px\" \/><\/p>\n","protected":false},"excerpt":{"rendered":"","protected":false},"author":1,"featured_media":0,"comment_status":"closed","ping_status":"closed","sticky":false,"template":"","format":"standard","meta":{"footnotes":""},"categories":[1],"tags":[],"class_list":["post-19765","post","type-post","status-publish","format-standard","hentry","category-aktualnosci"],"yoast_head":"<!-- This site is optimized with the Yoast SEO plugin v27.4 - https:\/\/yoast.com\/product\/yoast-seo-wordpress\/ -->\n<title>24 sierpnia \u2013 Dzie\u0144 Niepodleg\u0142o\u015bci Ukrainy &#8212; Zesp\u00f3\u0142 Szk\u00f3\u0142 Technicznych w K\u0142odzku<\/title>\n<meta name=\"robots\" content=\"index, follow, max-snippet:-1, max-image-preview:large, max-video-preview:-1\" \/>\n<link rel=\"canonical\" href=\"https:\/\/zst.klodzko.pl\/zst\/24-sierpnia-dzien-niepodleglosci-ukrainy\/\" \/>\n<meta property=\"og:locale\" content=\"pl_PL\" \/>\n<meta property=\"og:type\" content=\"article\" \/>\n<meta property=\"og:title\" content=\"24 sierpnia \u2013 Dzie\u0144 Niepodleg\u0142o\u015bci Ukrainy &#8212; Zesp\u00f3\u0142 Szk\u00f3\u0142 Technicznych w K\u0142odzku\" \/>\n<meta property=\"og:url\" content=\"https:\/\/zst.klodzko.pl\/zst\/24-sierpnia-dzien-niepodleglosci-ukrainy\/\" \/>\n<meta property=\"og:site_name\" content=\"Zesp\u00f3\u0142 Szk\u00f3\u0142 Technicznych w K\u0142odzku\" \/>\n<meta property=\"article:publisher\" content=\"https:\/\/www.facebook.com\/zst.klodzko\" \/>\n<meta property=\"article:published_time\" content=\"2022-08-23T08:36:37+00:00\" \/>\n<meta property=\"article:modified_time\" content=\"2022-08-26T05:23:28+00:00\" \/>\n<meta property=\"og:image\" content=\"https:\/\/zst.klodzko.pl\/zst\/wp-content\/uploads\/2022\/08\/Dzien_Niepodleglosci_Ukrainy.jpg\" \/>\n<meta name=\"author\" content=\"Aktualno\u015bci \u201eBUDOWLANKI\u201d\" \/>\n<meta name=\"twitter:card\" content=\"summary_large_image\" \/>\n<meta name=\"twitter:creator\" content=\"@Budowlanka_ZST\" \/>\n<meta name=\"twitter:site\" content=\"@Budowlanka_ZST\" \/>\n<meta name=\"twitter:label1\" content=\"Napisane przez\" \/>\n\t<meta name=\"twitter:data1\" content=\"Aktualno\u015bci \u201eBUDOWLANKI\u201d\" \/>\n\t<meta name=\"twitter:label2\" content=\"Szacowany czas czytania\" \/>\n\t<meta name=\"twitter:data2\" content=\"1 minuta\" \/>\n<script type=\"application\/ld+json\" class=\"yoast-schema-graph\">{\"@context\":\"https:\\\/\\\/schema.org\",\"@graph\":[{\"@type\":\"Article\",\"@id\":\"https:\\\/\\\/zst.klodzko.pl\\\/zst\\\/24-sierpnia-dzien-niepodleglosci-ukrainy\\\/#article\",\"isPartOf\":{\"@id\":\"https:\\\/\\\/zst.klodzko.pl\\\/zst\\\/24-sierpnia-dzien-niepodleglosci-ukrainy\\\/\"},\"author\":{\"name\":\"Aktualno\u015bci \u201eBUDOWLANKI\u201d\",\"@id\":\"https:\\\/\\\/zst.klodzko.pl\\\/zst\\\/#\\\/schema\\\/person\\\/7ad3759462b88dca0c831372a7f5c825\"},\"headline\":\"24 sierpnia \u2013 Dzie\u0144 Niepodleg\u0142o\u015bci Ukrainy\",\"datePublished\":\"2022-08-23T08:36:37+00:00\",\"dateModified\":\"2022-08-26T05:23:28+00:00\",\"mainEntityOfPage\":{\"@id\":\"https:\\\/\\\/zst.klodzko.pl\\\/zst\\\/24-sierpnia-dzien-niepodleglosci-ukrainy\\\/\"},\"wordCount\":6,\"publisher\":{\"@id\":\"https:\\\/\\\/zst.klodzko.pl\\\/zst\\\/#organization\"},\"image\":{\"@id\":\"https:\\\/\\\/zst.klodzko.pl\\\/zst\\\/24-sierpnia-dzien-niepodleglosci-ukrainy\\\/#primaryimage\"},\"thumbnailUrl\":\"https:\\\/\\\/zst.klodzko.pl\\\/zst\\\/wp-content\\\/uploads\\\/2022\\\/08\\\/Dzien_Niepodleglosci_Ukrainy.jpg\",\"articleSection\":[\"Aktualno\u015bci\"],\"inLanguage\":\"pl-PL\"},{\"@type\":\"WebPage\",\"@id\":\"https:\\\/\\\/zst.klodzko.pl\\\/zst\\\/24-sierpnia-dzien-niepodleglosci-ukrainy\\\/\",\"url\":\"https:\\\/\\\/zst.klodzko.pl\\\/zst\\\/24-sierpnia-dzien-niepodleglosci-ukrainy\\\/\",\"name\":\"24 sierpnia \u2013 Dzie\u0144 Niepodleg\u0142o\u015bci Ukrainy &#8212; Zesp\u00f3\u0142 Szk\u00f3\u0142 Technicznych w K\u0142odzku\",\"isPartOf\":{\"@id\":\"https:\\\/\\\/zst.klodzko.pl\\\/zst\\\/#website\"},\"primaryImageOfPage\":{\"@id\":\"https:\\\/\\\/zst.klodzko.pl\\\/zst\\\/24-sierpnia-dzien-niepodleglosci-ukrainy\\\/#primaryimage\"},\"image\":{\"@id\":\"https:\\\/\\\/zst.klodzko.pl\\\/zst\\\/24-sierpnia-dzien-niepodleglosci-ukrainy\\\/#primaryimage\"},\"thumbnailUrl\":\"https:\\\/\\\/zst.klodzko.pl\\\/zst\\\/wp-content\\\/uploads\\\/2022\\\/08\\\/Dzien_Niepodleglosci_Ukrainy.jpg\",\"datePublished\":\"2022-08-23T08:36:37+00:00\",\"dateModified\":\"2022-08-26T05:23:28+00:00\",\"breadcrumb\":{\"@id\":\"https:\\\/\\\/zst.klodzko.pl\\\/zst\\\/24-sierpnia-dzien-niepodleglosci-ukrainy\\\/#breadcrumb\"},\"inLanguage\":\"pl-PL\",\"potentialAction\":[{\"@type\":\"ReadAction\",\"target\":[\"https:\\\/\\\/zst.klodzko.pl\\\/zst\\\/24-sierpnia-dzien-niepodleglosci-ukrainy\\\/\"]}]},{\"@type\":\"ImageObject\",\"inLanguage\":\"pl-PL\",\"@id\":\"https:\\\/\\\/zst.klodzko.pl\\\/zst\\\/24-sierpnia-dzien-niepodleglosci-ukrainy\\\/#primaryimage\",\"url\":\"https:\\\/\\\/zst.klodzko.pl\\\/zst\\\/wp-content\\\/uploads\\\/2022\\\/08\\\/Dzien_Niepodleglosci_Ukrainy.jpg\",\"contentUrl\":\"https:\\\/\\\/zst.klodzko.pl\\\/zst\\\/wp-content\\\/uploads\\\/2022\\\/08\\\/Dzien_Niepodleglosci_Ukrainy.jpg\",\"width\":2048,\"height\":1024,\"caption\":\"24 sierpnia - Dzie\u0144 Niepodleg\u0142o\u015bci Ukrainy\"},{\"@type\":\"BreadcrumbList\",\"@id\":\"https:\\\/\\\/zst.klodzko.pl\\\/zst\\\/24-sierpnia-dzien-niepodleglosci-ukrainy\\\/#breadcrumb\",\"itemListElement\":[{\"@type\":\"ListItem\",\"position\":1,\"name\":\"Strona g\u0142\u00f3wna\",\"item\":\"https:\\\/\\\/zst.klodzko.pl\\\/zst\\\/\"},{\"@type\":\"ListItem\",\"position\":2,\"name\":\"24 sierpnia \u2013 Dzie\u0144 Niepodleg\u0142o\u015bci Ukrainy\"}]},{\"@type\":\"WebSite\",\"@id\":\"https:\\\/\\\/zst.klodzko.pl\\\/zst\\\/#website\",\"url\":\"https:\\\/\\\/zst.klodzko.pl\\\/zst\\\/\",\"name\":\"Zesp\u00f3\u0142 Szk\u00f3\u0142 Technicznych w K\u0142odzku\",\"description\":\"Oficjalna strona ZST w K\u0142odzku (dawniej ZSP nr 1 w K\u0142odzku) - Budowlanka\",\"publisher\":{\"@id\":\"https:\\\/\\\/zst.klodzko.pl\\\/zst\\\/#organization\"},\"potentialAction\":[{\"@type\":\"SearchAction\",\"target\":{\"@type\":\"EntryPoint\",\"urlTemplate\":\"https:\\\/\\\/zst.klodzko.pl\\\/zst\\\/?s={search_term_string}\"},\"query-input\":{\"@type\":\"PropertyValueSpecification\",\"valueRequired\":true,\"valueName\":\"search_term_string\"}}],\"inLanguage\":\"pl-PL\"},{\"@type\":\"Organization\",\"@id\":\"https:\\\/\\\/zst.klodzko.pl\\\/zst\\\/#organization\",\"name\":\"Zesp\u00f3\u0142 Szk\u00f3\u0142 Technicznych w K\u0142odzku\",\"url\":\"https:\\\/\\\/zst.klodzko.pl\\\/zst\\\/\",\"logo\":{\"@type\":\"ImageObject\",\"inLanguage\":\"pl-PL\",\"@id\":\"https:\\\/\\\/zst.klodzko.pl\\\/zst\\\/#\\\/schema\\\/logo\\\/image\\\/\",\"url\":\"https:\\\/\\\/zst.klodzko.pl\\\/zst\\\/wp-content\\\/uploads\\\/2018\\\/05\\\/patron_bud.png\",\"contentUrl\":\"https:\\\/\\\/zst.klodzko.pl\\\/zst\\\/wp-content\\\/uploads\\\/2018\\\/05\\\/patron_bud.png\",\"width\":208,\"height\":205,\"caption\":\"Zesp\u00f3\u0142 Szk\u00f3\u0142 Technicznych w K\u0142odzku\"},\"image\":{\"@id\":\"https:\\\/\\\/zst.klodzko.pl\\\/zst\\\/#\\\/schema\\\/logo\\\/image\\\/\"},\"sameAs\":[\"https:\\\/\\\/www.facebook.com\\\/zst.klodzko\",\"https:\\\/\\\/x.com\\\/Budowlanka_ZST\",\"https:\\\/\\\/www.youtube.com\\\/channel\\\/UCueLhwUV3X9Ph8PMH7j4ugA\",\"https:\\\/\\\/pl.wikipedia.org\\\/wiki\\\/Zesp\u00f3\u0142_Szk\u00f3\u0142_Technicznych_w_K\u0142odzku\"]},{\"@type\":\"Person\",\"@id\":\"https:\\\/\\\/zst.klodzko.pl\\\/zst\\\/#\\\/schema\\\/person\\\/7ad3759462b88dca0c831372a7f5c825\",\"name\":\"Aktualno\u015bci \u201eBUDOWLANKI\u201d\"}]}<\/script>\n<!-- \/ Yoast SEO plugin. -->","yoast_head_json":{"title":"24 sierpnia \u2013 Dzie\u0144 Niepodleg\u0142o\u015bci Ukrainy &#8212; Zesp\u00f3\u0142 Szk\u00f3\u0142 Technicznych w K\u0142odzku","robots":{"index":"index","follow":"follow","max-snippet":"max-snippet:-1","max-image-preview":"max-image-preview:large","max-video-preview":"max-video-preview:-1"},"canonical":"https:\/\/zst.klodzko.pl\/zst\/24-sierpnia-dzien-niepodleglosci-ukrainy\/","og_locale":"pl_PL","og_type":"article","og_title":"24 sierpnia \u2013 Dzie\u0144 Niepodleg\u0142o\u015bci Ukrainy &#8212; Zesp\u00f3\u0142 Szk\u00f3\u0142 Technicznych w K\u0142odzku","og_url":"https:\/\/zst.klodzko.pl\/zst\/24-sierpnia-dzien-niepodleglosci-ukrainy\/","og_site_name":"Zesp\u00f3\u0142 Szk\u00f3\u0142 Technicznych w K\u0142odzku","article_publisher":"https:\/\/www.facebook.com\/zst.klodzko","article_published_time":"2022-08-23T08:36:37+00:00","article_modified_time":"2022-08-26T05:23:28+00:00","og_image":[{"url":"https:\/\/zst.klodzko.pl\/zst\/wp-content\/uploads\/2022\/08\/Dzien_Niepodleglosci_Ukrainy.jpg","type":"","width":"","height":""}],"author":"Aktualno\u015bci \u201eBUDOWLANKI\u201d","twitter_card":"summary_large_image","twitter_creator":"@Budowlanka_ZST","twitter_site":"@Budowlanka_ZST","twitter_misc":{"Napisane przez":"Aktualno\u015bci \u201eBUDOWLANKI\u201d","Szacowany czas czytania":"1 minuta"},"schema":{"@context":"https:\/\/schema.org","@graph":[{"@type":"Article","@id":"https:\/\/zst.klodzko.pl\/zst\/24-sierpnia-dzien-niepodleglosci-ukrainy\/#article","isPartOf":{"@id":"https:\/\/zst.klodzko.pl\/zst\/24-sierpnia-dzien-niepodleglosci-ukrainy\/"},"author":{"name":"Aktualno\u015bci \u201eBUDOWLANKI\u201d","@id":"https:\/\/zst.klodzko.pl\/zst\/#\/schema\/person\/7ad3759462b88dca0c831372a7f5c825"},"headline":"24 sierpnia \u2013 Dzie\u0144 Niepodleg\u0142o\u015bci Ukrainy","datePublished":"2022-08-23T08:36:37+00:00","dateModified":"2022-08-26T05:23:28+00:00","mainEntityOfPage":{"@id":"https:\/\/zst.klodzko.pl\/zst\/24-sierpnia-dzien-niepodleglosci-ukrainy\/"},"wordCount":6,"publisher":{"@id":"https:\/\/zst.klodzko.pl\/zst\/#organization"},"image":{"@id":"https:\/\/zst.klodzko.pl\/zst\/24-sierpnia-dzien-niepodleglosci-ukrainy\/#primaryimage"},"thumbnailUrl":"https:\/\/zst.klodzko.pl\/zst\/wp-content\/uploads\/2022\/08\/Dzien_Niepodleglosci_Ukrainy.jpg","articleSection":["Aktualno\u015bci"],"inLanguage":"pl-PL"},{"@type":"WebPage","@id":"https:\/\/zst.klodzko.pl\/zst\/24-sierpnia-dzien-niepodleglosci-ukrainy\/","url":"https:\/\/zst.klodzko.pl\/zst\/24-sierpnia-dzien-niepodleglosci-ukrainy\/","name":"24 sierpnia \u2013 Dzie\u0144 Niepodleg\u0142o\u015bci Ukrainy &#8212; Zesp\u00f3\u0142 Szk\u00f3\u0142 Technicznych w K\u0142odzku","isPartOf":{"@id":"https:\/\/zst.klodzko.pl\/zst\/#website"},"primaryImageOfPage":{"@id":"https:\/\/zst.klodzko.pl\/zst\/24-sierpnia-dzien-niepodleglosci-ukrainy\/#primaryimage"},"image":{"@id":"https:\/\/zst.klodzko.pl\/zst\/24-sierpnia-dzien-niepodleglosci-ukrainy\/#primaryimage"},"thumbnailUrl":"https:\/\/zst.klodzko.pl\/zst\/wp-content\/uploads\/2022\/08\/Dzien_Niepodleglosci_Ukrainy.jpg","datePublished":"2022-08-23T08:36:37+00:00","dateModified":"2022-08-26T05:23:28+00:00","breadcrumb":{"@id":"https:\/\/zst.klodzko.pl\/zst\/24-sierpnia-dzien-niepodleglosci-ukrainy\/#breadcrumb"},"inLanguage":"pl-PL","potentialAction":[{"@type":"ReadAction","target":["https:\/\/zst.klodzko.pl\/zst\/24-sierpnia-dzien-niepodleglosci-ukrainy\/"]}]},{"@type":"ImageObject","inLanguage":"pl-PL","@id":"https:\/\/zst.klodzko.pl\/zst\/24-sierpnia-dzien-niepodleglosci-ukrainy\/#primaryimage","url":"https:\/\/zst.klodzko.pl\/zst\/wp-content\/uploads\/2022\/08\/Dzien_Niepodleglosci_Ukrainy.jpg","contentUrl":"https:\/\/zst.klodzko.pl\/zst\/wp-content\/uploads\/2022\/08\/Dzien_Niepodleglosci_Ukrainy.jpg","width":2048,"height":1024,"caption":"24 sierpnia - Dzie\u0144 Niepodleg\u0142o\u015bci Ukrainy"},{"@type":"BreadcrumbList","@id":"https:\/\/zst.klodzko.pl\/zst\/24-sierpnia-dzien-niepodleglosci-ukrainy\/#breadcrumb","itemListElement":[{"@type":"ListItem","position":1,"name":"Strona g\u0142\u00f3wna","item":"https:\/\/zst.klodzko.pl\/zst\/"},{"@type":"ListItem","position":2,"name":"24 sierpnia \u2013 Dzie\u0144 Niepodleg\u0142o\u015bci Ukrainy"}]},{"@type":"WebSite","@id":"https:\/\/zst.klodzko.pl\/zst\/#website","url":"https:\/\/zst.klodzko.pl\/zst\/","name":"Zesp\u00f3\u0142 Szk\u00f3\u0142 Technicznych w K\u0142odzku","description":"Oficjalna strona ZST w K\u0142odzku (dawniej ZSP nr 1 w K\u0142odzku) - Budowlanka","publisher":{"@id":"https:\/\/zst.klodzko.pl\/zst\/#organization"},"potentialAction":[{"@type":"SearchAction","target":{"@type":"EntryPoint","urlTemplate":"https:\/\/zst.klodzko.pl\/zst\/?s={search_term_string}"},"query-input":{"@type":"PropertyValueSpecification","valueRequired":true,"valueName":"search_term_string"}}],"inLanguage":"pl-PL"},{"@type":"Organization","@id":"https:\/\/zst.klodzko.pl\/zst\/#organization","name":"Zesp\u00f3\u0142 Szk\u00f3\u0142 Technicznych w K\u0142odzku","url":"https:\/\/zst.klodzko.pl\/zst\/","logo":{"@type":"ImageObject","inLanguage":"pl-PL","@id":"https:\/\/zst.klodzko.pl\/zst\/#\/schema\/logo\/image\/","url":"https:\/\/zst.klodzko.pl\/zst\/wp-content\/uploads\/2018\/05\/patron_bud.png","contentUrl":"https:\/\/zst.klodzko.pl\/zst\/wp-content\/uploads\/2018\/05\/patron_bud.png","width":208,"height":205,"caption":"Zesp\u00f3\u0142 Szk\u00f3\u0142 Technicznych w K\u0142odzku"},"image":{"@id":"https:\/\/zst.klodzko.pl\/zst\/#\/schema\/logo\/image\/"},"sameAs":["https:\/\/www.facebook.com\/zst.klodzko","https:\/\/x.com\/Budowlanka_ZST","https:\/\/www.youtube.com\/channel\/UCueLhwUV3X9Ph8PMH7j4ugA","https:\/\/pl.wikipedia.org\/wiki\/Zesp\u00f3\u0142_Szk\u00f3\u0142_Technicznych_w_K\u0142odzku"]},{"@type":"Person","@id":"https:\/\/zst.klodzko.pl\/zst\/#\/schema\/person\/7ad3759462b88dca0c831372a7f5c825","name":"Aktualno\u015bci \u201eBUDOWLANKI\u201d"}]}},"_links":{"self":[{"href":"https:\/\/zst.klodzko.pl\/zst\/wp-json\/wp\/v2\/posts\/19765","targetHints":{"allow":["GET"]}}],"collection":[{"href":"https:\/\/zst.klodzko.pl\/zst\/wp-json\/wp\/v2\/posts"}],"about":[{"href":"https:\/\/zst.klodzko.pl\/zst\/wp-json\/wp\/v2\/types\/post"}],"author":[{"embeddable":true,"href":"https:\/\/zst.klodzko.pl\/zst\/wp-json\/wp\/v2\/users\/1"}],"replies":[{"embeddable":true,"href":"https:\/\/zst.klodzko.pl\/zst\/wp-json\/wp\/v2\/comments?post=19765"}],"version-history":[{"count":2,"href":"https:\/\/zst.klodzko.pl\/zst\/wp-json\/wp\/v2\/posts\/19765\/revisions"}],"predecessor-version":[{"id":19769,"href":"https:\/\/zst.klodzko.pl\/zst\/wp-json\/wp\/v2\/posts\/19765\/revisions\/19769"}],"wp:attachment":[{"href":"https:\/\/zst.klodzko.pl\/zst\/wp-json\/wp\/v2\/media?parent=19765"}],"wp:term":[{"taxonomy":"category","embeddable":true,"href":"https:\/\/zst.klodzko.pl\/zst\/wp-json\/wp\/v2\/categories?post=19765"},{"taxonomy":"post_tag","embeddable":true,"href":"https:\/\/zst.klodzko.pl\/zst\/wp-json\/wp\/v2\/tags?post=19765"}],"curies":[{"name":"wp","href":"https:\/\/api.w.org\/{rel}","templated":true}]}}