{"id":19777,"date":"2022-08-26T14:15:05","date_gmt":"2022-08-26T12:15:05","guid":{"rendered":"https:\/\/zst.klodzko.pl\/zst\/?p=19777"},"modified":"2022-10-27T21:02:42","modified_gmt":"2022-10-27T19:02:42","slug":"konferencja-podsumowujaca-euro-praktyki-dla-klodzka-w-programie-erasmus","status":"publish","type":"post","link":"https:\/\/zst.klodzko.pl\/zst\/konferencja-podsumowujaca-euro-praktyki-dla-klodzka-w-programie-erasmus\/","title":{"rendered":"Konferencja podsumowuj\u0105ca EURO-Praktyki dla K\u0142odzka w programie ERASMUS+"},"content":{"rendered":"<p><img fetchpriority=\"high\" decoding=\"async\" class=\"wp-image-19778 size-full aligncenter\" src=\"https:\/\/zst.klodzko.pl\/zst\/wp-content\/uploads\/2022\/08\/1.jpg\" alt=\"konferencja podsumowuj\u0105ca EURO-Praktyki dla K\u0142odzka w programie ERASMUS+\" width=\"1400\" height=\"787\" srcset=\"https:\/\/zst.klodzko.pl\/zst\/wp-content\/uploads\/2022\/08\/1.jpg 1400w, https:\/\/zst.klodzko.pl\/zst\/wp-content\/uploads\/2022\/08\/1-300x169.jpg 300w, https:\/\/zst.klodzko.pl\/zst\/wp-content\/uploads\/2022\/08\/1-1024x576.jpg 1024w, https:\/\/zst.klodzko.pl\/zst\/wp-content\/uploads\/2022\/08\/1-768x432.jpg 768w, https:\/\/zst.klodzko.pl\/zst\/wp-content\/uploads\/2022\/08\/1-500x281.jpg 500w\" sizes=\"(max-width: 1400px) 100vw, 1400px\" \/><\/p>\n<p><span style=\"color: #171700;\">W dniu 26 sierpnia br. o godz. 13.00 na platformie Teams odby\u0142a si\u0119 konferencja podsumowuj\u0105ca \u201eEURO-Praktyki dla K\u0142odzka\u201d w programie ERASMUS+ ??<br \/>\nPraktyki zagraniczne odbywa\u0142y si\u0119 w Bolonii, Saragossie i na Wyspach Kanaryjskich (Fuerteventura) ??\u00a0 ??\u00a0 ??<\/span><br \/>\n &nbsp;<\/p>\n<div align=\"center\"><iframe title=\"YouTube video player\" src=\"https:\/\/www.youtube.com\/embed\/HLNoxpD_NI8\" width=\"560\" height=\"294\" frameborder=\"0\" allowfullscreen=\"allowfullscreen\"><\/iframe><br \/>\n<iframe title=\"YouTube video player\" src=\"https:\/\/www.youtube.com\/embed\/Znp8rk7IzTs\" width=\"560\" height=\"294\" frameborder=\"0\" allowfullscreen=\"allowfullscreen\"><\/iframe><br \/>\n<iframe title=\"YouTube video player\" src=\"https:\/\/www.youtube.com\/embed\/YPECEG10J7E\" width=\"560\" height=\"294\" frameborder=\"0\" allowfullscreen=\"allowfullscreen\"><\/iframe><\/div>\n<p> &nbsp;<br \/>\n<b>PODSUMOWANIE PROJEKTU:<\/b><br \/>\n&#8211; ponad 300 godzin szkole\u0144 i przygotowa\u0144;<br \/>\n&#8211; ponad 37 00  godzin zagranicznych praktyk;<br \/>\n&#8211; 6 firm zagranicznych, z kt\u00f3rymi utrzymujemy kontakt;<br \/>\n&#8211; nowe procedury i dokumenty.<br \/>\n &nbsp;<\/p>\n<p><b>WNIOSKI<\/b><br \/>\nPobyt i praktyka zagraniczna poprzedzone s\u0105 bardzo ciekawymi szkoleniami: j\u0119zykowym, kulturowym, kt\u00f3ry przybli\u017ca poznanie tradycje i obyczaje a tak\u017ce zwyczaje miejscowej ludno\u015bci i zakresu pierwszej pomocy. Zagraniczne praktyki buduj\u0105 do\u015bwiadczenie zawodowe, a to przecie\u017c jedna z najwa\u017cniejszych rubryk, kt\u00f3r\u0105 wype\u0142nia si\u0119 w CV. Wymagania dzisiejszego rynku pracy czy przysz\u0142ego pracodawcy stawiaj\u0105 m\u0142odym ludziom wysoko poprzeczk\u0119.<br \/>\n &nbsp;<br \/>\nProjekt \u201eEuropraktyki dla K\u0142odzka\u201d staje si\u0119 wi\u0119c wa\u017cnym pocz\u0105tkiem budowania kariery, a przede wszystkim wspania\u0142\u0105 przygod\u0105, kt\u00f3r\u0105 pami\u0119ta si\u0119 przez ca\u0142e \u017cycie, gdy\u017c praktyka wi\u0105\u017ce si\u0119 z pobytem w ciekawych geograficznie miejscach, zwiedzaniem i atrakcyjnymi wycieczkami podczas weekend\u00f3w. G\u0142\u00f3wnym celem rozpocz\u0119tego projektu jest realizacja praktyk w bran\u017cach transportowo-spedycyjnej, budowlanej i energii odnawialnej. W ramach wykonywanej pracy w Saragossie uczniowie zajmuj\u0105 si\u0119: przygotowaniem, kompletacj\u0105 i wysy\u0142k\u0105 towar\u00f3w, obs\u0142ug\u0105 system\u00f3w operacyjnych WMS, ATLAS, kompletacj\u0105 dokumentacji transportowej, monta\u017cem oprzyrz\u0105dowania elektronicznego, poznaniem linii technologicznej i produkcj\u0105 i wysy\u0142k\u0105 posi\u0142k\u00f3w oraz remontami.<br \/>\n &nbsp;<br \/>\nPraktykanci zwracaj\u0105 uwag\u0119 na dobr\u0105 atmosfer\u0119 panuj\u0105c\u0105 w zak\u0142adach pracy, wyra\u017caj\u0105c\u0105 si\u0119 pomoc\u0105 ze strony innych pracownik\u00f3w, wzajemnym zrozumieniem, dobr\u0105 organizacj\u0105, ciekawym charakterem wykonywanych prac. Natomiast praktyka na Fuerteventurze to niezwyk\u0142e prze\u017cycie nie tylko zawodowe ale tak\u017ce kulturowe. Tu stykaj\u0105 si\u0119 dwa \u015bwiaty kosmiczny i wodny. Wyspa jest jak ksi\u0119\u017cyc pokryta wulkanami i law\u0105, na kt\u00f3rej tylko w nielicznych miejscach mo\u017cna zobaczy\u0107 ro\u015blinno\u015b\u0107, otacza j\u0105 b\u0142\u0119kitny ocean. Energetycy ucz\u0105 si\u0119 wykorzystywa\u0107 ten pustynny klimat do odzyskania energii z wiatru i s\u0142o\u0144ca, kt\u00f3rego jest tu pod dostatkiem. Budowla\u0144cy zabezpieczaj\u0105 budynki hotelowe przed oceaniczn\u0105 sol\u0105 i s\u0142o\u0144cem. Logistycy obmy\u015blaj\u0105 plan jak najszybciej i najtaniej dostarczy\u0107 na wysp\u0119 niezb\u0119dne do \u017cycia towary dla mieszka\u0144c\u00f3w.<br \/>\n &nbsp;<br \/>\n &nbsp;<br \/>\n<i>Projekt jest wsp\u00f3\u0142finansowany przez Uni\u0119 Europejsk\u0105 w ramach \u015brodk\u00f3w programu Erasmus+<\/i><\/p>\n","protected":false},"excerpt":{"rendered":"<p>W dniu 26 sierpnia br. o godz. 13.00 na platformie Teams odby\u0142a si\u0119 konferencja podsumowuj\u0105ca \u201eEURO-Praktyki dla K\u0142odzka\u201d w programie ERASMUS+ ?? Praktyki zagraniczne odbywa\u0142y si\u0119 w Bolonii, Saragossie i na Wyspach Kanaryjskich (Fuerteventura) ??\u00a0 ??\u00a0 ?? &nbsp; &nbsp; PODSUMOWANIE &hellip; <a href=\"https:\/\/zst.klodzko.pl\/zst\/konferencja-podsumowujaca-euro-praktyki-dla-klodzka-w-programie-erasmus\/\">Czytaj dalej <span class=\"meta-nav\">&rarr;<\/span><\/a><\/p>\n","protected":false},"author":1,"featured_media":0,"comment_status":"closed","ping_status":"closed","sticky":false,"template":"","format":"standard","meta":{"footnotes":""},"categories":[1],"tags":[],"class_list":["post-19777","post","type-post","status-publish","format-standard","hentry","category-aktualnosci"],"yoast_head":"<!-- This site is optimized with the Yoast SEO plugin v27.4 - https:\/\/yoast.com\/product\/yoast-seo-wordpress\/ -->\n<title>Konferencja podsumowuj\u0105ca EURO-Praktyki dla K\u0142odzka w programie ERASMUS+ &#8212; Zesp\u00f3\u0142 Szk\u00f3\u0142 Technicznych w K\u0142odzku<\/title>\n<meta name=\"robots\" content=\"index, follow, max-snippet:-1, max-image-preview:large, max-video-preview:-1\" \/>\n<link rel=\"canonical\" href=\"https:\/\/zst.klodzko.pl\/zst\/konferencja-podsumowujaca-euro-praktyki-dla-klodzka-w-programie-erasmus\/\" \/>\n<meta property=\"og:locale\" content=\"pl_PL\" \/>\n<meta property=\"og:type\" content=\"article\" \/>\n<meta property=\"og:title\" content=\"Konferencja podsumowuj\u0105ca EURO-Praktyki dla K\u0142odzka w programie ERASMUS+ &#8212; Zesp\u00f3\u0142 Szk\u00f3\u0142 Technicznych w K\u0142odzku\" \/>\n<meta property=\"og:description\" content=\"W dniu 26 sierpnia br. o godz. 13.00 na platformie Teams odby\u0142a si\u0119 konferencja podsumowuj\u0105ca \u201eEURO-Praktyki dla K\u0142odzka\u201d w programie ERASMUS+ ?? Praktyki zagraniczne odbywa\u0142y si\u0119 w Bolonii, Saragossie i na Wyspach Kanaryjskich (Fuerteventura) ??\u00a0 ??\u00a0 ?? &nbsp; &nbsp; PODSUMOWANIE &hellip; Czytaj dalej &rarr;\" \/>\n<meta property=\"og:url\" content=\"https:\/\/zst.klodzko.pl\/zst\/konferencja-podsumowujaca-euro-praktyki-dla-klodzka-w-programie-erasmus\/\" \/>\n<meta property=\"og:site_name\" content=\"Zesp\u00f3\u0142 Szk\u00f3\u0142 Technicznych w K\u0142odzku\" \/>\n<meta property=\"article:publisher\" content=\"https:\/\/www.facebook.com\/zst.klodzko\" \/>\n<meta property=\"article:published_time\" content=\"2022-08-26T12:15:05+00:00\" \/>\n<meta property=\"article:modified_time\" content=\"2022-10-27T19:02:42+00:00\" \/>\n<meta property=\"og:image\" content=\"https:\/\/zst.klodzko.pl\/zst\/wp-content\/uploads\/2022\/08\/1.jpg\" \/>\n<meta name=\"author\" content=\"Aktualno\u015bci \u201eBUDOWLANKI\u201d\" \/>\n<meta name=\"twitter:card\" content=\"summary_large_image\" \/>\n<meta name=\"twitter:creator\" content=\"@Budowlanka_ZST\" \/>\n<meta name=\"twitter:site\" content=\"@Budowlanka_ZST\" \/>\n<meta name=\"twitter:label1\" content=\"Napisane przez\" \/>\n\t<meta name=\"twitter:data1\" content=\"Aktualno\u015bci \u201eBUDOWLANKI\u201d\" \/>\n\t<meta name=\"twitter:label2\" content=\"Szacowany czas czytania\" \/>\n\t<meta name=\"twitter:data2\" content=\"3 minuty\" \/>\n<script type=\"application\/ld+json\" class=\"yoast-schema-graph\">{\"@context\":\"https:\\\/\\\/schema.org\",\"@graph\":[{\"@type\":\"Article\",\"@id\":\"https:\\\/\\\/zst.klodzko.pl\\\/zst\\\/konferencja-podsumowujaca-euro-praktyki-dla-klodzka-w-programie-erasmus\\\/#article\",\"isPartOf\":{\"@id\":\"https:\\\/\\\/zst.klodzko.pl\\\/zst\\\/konferencja-podsumowujaca-euro-praktyki-dla-klodzka-w-programie-erasmus\\\/\"},\"author\":{\"name\":\"Aktualno\u015bci \u201eBUDOWLANKI\u201d\",\"@id\":\"https:\\\/\\\/zst.klodzko.pl\\\/zst\\\/#\\\/schema\\\/person\\\/7ad3759462b88dca0c831372a7f5c825\"},\"headline\":\"Konferencja podsumowuj\u0105ca EURO-Praktyki dla K\u0142odzka w programie ERASMUS+\",\"datePublished\":\"2022-08-26T12:15:05+00:00\",\"dateModified\":\"2022-10-27T19:02:42+00:00\",\"mainEntityOfPage\":{\"@id\":\"https:\\\/\\\/zst.klodzko.pl\\\/zst\\\/konferencja-podsumowujaca-euro-praktyki-dla-klodzka-w-programie-erasmus\\\/\"},\"wordCount\":400,\"publisher\":{\"@id\":\"https:\\\/\\\/zst.klodzko.pl\\\/zst\\\/#organization\"},\"image\":{\"@id\":\"https:\\\/\\\/zst.klodzko.pl\\\/zst\\\/konferencja-podsumowujaca-euro-praktyki-dla-klodzka-w-programie-erasmus\\\/#primaryimage\"},\"thumbnailUrl\":\"https:\\\/\\\/zst.klodzko.pl\\\/zst\\\/wp-content\\\/uploads\\\/2022\\\/08\\\/1.jpg\",\"articleSection\":[\"Aktualno\u015bci\"],\"inLanguage\":\"pl-PL\"},{\"@type\":\"WebPage\",\"@id\":\"https:\\\/\\\/zst.klodzko.pl\\\/zst\\\/konferencja-podsumowujaca-euro-praktyki-dla-klodzka-w-programie-erasmus\\\/\",\"url\":\"https:\\\/\\\/zst.klodzko.pl\\\/zst\\\/konferencja-podsumowujaca-euro-praktyki-dla-klodzka-w-programie-erasmus\\\/\",\"name\":\"Konferencja podsumowuj\u0105ca EURO-Praktyki dla K\u0142odzka w programie ERASMUS+ &#8212; Zesp\u00f3\u0142 Szk\u00f3\u0142 Technicznych w K\u0142odzku\",\"isPartOf\":{\"@id\":\"https:\\\/\\\/zst.klodzko.pl\\\/zst\\\/#website\"},\"primaryImageOfPage\":{\"@id\":\"https:\\\/\\\/zst.klodzko.pl\\\/zst\\\/konferencja-podsumowujaca-euro-praktyki-dla-klodzka-w-programie-erasmus\\\/#primaryimage\"},\"image\":{\"@id\":\"https:\\\/\\\/zst.klodzko.pl\\\/zst\\\/konferencja-podsumowujaca-euro-praktyki-dla-klodzka-w-programie-erasmus\\\/#primaryimage\"},\"thumbnailUrl\":\"https:\\\/\\\/zst.klodzko.pl\\\/zst\\\/wp-content\\\/uploads\\\/2022\\\/08\\\/1.jpg\",\"datePublished\":\"2022-08-26T12:15:05+00:00\",\"dateModified\":\"2022-10-27T19:02:42+00:00\",\"breadcrumb\":{\"@id\":\"https:\\\/\\\/zst.klodzko.pl\\\/zst\\\/konferencja-podsumowujaca-euro-praktyki-dla-klodzka-w-programie-erasmus\\\/#breadcrumb\"},\"inLanguage\":\"pl-PL\",\"potentialAction\":[{\"@type\":\"ReadAction\",\"target\":[\"https:\\\/\\\/zst.klodzko.pl\\\/zst\\\/konferencja-podsumowujaca-euro-praktyki-dla-klodzka-w-programie-erasmus\\\/\"]}]},{\"@type\":\"ImageObject\",\"inLanguage\":\"pl-PL\",\"@id\":\"https:\\\/\\\/zst.klodzko.pl\\\/zst\\\/konferencja-podsumowujaca-euro-praktyki-dla-klodzka-w-programie-erasmus\\\/#primaryimage\",\"url\":\"https:\\\/\\\/zst.klodzko.pl\\\/zst\\\/wp-content\\\/uploads\\\/2022\\\/08\\\/1.jpg\",\"contentUrl\":\"https:\\\/\\\/zst.klodzko.pl\\\/zst\\\/wp-content\\\/uploads\\\/2022\\\/08\\\/1.jpg\",\"width\":1400,\"height\":787},{\"@type\":\"BreadcrumbList\",\"@id\":\"https:\\\/\\\/zst.klodzko.pl\\\/zst\\\/konferencja-podsumowujaca-euro-praktyki-dla-klodzka-w-programie-erasmus\\\/#breadcrumb\",\"itemListElement\":[{\"@type\":\"ListItem\",\"position\":1,\"name\":\"Strona g\u0142\u00f3wna\",\"item\":\"https:\\\/\\\/zst.klodzko.pl\\\/zst\\\/\"},{\"@type\":\"ListItem\",\"position\":2,\"name\":\"Konferencja podsumowuj\u0105ca EURO-Praktyki dla K\u0142odzka w programie ERASMUS+\"}]},{\"@type\":\"WebSite\",\"@id\":\"https:\\\/\\\/zst.klodzko.pl\\\/zst\\\/#website\",\"url\":\"https:\\\/\\\/zst.klodzko.pl\\\/zst\\\/\",\"name\":\"Zesp\u00f3\u0142 Szk\u00f3\u0142 Technicznych w K\u0142odzku\",\"description\":\"Oficjalna strona ZST w K\u0142odzku (dawniej ZSP nr 1 w K\u0142odzku) - Budowlanka\",\"publisher\":{\"@id\":\"https:\\\/\\\/zst.klodzko.pl\\\/zst\\\/#organization\"},\"potentialAction\":[{\"@type\":\"SearchAction\",\"target\":{\"@type\":\"EntryPoint\",\"urlTemplate\":\"https:\\\/\\\/zst.klodzko.pl\\\/zst\\\/?s={search_term_string}\"},\"query-input\":{\"@type\":\"PropertyValueSpecification\",\"valueRequired\":true,\"valueName\":\"search_term_string\"}}],\"inLanguage\":\"pl-PL\"},{\"@type\":\"Organization\",\"@id\":\"https:\\\/\\\/zst.klodzko.pl\\\/zst\\\/#organization\",\"name\":\"Zesp\u00f3\u0142 Szk\u00f3\u0142 Technicznych w K\u0142odzku\",\"url\":\"https:\\\/\\\/zst.klodzko.pl\\\/zst\\\/\",\"logo\":{\"@type\":\"ImageObject\",\"inLanguage\":\"pl-PL\",\"@id\":\"https:\\\/\\\/zst.klodzko.pl\\\/zst\\\/#\\\/schema\\\/logo\\\/image\\\/\",\"url\":\"https:\\\/\\\/zst.klodzko.pl\\\/zst\\\/wp-content\\\/uploads\\\/2018\\\/05\\\/patron_bud.png\",\"contentUrl\":\"https:\\\/\\\/zst.klodzko.pl\\\/zst\\\/wp-content\\\/uploads\\\/2018\\\/05\\\/patron_bud.png\",\"width\":208,\"height\":205,\"caption\":\"Zesp\u00f3\u0142 Szk\u00f3\u0142 Technicznych w K\u0142odzku\"},\"image\":{\"@id\":\"https:\\\/\\\/zst.klodzko.pl\\\/zst\\\/#\\\/schema\\\/logo\\\/image\\\/\"},\"sameAs\":[\"https:\\\/\\\/www.facebook.com\\\/zst.klodzko\",\"https:\\\/\\\/x.com\\\/Budowlanka_ZST\",\"https:\\\/\\\/www.youtube.com\\\/channel\\\/UCueLhwUV3X9Ph8PMH7j4ugA\",\"https:\\\/\\\/pl.wikipedia.org\\\/wiki\\\/Zesp\u00f3\u0142_Szk\u00f3\u0142_Technicznych_w_K\u0142odzku\"]},{\"@type\":\"Person\",\"@id\":\"https:\\\/\\\/zst.klodzko.pl\\\/zst\\\/#\\\/schema\\\/person\\\/7ad3759462b88dca0c831372a7f5c825\",\"name\":\"Aktualno\u015bci \u201eBUDOWLANKI\u201d\"}]}<\/script>\n<!-- \/ Yoast SEO plugin. -->","yoast_head_json":{"title":"Konferencja podsumowuj\u0105ca EURO-Praktyki dla K\u0142odzka w programie ERASMUS+ &#8212; Zesp\u00f3\u0142 Szk\u00f3\u0142 Technicznych w K\u0142odzku","robots":{"index":"index","follow":"follow","max-snippet":"max-snippet:-1","max-image-preview":"max-image-preview:large","max-video-preview":"max-video-preview:-1"},"canonical":"https:\/\/zst.klodzko.pl\/zst\/konferencja-podsumowujaca-euro-praktyki-dla-klodzka-w-programie-erasmus\/","og_locale":"pl_PL","og_type":"article","og_title":"Konferencja podsumowuj\u0105ca EURO-Praktyki dla K\u0142odzka w programie ERASMUS+ &#8212; Zesp\u00f3\u0142 Szk\u00f3\u0142 Technicznych w K\u0142odzku","og_description":"W dniu 26 sierpnia br. o godz. 13.00 na platformie Teams odby\u0142a si\u0119 konferencja podsumowuj\u0105ca \u201eEURO-Praktyki dla K\u0142odzka\u201d w programie ERASMUS+ ?? Praktyki zagraniczne odbywa\u0142y si\u0119 w Bolonii, Saragossie i na Wyspach Kanaryjskich (Fuerteventura) ??\u00a0 ??\u00a0 ?? &nbsp; &nbsp; PODSUMOWANIE &hellip; Czytaj dalej &rarr;","og_url":"https:\/\/zst.klodzko.pl\/zst\/konferencja-podsumowujaca-euro-praktyki-dla-klodzka-w-programie-erasmus\/","og_site_name":"Zesp\u00f3\u0142 Szk\u00f3\u0142 Technicznych w K\u0142odzku","article_publisher":"https:\/\/www.facebook.com\/zst.klodzko","article_published_time":"2022-08-26T12:15:05+00:00","article_modified_time":"2022-10-27T19:02:42+00:00","og_image":[{"url":"https:\/\/zst.klodzko.pl\/zst\/wp-content\/uploads\/2022\/08\/1.jpg","type":"","width":"","height":""}],"author":"Aktualno\u015bci \u201eBUDOWLANKI\u201d","twitter_card":"summary_large_image","twitter_creator":"@Budowlanka_ZST","twitter_site":"@Budowlanka_ZST","twitter_misc":{"Napisane przez":"Aktualno\u015bci \u201eBUDOWLANKI\u201d","Szacowany czas czytania":"3 minuty"},"schema":{"@context":"https:\/\/schema.org","@graph":[{"@type":"Article","@id":"https:\/\/zst.klodzko.pl\/zst\/konferencja-podsumowujaca-euro-praktyki-dla-klodzka-w-programie-erasmus\/#article","isPartOf":{"@id":"https:\/\/zst.klodzko.pl\/zst\/konferencja-podsumowujaca-euro-praktyki-dla-klodzka-w-programie-erasmus\/"},"author":{"name":"Aktualno\u015bci \u201eBUDOWLANKI\u201d","@id":"https:\/\/zst.klodzko.pl\/zst\/#\/schema\/person\/7ad3759462b88dca0c831372a7f5c825"},"headline":"Konferencja podsumowuj\u0105ca EURO-Praktyki dla K\u0142odzka w programie ERASMUS+","datePublished":"2022-08-26T12:15:05+00:00","dateModified":"2022-10-27T19:02:42+00:00","mainEntityOfPage":{"@id":"https:\/\/zst.klodzko.pl\/zst\/konferencja-podsumowujaca-euro-praktyki-dla-klodzka-w-programie-erasmus\/"},"wordCount":400,"publisher":{"@id":"https:\/\/zst.klodzko.pl\/zst\/#organization"},"image":{"@id":"https:\/\/zst.klodzko.pl\/zst\/konferencja-podsumowujaca-euro-praktyki-dla-klodzka-w-programie-erasmus\/#primaryimage"},"thumbnailUrl":"https:\/\/zst.klodzko.pl\/zst\/wp-content\/uploads\/2022\/08\/1.jpg","articleSection":["Aktualno\u015bci"],"inLanguage":"pl-PL"},{"@type":"WebPage","@id":"https:\/\/zst.klodzko.pl\/zst\/konferencja-podsumowujaca-euro-praktyki-dla-klodzka-w-programie-erasmus\/","url":"https:\/\/zst.klodzko.pl\/zst\/konferencja-podsumowujaca-euro-praktyki-dla-klodzka-w-programie-erasmus\/","name":"Konferencja podsumowuj\u0105ca EURO-Praktyki dla K\u0142odzka w programie ERASMUS+ &#8212; Zesp\u00f3\u0142 Szk\u00f3\u0142 Technicznych w K\u0142odzku","isPartOf":{"@id":"https:\/\/zst.klodzko.pl\/zst\/#website"},"primaryImageOfPage":{"@id":"https:\/\/zst.klodzko.pl\/zst\/konferencja-podsumowujaca-euro-praktyki-dla-klodzka-w-programie-erasmus\/#primaryimage"},"image":{"@id":"https:\/\/zst.klodzko.pl\/zst\/konferencja-podsumowujaca-euro-praktyki-dla-klodzka-w-programie-erasmus\/#primaryimage"},"thumbnailUrl":"https:\/\/zst.klodzko.pl\/zst\/wp-content\/uploads\/2022\/08\/1.jpg","datePublished":"2022-08-26T12:15:05+00:00","dateModified":"2022-10-27T19:02:42+00:00","breadcrumb":{"@id":"https:\/\/zst.klodzko.pl\/zst\/konferencja-podsumowujaca-euro-praktyki-dla-klodzka-w-programie-erasmus\/#breadcrumb"},"inLanguage":"pl-PL","potentialAction":[{"@type":"ReadAction","target":["https:\/\/zst.klodzko.pl\/zst\/konferencja-podsumowujaca-euro-praktyki-dla-klodzka-w-programie-erasmus\/"]}]},{"@type":"ImageObject","inLanguage":"pl-PL","@id":"https:\/\/zst.klodzko.pl\/zst\/konferencja-podsumowujaca-euro-praktyki-dla-klodzka-w-programie-erasmus\/#primaryimage","url":"https:\/\/zst.klodzko.pl\/zst\/wp-content\/uploads\/2022\/08\/1.jpg","contentUrl":"https:\/\/zst.klodzko.pl\/zst\/wp-content\/uploads\/2022\/08\/1.jpg","width":1400,"height":787},{"@type":"BreadcrumbList","@id":"https:\/\/zst.klodzko.pl\/zst\/konferencja-podsumowujaca-euro-praktyki-dla-klodzka-w-programie-erasmus\/#breadcrumb","itemListElement":[{"@type":"ListItem","position":1,"name":"Strona g\u0142\u00f3wna","item":"https:\/\/zst.klodzko.pl\/zst\/"},{"@type":"ListItem","position":2,"name":"Konferencja podsumowuj\u0105ca EURO-Praktyki dla K\u0142odzka w programie ERASMUS+"}]},{"@type":"WebSite","@id":"https:\/\/zst.klodzko.pl\/zst\/#website","url":"https:\/\/zst.klodzko.pl\/zst\/","name":"Zesp\u00f3\u0142 Szk\u00f3\u0142 Technicznych w K\u0142odzku","description":"Oficjalna strona ZST w K\u0142odzku (dawniej ZSP nr 1 w K\u0142odzku) - Budowlanka","publisher":{"@id":"https:\/\/zst.klodzko.pl\/zst\/#organization"},"potentialAction":[{"@type":"SearchAction","target":{"@type":"EntryPoint","urlTemplate":"https:\/\/zst.klodzko.pl\/zst\/?s={search_term_string}"},"query-input":{"@type":"PropertyValueSpecification","valueRequired":true,"valueName":"search_term_string"}}],"inLanguage":"pl-PL"},{"@type":"Organization","@id":"https:\/\/zst.klodzko.pl\/zst\/#organization","name":"Zesp\u00f3\u0142 Szk\u00f3\u0142 Technicznych w K\u0142odzku","url":"https:\/\/zst.klodzko.pl\/zst\/","logo":{"@type":"ImageObject","inLanguage":"pl-PL","@id":"https:\/\/zst.klodzko.pl\/zst\/#\/schema\/logo\/image\/","url":"https:\/\/zst.klodzko.pl\/zst\/wp-content\/uploads\/2018\/05\/patron_bud.png","contentUrl":"https:\/\/zst.klodzko.pl\/zst\/wp-content\/uploads\/2018\/05\/patron_bud.png","width":208,"height":205,"caption":"Zesp\u00f3\u0142 Szk\u00f3\u0142 Technicznych w K\u0142odzku"},"image":{"@id":"https:\/\/zst.klodzko.pl\/zst\/#\/schema\/logo\/image\/"},"sameAs":["https:\/\/www.facebook.com\/zst.klodzko","https:\/\/x.com\/Budowlanka_ZST","https:\/\/www.youtube.com\/channel\/UCueLhwUV3X9Ph8PMH7j4ugA","https:\/\/pl.wikipedia.org\/wiki\/Zesp\u00f3\u0142_Szk\u00f3\u0142_Technicznych_w_K\u0142odzku"]},{"@type":"Person","@id":"https:\/\/zst.klodzko.pl\/zst\/#\/schema\/person\/7ad3759462b88dca0c831372a7f5c825","name":"Aktualno\u015bci \u201eBUDOWLANKI\u201d"}]}},"_links":{"self":[{"href":"https:\/\/zst.klodzko.pl\/zst\/wp-json\/wp\/v2\/posts\/19777","targetHints":{"allow":["GET"]}}],"collection":[{"href":"https:\/\/zst.klodzko.pl\/zst\/wp-json\/wp\/v2\/posts"}],"about":[{"href":"https:\/\/zst.klodzko.pl\/zst\/wp-json\/wp\/v2\/types\/post"}],"author":[{"embeddable":true,"href":"https:\/\/zst.klodzko.pl\/zst\/wp-json\/wp\/v2\/users\/1"}],"replies":[{"embeddable":true,"href":"https:\/\/zst.klodzko.pl\/zst\/wp-json\/wp\/v2\/comments?post=19777"}],"version-history":[{"count":16,"href":"https:\/\/zst.klodzko.pl\/zst\/wp-json\/wp\/v2\/posts\/19777\/revisions"}],"predecessor-version":[{"id":20231,"href":"https:\/\/zst.klodzko.pl\/zst\/wp-json\/wp\/v2\/posts\/19777\/revisions\/20231"}],"wp:attachment":[{"href":"https:\/\/zst.klodzko.pl\/zst\/wp-json\/wp\/v2\/media?parent=19777"}],"wp:term":[{"taxonomy":"category","embeddable":true,"href":"https:\/\/zst.klodzko.pl\/zst\/wp-json\/wp\/v2\/categories?post=19777"},{"taxonomy":"post_tag","embeddable":true,"href":"https:\/\/zst.klodzko.pl\/zst\/wp-json\/wp\/v2\/tags?post=19777"}],"curies":[{"name":"wp","href":"https:\/\/api.w.org\/{rel}","templated":true}]}}