{"id":20115,"date":"2022-10-18T20:50:11","date_gmt":"2022-10-18T18:50:11","guid":{"rendered":"https:\/\/zst.klodzko.pl\/zst\/?p=20115"},"modified":"2022-10-18T20:56:02","modified_gmt":"2022-10-18T18:56:02","slug":"europejski-dzien-jezykow-obcych-%f0%9f%87%ac%f0%9f%87%a7-%f0%9f%87%a9%f0%9f%87%aa-%f0%9f%87%aa%f0%9f%87%b8-%f0%9f%87%ae%f0%9f%87%b9","status":"publish","type":"post","link":"https:\/\/zst.klodzko.pl\/zst\/europejski-dzien-jezykow-obcych-%f0%9f%87%ac%f0%9f%87%a7-%f0%9f%87%a9%f0%9f%87%aa-%f0%9f%87%aa%f0%9f%87%b8-%f0%9f%87%ae%f0%9f%87%b9\/","title":{"rendered":"Europejski Dzie\u0144 J\u0119zyk\u00f3w Obcych?? ?? ?? ?? ??"},"content":{"rendered":"<p><span style=\"color: #210101;\">Z okazji<strong> Europejskiego Dnia J\u0119zyk\u00f3w Obcych<\/strong> nauczyciele j\u0119zyka angielskiego p. <strong>Monika Szponar<\/strong> i p. <strong>Jakub Myd\u0142owski<\/strong> przeprowadzili konkurs j\u0119zykowy na platformie Kahoot. Uczniowie zmierzyli si\u0119 z wiedz\u0105 z zakresu gramatyki j\u0119zyka angielskiego jak r\u00f3wnie\u017c z wiedz\u0105 o krajach angloj\u0119zycznych.<\/span><br \/>\n&nbsp;<br \/>\n<span style=\"color: #210101;\">Pierwsze miejsce zaj\u0119\u0142a <strong>Aleksandra Ku\u017alak<\/strong> z klasy 1g,<\/span><br \/>\n<span style=\"color: #210101;\">drugie miejsce zaj\u0119\u0142a <strong>Maya Nawrotek<\/strong> z klasy 2b,<\/span><br \/>\n<span style=\"color: #210101;\">trzecie miejsce zaj\u0105\u0142 <strong>Maciej Rudnik<\/strong> z klasy 1c.<\/span><br \/>\n&nbsp;<br \/>\n<strong><span style=\"color: #210101;\">Wszystkim uczestnikom dzi\u0119kujemy, a zwyci\u0119zcom jeszcze raz serdecznie gratulujemy.<\/span><\/strong><\/p>\n\n\t\t<style type=\"text\/css\">\n\t\t\t#gallery-1 {\n\t\t\t\tmargin: auto;\n\t\t\t}\n\t\t\t#gallery-1 .gallery-item {\n\t\t\t\tfloat: left;\n\t\t\t\tmargin-top: 10px;\n\t\t\t\ttext-align: center;\n\t\t\t\twidth: 50%;\n\t\t\t}\n\t\t\t#gallery-1 img {\n\t\t\t\tborder: 2px solid #cfcfcf;\n\t\t\t}\n\t\t\t#gallery-1 .gallery-caption {\n\t\t\t\tmargin-left: 0;\n\t\t\t}\n\t\t\t\/* see gallery_shortcode() in wp-includes\/media.php *\/\n\t\t<\/style>\n\t\t<div id='gallery-1' class='gallery galleryid-20115 gallery-columns-2 gallery-size-large'><dl class='gallery-item'>\n\t\t\t<dt class='gallery-icon landscape'>\n\t\t\t\t<a href='https:\/\/zst.klodzko.pl\/zst\/wp-content\/uploads\/2022\/10\/DSC_0518.jpg'><img fetchpriority=\"high\" decoding=\"async\" width=\"584\" height=\"330\" src=\"https:\/\/zst.klodzko.pl\/zst\/wp-content\/uploads\/2022\/10\/DSC_0518-1024x578.jpg\" class=\"attachment-large size-large\" alt=\"Z okazji Europejskiego Dnia J\u0119zyk\u00f3w Obcych nauczyciele j\u0119zyka angielskiego p. Monika Szponar i p. Jakub Myd\u0142owski przeprowadzili konkurs j\u0119zykowy na platformie Kahoot. Uczniowie zmierzyli si\u0119 z wiedz\u0105 z zakresu gramatyki j\u0119zyka angielskiego jak r\u00f3wnie\u017c z wiedz\u0105 o krajach angloj\u0119zycznych. Pierwsze miejsce zaj\u0119\u0142a Aleksandra Ku\u017alak z klasy 1g, drugie miejsce zaj\u0119\u0142a Maya Nawrotek z klasy 2b, trzecie miejsce zaj\u0105\u0142 Maciej Rudnik z klasy 1c. Wszystkim uczestnikom dzi\u0119kujemy, a zwyci\u0119zcom jeszcze raz serdecznie gratulujemy.\" srcset=\"https:\/\/zst.klodzko.pl\/zst\/wp-content\/uploads\/2022\/10\/DSC_0518-1024x578.jpg 1024w, https:\/\/zst.klodzko.pl\/zst\/wp-content\/uploads\/2022\/10\/DSC_0518-300x169.jpg 300w, https:\/\/zst.klodzko.pl\/zst\/wp-content\/uploads\/2022\/10\/DSC_0518-768x433.jpg 768w, https:\/\/zst.klodzko.pl\/zst\/wp-content\/uploads\/2022\/10\/DSC_0518-500x282.jpg 500w, https:\/\/zst.klodzko.pl\/zst\/wp-content\/uploads\/2022\/10\/DSC_0518.jpg 1200w\" sizes=\"(max-width: 584px) 100vw, 584px\" \/><\/a>\n\t\t\t<\/dt><\/dl><dl class='gallery-item'>\n\t\t\t<dt class='gallery-icon landscape'>\n\t\t\t\t<a href='https:\/\/zst.klodzko.pl\/zst\/wp-content\/uploads\/2022\/10\/DSC_0534.jpg'><img decoding=\"async\" width=\"584\" height=\"330\" src=\"https:\/\/zst.klodzko.pl\/zst\/wp-content\/uploads\/2022\/10\/DSC_0534-1024x578.jpg\" class=\"attachment-large size-large\" alt=\"Z okazji Europejskiego Dnia J\u0119zyk\u00f3w Obcych nauczyciele j\u0119zyka angielskiego p. Monika Szponar i p. Jakub Myd\u0142owski przeprowadzili konkurs j\u0119zykowy na platformie Kahoot. Uczniowie zmierzyli si\u0119 z wiedz\u0105 z zakresu gramatyki j\u0119zyka angielskiego jak r\u00f3wnie\u017c z wiedz\u0105 o krajach angloj\u0119zycznych. Pierwsze miejsce zaj\u0119\u0142a Aleksandra Ku\u017alak z klasy 1g, drugie miejsce zaj\u0119\u0142a Maya Nawrotek z klasy 2b, trzecie miejsce zaj\u0105\u0142 Maciej Rudnik z klasy 1c. Wszystkim uczestnikom dzi\u0119kujemy, a zwyci\u0119zcom jeszcze raz serdecznie gratulujemy.\" srcset=\"https:\/\/zst.klodzko.pl\/zst\/wp-content\/uploads\/2022\/10\/DSC_0534-1024x578.jpg 1024w, https:\/\/zst.klodzko.pl\/zst\/wp-content\/uploads\/2022\/10\/DSC_0534-300x169.jpg 300w, https:\/\/zst.klodzko.pl\/zst\/wp-content\/uploads\/2022\/10\/DSC_0534-768x433.jpg 768w, https:\/\/zst.klodzko.pl\/zst\/wp-content\/uploads\/2022\/10\/DSC_0534-500x282.jpg 500w, https:\/\/zst.klodzko.pl\/zst\/wp-content\/uploads\/2022\/10\/DSC_0534.jpg 1200w\" sizes=\"(max-width: 584px) 100vw, 584px\" \/><\/a>\n\t\t\t<\/dt><\/dl><br style=\"clear: both\" \/>\n\t\t<\/div>\n\n\n\t\t<style type=\"text\/css\">\n\t\t\t#gallery-2 {\n\t\t\t\tmargin: auto;\n\t\t\t}\n\t\t\t#gallery-2 .gallery-item {\n\t\t\t\tfloat: left;\n\t\t\t\tmargin-top: 10px;\n\t\t\t\ttext-align: center;\n\t\t\t\twidth: 33%;\n\t\t\t}\n\t\t\t#gallery-2 img {\n\t\t\t\tborder: 2px solid #cfcfcf;\n\t\t\t}\n\t\t\t#gallery-2 .gallery-caption {\n\t\t\t\tmargin-left: 0;\n\t\t\t}\n\t\t\t\/* see gallery_shortcode() in wp-includes\/media.php *\/\n\t\t<\/style>\n\t\t<div id='gallery-2' class='gallery galleryid-20115 gallery-columns-3 gallery-size-large'><dl class='gallery-item'>\n\t\t\t<dt class='gallery-icon portrait'>\n\t\t\t\t<a href='https:\/\/zst.klodzko.pl\/zst\/wp-content\/uploads\/2022\/10\/DSC_0541.jpg'><img decoding=\"async\" width=\"578\" height=\"1024\" src=\"https:\/\/zst.klodzko.pl\/zst\/wp-content\/uploads\/2022\/10\/DSC_0541-578x1024.jpg\" class=\"attachment-large size-large\" alt=\"Z okazji Europejskiego Dnia J\u0119zyk\u00f3w Obcych nauczyciele j\u0119zyka angielskiego p. Monika Szponar i p. Jakub Myd\u0142owski przeprowadzili konkurs j\u0119zykowy na platformie Kahoot. Uczniowie zmierzyli si\u0119 z wiedz\u0105 z zakresu gramatyki j\u0119zyka angielskiego jak r\u00f3wnie\u017c z wiedz\u0105 o krajach angloj\u0119zycznych. Pierwsze miejsce zaj\u0119\u0142a Aleksandra Ku\u017alak z klasy 1g, drugie miejsce zaj\u0119\u0142a Maya Nawrotek z klasy 2b, trzecie miejsce zaj\u0105\u0142 Maciej Rudnik z klasy 1c. Wszystkim uczestnikom dzi\u0119kujemy, a zwyci\u0119zcom jeszcze raz serdecznie gratulujemy.\" srcset=\"https:\/\/zst.klodzko.pl\/zst\/wp-content\/uploads\/2022\/10\/DSC_0541-578x1024.jpg 578w, https:\/\/zst.klodzko.pl\/zst\/wp-content\/uploads\/2022\/10\/DSC_0541-169x300.jpg 169w, https:\/\/zst.klodzko.pl\/zst\/wp-content\/uploads\/2022\/10\/DSC_0541.jpg 677w\" sizes=\"(max-width: 578px) 100vw, 578px\" \/><\/a>\n\t\t\t<\/dt><\/dl><dl class='gallery-item'>\n\t\t\t<dt class='gallery-icon portrait'>\n\t\t\t\t<a href='https:\/\/zst.klodzko.pl\/zst\/wp-content\/uploads\/2022\/10\/DSC_0540.jpg'><img loading=\"lazy\" decoding=\"async\" width=\"578\" height=\"1024\" src=\"https:\/\/zst.klodzko.pl\/zst\/wp-content\/uploads\/2022\/10\/DSC_0540-578x1024.jpg\" class=\"attachment-large size-large\" alt=\"Z okazji Europejskiego Dnia J\u0119zyk\u00f3w Obcych nauczyciele j\u0119zyka angielskiego p. Monika Szponar i p. Jakub Myd\u0142owski przeprowadzili konkurs j\u0119zykowy na platformie Kahoot. Uczniowie zmierzyli si\u0119 z wiedz\u0105 z zakresu gramatyki j\u0119zyka angielskiego jak r\u00f3wnie\u017c z wiedz\u0105 o krajach angloj\u0119zycznych. Pierwsze miejsce zaj\u0119\u0142a Aleksandra Ku\u017alak z klasy 1g, drugie miejsce zaj\u0119\u0142a Maya Nawrotek z klasy 2b, trzecie miejsce zaj\u0105\u0142 Maciej Rudnik z klasy 1c. Wszystkim uczestnikom dzi\u0119kujemy, a zwyci\u0119zcom jeszcze raz serdecznie gratulujemy.\" srcset=\"https:\/\/zst.klodzko.pl\/zst\/wp-content\/uploads\/2022\/10\/DSC_0540-578x1024.jpg 578w, https:\/\/zst.klodzko.pl\/zst\/wp-content\/uploads\/2022\/10\/DSC_0540-169x300.jpg 169w, https:\/\/zst.klodzko.pl\/zst\/wp-content\/uploads\/2022\/10\/DSC_0540.jpg 677w\" sizes=\"(max-width: 578px) 100vw, 578px\" \/><\/a>\n\t\t\t<\/dt><\/dl><dl class='gallery-item'>\n\t\t\t<dt class='gallery-icon portrait'>\n\t\t\t\t<a href='https:\/\/zst.klodzko.pl\/zst\/wp-content\/uploads\/2022\/10\/DSC_0539.jpg'><img loading=\"lazy\" decoding=\"async\" width=\"578\" height=\"1024\" src=\"https:\/\/zst.klodzko.pl\/zst\/wp-content\/uploads\/2022\/10\/DSC_0539-578x1024.jpg\" class=\"attachment-large size-large\" alt=\"Z okazji Europejskiego Dnia J\u0119zyk\u00f3w Obcych nauczyciele j\u0119zyka angielskiego p. Monika Szponar i p. Jakub Myd\u0142owski przeprowadzili konkurs j\u0119zykowy na platformie Kahoot. Uczniowie zmierzyli si\u0119 z wiedz\u0105 z zakresu gramatyki j\u0119zyka angielskiego jak r\u00f3wnie\u017c z wiedz\u0105 o krajach angloj\u0119zycznych. Pierwsze miejsce zaj\u0119\u0142a Aleksandra Ku\u017alak z klasy 1g, drugie miejsce zaj\u0119\u0142a Maya Nawrotek z klasy 2b, trzecie miejsce zaj\u0105\u0142 Maciej Rudnik z klasy 1c. Wszystkim uczestnikom dzi\u0119kujemy, a zwyci\u0119zcom jeszcze raz serdecznie gratulujemy.\" srcset=\"https:\/\/zst.klodzko.pl\/zst\/wp-content\/uploads\/2022\/10\/DSC_0539-578x1024.jpg 578w, https:\/\/zst.klodzko.pl\/zst\/wp-content\/uploads\/2022\/10\/DSC_0539-169x300.jpg 169w, https:\/\/zst.klodzko.pl\/zst\/wp-content\/uploads\/2022\/10\/DSC_0539.jpg 677w\" sizes=\"(max-width: 578px) 100vw, 578px\" \/><\/a>\n\t\t\t<\/dt><\/dl><br style=\"clear: both\" \/>\n\t\t<\/div>\n\n","protected":false},"excerpt":{"rendered":"<p>Z okazji Europejskiego Dnia J\u0119zyk\u00f3w Obcych nauczyciele j\u0119zyka angielskiego p. Monika Szponar i p. Jakub Myd\u0142owski przeprowadzili konkurs j\u0119zykowy na platformie Kahoot. Uczniowie zmierzyli si\u0119 z wiedz\u0105 z zakresu gramatyki j\u0119zyka angielskiego jak r\u00f3wnie\u017c z wiedz\u0105 o krajach angloj\u0119zycznych. &nbsp; &hellip; <a href=\"https:\/\/zst.klodzko.pl\/zst\/europejski-dzien-jezykow-obcych-%f0%9f%87%ac%f0%9f%87%a7-%f0%9f%87%a9%f0%9f%87%aa-%f0%9f%87%aa%f0%9f%87%b8-%f0%9f%87%ae%f0%9f%87%b9\/\">Czytaj dalej <span class=\"meta-nav\">&rarr;<\/span><\/a><\/p>\n","protected":false},"author":1,"featured_media":0,"comment_status":"closed","ping_status":"closed","sticky":false,"template":"","format":"standard","meta":{"footnotes":""},"categories":[1],"tags":[],"class_list":["post-20115","post","type-post","status-publish","format-standard","hentry","category-aktualnosci"],"yoast_head":"<!-- This site is optimized with the Yoast SEO plugin v27.5 - https:\/\/yoast.com\/product\/yoast-seo-wordpress\/ -->\n<title>Europejski Dzie\u0144 J\u0119zyk\u00f3w Obcych?? ?? ?? ?? ?? &#8212; Zesp\u00f3\u0142 Szk\u00f3\u0142 Technicznych w K\u0142odzku<\/title>\n<meta name=\"robots\" content=\"index, follow, max-snippet:-1, max-image-preview:large, max-video-preview:-1\" \/>\n<link rel=\"canonical\" href=\"https:\/\/zst.klodzko.pl\/zst\/europejski-dzien-jezykow-obcych-\ud83c\uddec\ud83c\udde7-\ud83c\udde9\ud83c\uddea-\ud83c\uddea\ud83c\uddf8-\ud83c\uddee\ud83c\uddf9\/\" \/>\n<meta property=\"og:locale\" content=\"pl_PL\" \/>\n<meta property=\"og:type\" content=\"article\" \/>\n<meta property=\"og:title\" content=\"Europejski Dzie\u0144 J\u0119zyk\u00f3w Obcych?? ?? ?? ?? ?? &#8212; Zesp\u00f3\u0142 Szk\u00f3\u0142 Technicznych w K\u0142odzku\" \/>\n<meta property=\"og:description\" content=\"Z okazji Europejskiego Dnia J\u0119zyk\u00f3w Obcych nauczyciele j\u0119zyka angielskiego p. Monika Szponar i p. Jakub Myd\u0142owski przeprowadzili konkurs j\u0119zykowy na platformie Kahoot. Uczniowie zmierzyli si\u0119 z wiedz\u0105 z zakresu gramatyki j\u0119zyka angielskiego jak r\u00f3wnie\u017c z wiedz\u0105 o krajach angloj\u0119zycznych. &nbsp; &hellip; Czytaj dalej &rarr;\" \/>\n<meta property=\"og:url\" content=\"https:\/\/zst.klodzko.pl\/zst\/europejski-dzien-jezykow-obcych-\ud83c\uddec\ud83c\udde7-\ud83c\udde9\ud83c\uddea-\ud83c\uddea\ud83c\uddf8-\ud83c\uddee\ud83c\uddf9\/\" \/>\n<meta property=\"og:site_name\" content=\"Zesp\u00f3\u0142 Szk\u00f3\u0142 Technicznych w K\u0142odzku\" \/>\n<meta property=\"article:publisher\" content=\"https:\/\/www.facebook.com\/zst.klodzko\" \/>\n<meta property=\"article:published_time\" content=\"2022-10-18T18:50:11+00:00\" \/>\n<meta property=\"article:modified_time\" content=\"2022-10-18T18:56:02+00:00\" \/>\n<meta property=\"og:image\" content=\"https:\/\/zst.klodzko.pl\/zst\/wp-content\/uploads\/2022\/10\/DSC_0518-1024x578.jpg\" \/>\n<meta name=\"author\" content=\"Aktualno\u015bci \u201eBUDOWLANKI\u201d\" \/>\n<meta name=\"twitter:card\" content=\"summary_large_image\" \/>\n<meta name=\"twitter:creator\" content=\"@Budowlanka_ZST\" \/>\n<meta name=\"twitter:site\" content=\"@Budowlanka_ZST\" \/>\n<meta name=\"twitter:label1\" content=\"Napisane przez\" \/>\n\t<meta name=\"twitter:data1\" content=\"Aktualno\u015bci \u201eBUDOWLANKI\u201d\" \/>\n\t<meta name=\"twitter:label2\" content=\"Szacowany czas czytania\" \/>\n\t<meta name=\"twitter:data2\" content=\"1 minuta\" \/>\n<script type=\"application\/ld+json\" class=\"yoast-schema-graph\">{\"@context\":\"https:\\\/\\\/schema.org\",\"@graph\":[{\"@type\":\"Article\",\"@id\":\"https:\\\/\\\/zst.klodzko.pl\\\/zst\\\/europejski-dzien-jezykow-obcych-%f0%9f%87%ac%f0%9f%87%a7-%f0%9f%87%a9%f0%9f%87%aa-%f0%9f%87%aa%f0%9f%87%b8-%f0%9f%87%ae%f0%9f%87%b9\\\/#article\",\"isPartOf\":{\"@id\":\"https:\\\/\\\/zst.klodzko.pl\\\/zst\\\/europejski-dzien-jezykow-obcych-%f0%9f%87%ac%f0%9f%87%a7-%f0%9f%87%a9%f0%9f%87%aa-%f0%9f%87%aa%f0%9f%87%b8-%f0%9f%87%ae%f0%9f%87%b9\\\/\"},\"author\":{\"name\":\"Aktualno\u015bci \u201eBUDOWLANKI\u201d\",\"@id\":\"https:\\\/\\\/zst.klodzko.pl\\\/zst\\\/#\\\/schema\\\/person\\\/7ad3759462b88dca0c831372a7f5c825\"},\"headline\":\"Europejski Dzie\u0144 J\u0119zyk\u00f3w Obcych?? ?? ?? ?? ??\",\"datePublished\":\"2022-10-18T18:50:11+00:00\",\"dateModified\":\"2022-10-18T18:56:02+00:00\",\"mainEntityOfPage\":{\"@id\":\"https:\\\/\\\/zst.klodzko.pl\\\/zst\\\/europejski-dzien-jezykow-obcych-%f0%9f%87%ac%f0%9f%87%a7-%f0%9f%87%a9%f0%9f%87%aa-%f0%9f%87%aa%f0%9f%87%b8-%f0%9f%87%ae%f0%9f%87%b9\\\/\"},\"wordCount\":106,\"publisher\":{\"@id\":\"https:\\\/\\\/zst.klodzko.pl\\\/zst\\\/#organization\"},\"articleSection\":[\"Aktualno\u015bci\"],\"inLanguage\":\"pl-PL\"},{\"@type\":\"WebPage\",\"@id\":\"https:\\\/\\\/zst.klodzko.pl\\\/zst\\\/europejski-dzien-jezykow-obcych-%f0%9f%87%ac%f0%9f%87%a7-%f0%9f%87%a9%f0%9f%87%aa-%f0%9f%87%aa%f0%9f%87%b8-%f0%9f%87%ae%f0%9f%87%b9\\\/\",\"url\":\"https:\\\/\\\/zst.klodzko.pl\\\/zst\\\/europejski-dzien-jezykow-obcych-%f0%9f%87%ac%f0%9f%87%a7-%f0%9f%87%a9%f0%9f%87%aa-%f0%9f%87%aa%f0%9f%87%b8-%f0%9f%87%ae%f0%9f%87%b9\\\/\",\"name\":\"Europejski Dzie\u0144 J\u0119zyk\u00f3w Obcych?? ?? ?? ?? ?? &#8212; Zesp\u00f3\u0142 Szk\u00f3\u0142 Technicznych w K\u0142odzku\",\"isPartOf\":{\"@id\":\"https:\\\/\\\/zst.klodzko.pl\\\/zst\\\/#website\"},\"datePublished\":\"2022-10-18T18:50:11+00:00\",\"dateModified\":\"2022-10-18T18:56:02+00:00\",\"breadcrumb\":{\"@id\":\"https:\\\/\\\/zst.klodzko.pl\\\/zst\\\/europejski-dzien-jezykow-obcych-%f0%9f%87%ac%f0%9f%87%a7-%f0%9f%87%a9%f0%9f%87%aa-%f0%9f%87%aa%f0%9f%87%b8-%f0%9f%87%ae%f0%9f%87%b9\\\/#breadcrumb\"},\"inLanguage\":\"pl-PL\",\"potentialAction\":[{\"@type\":\"ReadAction\",\"target\":[\"https:\\\/\\\/zst.klodzko.pl\\\/zst\\\/europejski-dzien-jezykow-obcych-%f0%9f%87%ac%f0%9f%87%a7-%f0%9f%87%a9%f0%9f%87%aa-%f0%9f%87%aa%f0%9f%87%b8-%f0%9f%87%ae%f0%9f%87%b9\\\/\"]}]},{\"@type\":\"BreadcrumbList\",\"@id\":\"https:\\\/\\\/zst.klodzko.pl\\\/zst\\\/europejski-dzien-jezykow-obcych-%f0%9f%87%ac%f0%9f%87%a7-%f0%9f%87%a9%f0%9f%87%aa-%f0%9f%87%aa%f0%9f%87%b8-%f0%9f%87%ae%f0%9f%87%b9\\\/#breadcrumb\",\"itemListElement\":[{\"@type\":\"ListItem\",\"position\":1,\"name\":\"Strona g\u0142\u00f3wna\",\"item\":\"https:\\\/\\\/zst.klodzko.pl\\\/zst\\\/\"},{\"@type\":\"ListItem\",\"position\":2,\"name\":\"Europejski Dzie\u0144 J\u0119zyk\u00f3w Obcych?? ?? ?? ?? ??\"}]},{\"@type\":\"WebSite\",\"@id\":\"https:\\\/\\\/zst.klodzko.pl\\\/zst\\\/#website\",\"url\":\"https:\\\/\\\/zst.klodzko.pl\\\/zst\\\/\",\"name\":\"Zesp\u00f3\u0142 Szk\u00f3\u0142 Technicznych w K\u0142odzku\",\"description\":\"Oficjalna strona ZST w K\u0142odzku (dawniej ZSP nr 1 w K\u0142odzku) - Budowlanka\",\"publisher\":{\"@id\":\"https:\\\/\\\/zst.klodzko.pl\\\/zst\\\/#organization\"},\"potentialAction\":[{\"@type\":\"SearchAction\",\"target\":{\"@type\":\"EntryPoint\",\"urlTemplate\":\"https:\\\/\\\/zst.klodzko.pl\\\/zst\\\/?s={search_term_string}\"},\"query-input\":{\"@type\":\"PropertyValueSpecification\",\"valueRequired\":true,\"valueName\":\"search_term_string\"}}],\"inLanguage\":\"pl-PL\"},{\"@type\":\"Organization\",\"@id\":\"https:\\\/\\\/zst.klodzko.pl\\\/zst\\\/#organization\",\"name\":\"Zesp\u00f3\u0142 Szk\u00f3\u0142 Technicznych w K\u0142odzku\",\"url\":\"https:\\\/\\\/zst.klodzko.pl\\\/zst\\\/\",\"logo\":{\"@type\":\"ImageObject\",\"inLanguage\":\"pl-PL\",\"@id\":\"https:\\\/\\\/zst.klodzko.pl\\\/zst\\\/#\\\/schema\\\/logo\\\/image\\\/\",\"url\":\"https:\\\/\\\/zst.klodzko.pl\\\/zst\\\/wp-content\\\/uploads\\\/2018\\\/05\\\/patron_bud.png\",\"contentUrl\":\"https:\\\/\\\/zst.klodzko.pl\\\/zst\\\/wp-content\\\/uploads\\\/2018\\\/05\\\/patron_bud.png\",\"width\":208,\"height\":205,\"caption\":\"Zesp\u00f3\u0142 Szk\u00f3\u0142 Technicznych w K\u0142odzku\"},\"image\":{\"@id\":\"https:\\\/\\\/zst.klodzko.pl\\\/zst\\\/#\\\/schema\\\/logo\\\/image\\\/\"},\"sameAs\":[\"https:\\\/\\\/www.facebook.com\\\/zst.klodzko\",\"https:\\\/\\\/x.com\\\/Budowlanka_ZST\",\"https:\\\/\\\/www.youtube.com\\\/channel\\\/UCueLhwUV3X9Ph8PMH7j4ugA\",\"https:\\\/\\\/pl.wikipedia.org\\\/wiki\\\/Zesp\u00f3\u0142_Szk\u00f3\u0142_Technicznych_w_K\u0142odzku\"]},{\"@type\":\"Person\",\"@id\":\"https:\\\/\\\/zst.klodzko.pl\\\/zst\\\/#\\\/schema\\\/person\\\/7ad3759462b88dca0c831372a7f5c825\",\"name\":\"Aktualno\u015bci \u201eBUDOWLANKI\u201d\"}]}<\/script>\n<!-- \/ Yoast SEO plugin. -->","yoast_head_json":{"title":"Europejski Dzie\u0144 J\u0119zyk\u00f3w Obcych?? ?? ?? ?? ?? &#8212; Zesp\u00f3\u0142 Szk\u00f3\u0142 Technicznych w K\u0142odzku","robots":{"index":"index","follow":"follow","max-snippet":"max-snippet:-1","max-image-preview":"max-image-preview:large","max-video-preview":"max-video-preview:-1"},"canonical":"https:\/\/zst.klodzko.pl\/zst\/europejski-dzien-jezykow-obcych-\ud83c\uddec\ud83c\udde7-\ud83c\udde9\ud83c\uddea-\ud83c\uddea\ud83c\uddf8-\ud83c\uddee\ud83c\uddf9\/","og_locale":"pl_PL","og_type":"article","og_title":"Europejski Dzie\u0144 J\u0119zyk\u00f3w Obcych?? ?? ?? ?? ?? &#8212; Zesp\u00f3\u0142 Szk\u00f3\u0142 Technicznych w K\u0142odzku","og_description":"Z okazji Europejskiego Dnia J\u0119zyk\u00f3w Obcych nauczyciele j\u0119zyka angielskiego p. Monika Szponar i p. Jakub Myd\u0142owski przeprowadzili konkurs j\u0119zykowy na platformie Kahoot. Uczniowie zmierzyli si\u0119 z wiedz\u0105 z zakresu gramatyki j\u0119zyka angielskiego jak r\u00f3wnie\u017c z wiedz\u0105 o krajach angloj\u0119zycznych. &nbsp; &hellip; Czytaj dalej &rarr;","og_url":"https:\/\/zst.klodzko.pl\/zst\/europejski-dzien-jezykow-obcych-\ud83c\uddec\ud83c\udde7-\ud83c\udde9\ud83c\uddea-\ud83c\uddea\ud83c\uddf8-\ud83c\uddee\ud83c\uddf9\/","og_site_name":"Zesp\u00f3\u0142 Szk\u00f3\u0142 Technicznych w K\u0142odzku","article_publisher":"https:\/\/www.facebook.com\/zst.klodzko","article_published_time":"2022-10-18T18:50:11+00:00","article_modified_time":"2022-10-18T18:56:02+00:00","og_image":[{"url":"https:\/\/zst.klodzko.pl\/zst\/wp-content\/uploads\/2022\/10\/DSC_0518-1024x578.jpg","type":"","width":"","height":""}],"author":"Aktualno\u015bci \u201eBUDOWLANKI\u201d","twitter_card":"summary_large_image","twitter_creator":"@Budowlanka_ZST","twitter_site":"@Budowlanka_ZST","twitter_misc":{"Napisane przez":"Aktualno\u015bci \u201eBUDOWLANKI\u201d","Szacowany czas czytania":"1 minuta"},"schema":{"@context":"https:\/\/schema.org","@graph":[{"@type":"Article","@id":"https:\/\/zst.klodzko.pl\/zst\/europejski-dzien-jezykow-obcych-%f0%9f%87%ac%f0%9f%87%a7-%f0%9f%87%a9%f0%9f%87%aa-%f0%9f%87%aa%f0%9f%87%b8-%f0%9f%87%ae%f0%9f%87%b9\/#article","isPartOf":{"@id":"https:\/\/zst.klodzko.pl\/zst\/europejski-dzien-jezykow-obcych-%f0%9f%87%ac%f0%9f%87%a7-%f0%9f%87%a9%f0%9f%87%aa-%f0%9f%87%aa%f0%9f%87%b8-%f0%9f%87%ae%f0%9f%87%b9\/"},"author":{"name":"Aktualno\u015bci \u201eBUDOWLANKI\u201d","@id":"https:\/\/zst.klodzko.pl\/zst\/#\/schema\/person\/7ad3759462b88dca0c831372a7f5c825"},"headline":"Europejski Dzie\u0144 J\u0119zyk\u00f3w Obcych?? ?? ?? ?? ??","datePublished":"2022-10-18T18:50:11+00:00","dateModified":"2022-10-18T18:56:02+00:00","mainEntityOfPage":{"@id":"https:\/\/zst.klodzko.pl\/zst\/europejski-dzien-jezykow-obcych-%f0%9f%87%ac%f0%9f%87%a7-%f0%9f%87%a9%f0%9f%87%aa-%f0%9f%87%aa%f0%9f%87%b8-%f0%9f%87%ae%f0%9f%87%b9\/"},"wordCount":106,"publisher":{"@id":"https:\/\/zst.klodzko.pl\/zst\/#organization"},"articleSection":["Aktualno\u015bci"],"inLanguage":"pl-PL"},{"@type":"WebPage","@id":"https:\/\/zst.klodzko.pl\/zst\/europejski-dzien-jezykow-obcych-%f0%9f%87%ac%f0%9f%87%a7-%f0%9f%87%a9%f0%9f%87%aa-%f0%9f%87%aa%f0%9f%87%b8-%f0%9f%87%ae%f0%9f%87%b9\/","url":"https:\/\/zst.klodzko.pl\/zst\/europejski-dzien-jezykow-obcych-%f0%9f%87%ac%f0%9f%87%a7-%f0%9f%87%a9%f0%9f%87%aa-%f0%9f%87%aa%f0%9f%87%b8-%f0%9f%87%ae%f0%9f%87%b9\/","name":"Europejski Dzie\u0144 J\u0119zyk\u00f3w Obcych?? ?? ?? ?? ?? &#8212; Zesp\u00f3\u0142 Szk\u00f3\u0142 Technicznych w K\u0142odzku","isPartOf":{"@id":"https:\/\/zst.klodzko.pl\/zst\/#website"},"datePublished":"2022-10-18T18:50:11+00:00","dateModified":"2022-10-18T18:56:02+00:00","breadcrumb":{"@id":"https:\/\/zst.klodzko.pl\/zst\/europejski-dzien-jezykow-obcych-%f0%9f%87%ac%f0%9f%87%a7-%f0%9f%87%a9%f0%9f%87%aa-%f0%9f%87%aa%f0%9f%87%b8-%f0%9f%87%ae%f0%9f%87%b9\/#breadcrumb"},"inLanguage":"pl-PL","potentialAction":[{"@type":"ReadAction","target":["https:\/\/zst.klodzko.pl\/zst\/europejski-dzien-jezykow-obcych-%f0%9f%87%ac%f0%9f%87%a7-%f0%9f%87%a9%f0%9f%87%aa-%f0%9f%87%aa%f0%9f%87%b8-%f0%9f%87%ae%f0%9f%87%b9\/"]}]},{"@type":"BreadcrumbList","@id":"https:\/\/zst.klodzko.pl\/zst\/europejski-dzien-jezykow-obcych-%f0%9f%87%ac%f0%9f%87%a7-%f0%9f%87%a9%f0%9f%87%aa-%f0%9f%87%aa%f0%9f%87%b8-%f0%9f%87%ae%f0%9f%87%b9\/#breadcrumb","itemListElement":[{"@type":"ListItem","position":1,"name":"Strona g\u0142\u00f3wna","item":"https:\/\/zst.klodzko.pl\/zst\/"},{"@type":"ListItem","position":2,"name":"Europejski Dzie\u0144 J\u0119zyk\u00f3w Obcych?? ?? ?? ?? ??"}]},{"@type":"WebSite","@id":"https:\/\/zst.klodzko.pl\/zst\/#website","url":"https:\/\/zst.klodzko.pl\/zst\/","name":"Zesp\u00f3\u0142 Szk\u00f3\u0142 Technicznych w K\u0142odzku","description":"Oficjalna strona ZST w K\u0142odzku (dawniej ZSP nr 1 w K\u0142odzku) - Budowlanka","publisher":{"@id":"https:\/\/zst.klodzko.pl\/zst\/#organization"},"potentialAction":[{"@type":"SearchAction","target":{"@type":"EntryPoint","urlTemplate":"https:\/\/zst.klodzko.pl\/zst\/?s={search_term_string}"},"query-input":{"@type":"PropertyValueSpecification","valueRequired":true,"valueName":"search_term_string"}}],"inLanguage":"pl-PL"},{"@type":"Organization","@id":"https:\/\/zst.klodzko.pl\/zst\/#organization","name":"Zesp\u00f3\u0142 Szk\u00f3\u0142 Technicznych w K\u0142odzku","url":"https:\/\/zst.klodzko.pl\/zst\/","logo":{"@type":"ImageObject","inLanguage":"pl-PL","@id":"https:\/\/zst.klodzko.pl\/zst\/#\/schema\/logo\/image\/","url":"https:\/\/zst.klodzko.pl\/zst\/wp-content\/uploads\/2018\/05\/patron_bud.png","contentUrl":"https:\/\/zst.klodzko.pl\/zst\/wp-content\/uploads\/2018\/05\/patron_bud.png","width":208,"height":205,"caption":"Zesp\u00f3\u0142 Szk\u00f3\u0142 Technicznych w K\u0142odzku"},"image":{"@id":"https:\/\/zst.klodzko.pl\/zst\/#\/schema\/logo\/image\/"},"sameAs":["https:\/\/www.facebook.com\/zst.klodzko","https:\/\/x.com\/Budowlanka_ZST","https:\/\/www.youtube.com\/channel\/UCueLhwUV3X9Ph8PMH7j4ugA","https:\/\/pl.wikipedia.org\/wiki\/Zesp\u00f3\u0142_Szk\u00f3\u0142_Technicznych_w_K\u0142odzku"]},{"@type":"Person","@id":"https:\/\/zst.klodzko.pl\/zst\/#\/schema\/person\/7ad3759462b88dca0c831372a7f5c825","name":"Aktualno\u015bci \u201eBUDOWLANKI\u201d"}]}},"_links":{"self":[{"href":"https:\/\/zst.klodzko.pl\/zst\/wp-json\/wp\/v2\/posts\/20115","targetHints":{"allow":["GET"]}}],"collection":[{"href":"https:\/\/zst.klodzko.pl\/zst\/wp-json\/wp\/v2\/posts"}],"about":[{"href":"https:\/\/zst.klodzko.pl\/zst\/wp-json\/wp\/v2\/types\/post"}],"author":[{"embeddable":true,"href":"https:\/\/zst.klodzko.pl\/zst\/wp-json\/wp\/v2\/users\/1"}],"replies":[{"embeddable":true,"href":"https:\/\/zst.klodzko.pl\/zst\/wp-json\/wp\/v2\/comments?post=20115"}],"version-history":[{"count":12,"href":"https:\/\/zst.klodzko.pl\/zst\/wp-json\/wp\/v2\/posts\/20115\/revisions"}],"predecessor-version":[{"id":20132,"href":"https:\/\/zst.klodzko.pl\/zst\/wp-json\/wp\/v2\/posts\/20115\/revisions\/20132"}],"wp:attachment":[{"href":"https:\/\/zst.klodzko.pl\/zst\/wp-json\/wp\/v2\/media?parent=20115"}],"wp:term":[{"taxonomy":"category","embeddable":true,"href":"https:\/\/zst.klodzko.pl\/zst\/wp-json\/wp\/v2\/categories?post=20115"},{"taxonomy":"post_tag","embeddable":true,"href":"https:\/\/zst.klodzko.pl\/zst\/wp-json\/wp\/v2\/tags?post=20115"}],"curies":[{"name":"wp","href":"https:\/\/api.w.org\/{rel}","templated":true}]}}