{"id":21548,"date":"2023-03-30T17:53:21","date_gmt":"2023-03-30T15:53:21","guid":{"rendered":"https:\/\/zst.klodzko.pl\/zst\/?p=21548"},"modified":"2023-03-30T17:53:21","modified_gmt":"2023-03-30T15:53:21","slug":"katyn-wieczna-pamiec-%e2%9c%9d","status":"publish","type":"post","link":"https:\/\/zst.klodzko.pl\/zst\/katyn-wieczna-pamiec-%e2%9c%9d\/","title":{"rendered":"KATY\u0143 WIECZNA PAMI\u0118\u0106 \u271d"},"content":{"rendered":"<p><img fetchpriority=\"high\" decoding=\"async\" class=\"wp-image-21549 size-full aligncenter\" src=\"https:\/\/zst.klodzko.pl\/zst\/wp-content\/uploads\/2023\/03\/kat22.jpg\" alt=\"KATY\u0143 WIECZNA PAMI\u0118\u0106 \u271d\" width=\"1600\" height=\"2255\" srcset=\"https:\/\/zst.klodzko.pl\/zst\/wp-content\/uploads\/2023\/03\/kat22.jpg 1600w, https:\/\/zst.klodzko.pl\/zst\/wp-content\/uploads\/2023\/03\/kat22-213x300.jpg 213w, https:\/\/zst.klodzko.pl\/zst\/wp-content\/uploads\/2023\/03\/kat22-727x1024.jpg 727w, https:\/\/zst.klodzko.pl\/zst\/wp-content\/uploads\/2023\/03\/kat22-768x1082.jpg 768w, https:\/\/zst.klodzko.pl\/zst\/wp-content\/uploads\/2023\/03\/kat22-1090x1536.jpg 1090w, https:\/\/zst.klodzko.pl\/zst\/wp-content\/uploads\/2023\/03\/kat22-1453x2048.jpg 1453w\" sizes=\"(max-width: 1600px) 100vw, 1600px\" \/><br \/>\n<strong><span style=\"color: #380101;\">KATY\u0143 WIECZNA PAMI\u0118\u0106 \u271d<\/span><\/strong><br \/>\n<span style=\"color: #380101;\">Zapraszamy do udzia\u0142u w konkursie plastycznym \u201eKATY\u0143 WIECZNA PAMI\u0118\u0106\u201d.<\/span><br \/>\n<span style=\"color: #380101;\">Celem konkursu jest popularyzowanie wiedzy na temat Zbrodni Katy\u0144skiej i jej Ofiar.<\/span><br \/>\n<em><span style=\"color: #380101;\">Technika i format pracy dowolny.<\/span><\/em><br \/>\n<span style=\"color: #380101;\">Prace nale\u017cy sk\u0142ada\u0107 do nauczycieli historii do dnia 05.04.2023 r.<\/span><br \/>\n<span style=\"color: #380101;\">Wyniki konkursu zostan\u0105 og\u0142oszone 13.04.2023 r.<\/span><\/p>\n","protected":false},"excerpt":{"rendered":"<p>KATY\u0143 WIECZNA PAMI\u0118\u0106 \u271d Zapraszamy do udzia\u0142u w konkursie plastycznym \u201eKATY\u0143 WIECZNA PAMI\u0118\u0106\u201d. Celem konkursu jest popularyzowanie wiedzy na temat Zbrodni Katy\u0144skiej i jej Ofiar. Technika i format pracy dowolny. Prace nale\u017cy sk\u0142ada\u0107 do nauczycieli historii do dnia 05.04.2023 r. &hellip; <a href=\"https:\/\/zst.klodzko.pl\/zst\/katyn-wieczna-pamiec-%e2%9c%9d\/\">Czytaj dalej <span class=\"meta-nav\">&rarr;<\/span><\/a><\/p>\n","protected":false},"author":1,"featured_media":0,"comment_status":"closed","ping_status":"closed","sticky":false,"template":"","format":"standard","meta":{"footnotes":""},"categories":[1],"tags":[],"class_list":["post-21548","post","type-post","status-publish","format-standard","hentry","category-aktualnosci"],"yoast_head":"<!-- This site is optimized with the Yoast SEO plugin v27.4 - https:\/\/yoast.com\/product\/yoast-seo-wordpress\/ -->\n<title>KATY\u0143 WIECZNA PAMI\u0118\u0106 \u271d &#8212; Zesp\u00f3\u0142 Szk\u00f3\u0142 Technicznych w K\u0142odzku<\/title>\n<meta name=\"robots\" content=\"index, follow, max-snippet:-1, max-image-preview:large, max-video-preview:-1\" \/>\n<link rel=\"canonical\" href=\"https:\/\/zst.klodzko.pl\/zst\/katyn-wieczna-pamiec-\u271d\/\" \/>\n<meta property=\"og:locale\" content=\"pl_PL\" \/>\n<meta property=\"og:type\" content=\"article\" \/>\n<meta property=\"og:title\" content=\"KATY\u0143 WIECZNA PAMI\u0118\u0106 \u271d &#8212; Zesp\u00f3\u0142 Szk\u00f3\u0142 Technicznych w K\u0142odzku\" \/>\n<meta property=\"og:description\" content=\"KATY\u0143 WIECZNA PAMI\u0118\u0106 \u271d Zapraszamy do udzia\u0142u w konkursie plastycznym \u201eKATY\u0143 WIECZNA PAMI\u0118\u0106\u201d. Celem konkursu jest popularyzowanie wiedzy na temat Zbrodni Katy\u0144skiej i jej Ofiar. Technika i format pracy dowolny. Prace nale\u017cy sk\u0142ada\u0107 do nauczycieli historii do dnia 05.04.2023 r. &hellip; Czytaj dalej &rarr;\" \/>\n<meta property=\"og:url\" content=\"https:\/\/zst.klodzko.pl\/zst\/katyn-wieczna-pamiec-\u271d\/\" \/>\n<meta property=\"og:site_name\" content=\"Zesp\u00f3\u0142 Szk\u00f3\u0142 Technicznych w K\u0142odzku\" \/>\n<meta property=\"article:publisher\" content=\"https:\/\/www.facebook.com\/zst.klodzko\" \/>\n<meta property=\"article:published_time\" content=\"2023-03-30T15:53:21+00:00\" \/>\n<meta property=\"og:image\" content=\"https:\/\/zst.klodzko.pl\/zst\/wp-content\/uploads\/2023\/03\/kat22.jpg\" \/>\n<meta name=\"author\" content=\"Aktualno\u015bci \u201eBUDOWLANKI\u201d\" \/>\n<meta name=\"twitter:card\" content=\"summary_large_image\" \/>\n<meta name=\"twitter:creator\" content=\"@Budowlanka_ZST\" \/>\n<meta name=\"twitter:site\" content=\"@Budowlanka_ZST\" \/>\n<meta name=\"twitter:label1\" content=\"Napisane przez\" \/>\n\t<meta name=\"twitter:data1\" content=\"Aktualno\u015bci \u201eBUDOWLANKI\u201d\" \/>\n\t<meta name=\"twitter:label2\" content=\"Szacowany czas czytania\" \/>\n\t<meta name=\"twitter:data2\" content=\"1 minuta\" \/>\n<script type=\"application\/ld+json\" class=\"yoast-schema-graph\">{\"@context\":\"https:\\\/\\\/schema.org\",\"@graph\":[{\"@type\":\"Article\",\"@id\":\"https:\\\/\\\/zst.klodzko.pl\\\/zst\\\/katyn-wieczna-pamiec-%e2%9c%9d\\\/#article\",\"isPartOf\":{\"@id\":\"https:\\\/\\\/zst.klodzko.pl\\\/zst\\\/katyn-wieczna-pamiec-%e2%9c%9d\\\/\"},\"author\":{\"name\":\"Aktualno\u015bci \u201eBUDOWLANKI\u201d\",\"@id\":\"https:\\\/\\\/zst.klodzko.pl\\\/zst\\\/#\\\/schema\\\/person\\\/7ad3759462b88dca0c831372a7f5c825\"},\"headline\":\"KATY\u0143 WIECZNA PAMI\u0118\u0106 \u271d\",\"datePublished\":\"2023-03-30T15:53:21+00:00\",\"mainEntityOfPage\":{\"@id\":\"https:\\\/\\\/zst.klodzko.pl\\\/zst\\\/katyn-wieczna-pamiec-%e2%9c%9d\\\/\"},\"wordCount\":51,\"publisher\":{\"@id\":\"https:\\\/\\\/zst.klodzko.pl\\\/zst\\\/#organization\"},\"image\":{\"@id\":\"https:\\\/\\\/zst.klodzko.pl\\\/zst\\\/katyn-wieczna-pamiec-%e2%9c%9d\\\/#primaryimage\"},\"thumbnailUrl\":\"https:\\\/\\\/zst.klodzko.pl\\\/zst\\\/wp-content\\\/uploads\\\/2023\\\/03\\\/kat22.jpg\",\"articleSection\":[\"Aktualno\u015bci\"],\"inLanguage\":\"pl-PL\"},{\"@type\":\"WebPage\",\"@id\":\"https:\\\/\\\/zst.klodzko.pl\\\/zst\\\/katyn-wieczna-pamiec-%e2%9c%9d\\\/\",\"url\":\"https:\\\/\\\/zst.klodzko.pl\\\/zst\\\/katyn-wieczna-pamiec-%e2%9c%9d\\\/\",\"name\":\"KATY\u0143 WIECZNA PAMI\u0118\u0106 \u271d &#8212; Zesp\u00f3\u0142 Szk\u00f3\u0142 Technicznych w K\u0142odzku\",\"isPartOf\":{\"@id\":\"https:\\\/\\\/zst.klodzko.pl\\\/zst\\\/#website\"},\"primaryImageOfPage\":{\"@id\":\"https:\\\/\\\/zst.klodzko.pl\\\/zst\\\/katyn-wieczna-pamiec-%e2%9c%9d\\\/#primaryimage\"},\"image\":{\"@id\":\"https:\\\/\\\/zst.klodzko.pl\\\/zst\\\/katyn-wieczna-pamiec-%e2%9c%9d\\\/#primaryimage\"},\"thumbnailUrl\":\"https:\\\/\\\/zst.klodzko.pl\\\/zst\\\/wp-content\\\/uploads\\\/2023\\\/03\\\/kat22.jpg\",\"datePublished\":\"2023-03-30T15:53:21+00:00\",\"breadcrumb\":{\"@id\":\"https:\\\/\\\/zst.klodzko.pl\\\/zst\\\/katyn-wieczna-pamiec-%e2%9c%9d\\\/#breadcrumb\"},\"inLanguage\":\"pl-PL\",\"potentialAction\":[{\"@type\":\"ReadAction\",\"target\":[\"https:\\\/\\\/zst.klodzko.pl\\\/zst\\\/katyn-wieczna-pamiec-%e2%9c%9d\\\/\"]}]},{\"@type\":\"ImageObject\",\"inLanguage\":\"pl-PL\",\"@id\":\"https:\\\/\\\/zst.klodzko.pl\\\/zst\\\/katyn-wieczna-pamiec-%e2%9c%9d\\\/#primaryimage\",\"url\":\"https:\\\/\\\/zst.klodzko.pl\\\/zst\\\/wp-content\\\/uploads\\\/2023\\\/03\\\/kat22.jpg\",\"contentUrl\":\"https:\\\/\\\/zst.klodzko.pl\\\/zst\\\/wp-content\\\/uploads\\\/2023\\\/03\\\/kat22.jpg\",\"width\":1600,\"height\":2255,\"caption\":\"KATY\u0143 WIECZNA PAMI\u0118\u0106 \u271d\"},{\"@type\":\"BreadcrumbList\",\"@id\":\"https:\\\/\\\/zst.klodzko.pl\\\/zst\\\/katyn-wieczna-pamiec-%e2%9c%9d\\\/#breadcrumb\",\"itemListElement\":[{\"@type\":\"ListItem\",\"position\":1,\"name\":\"Strona g\u0142\u00f3wna\",\"item\":\"https:\\\/\\\/zst.klodzko.pl\\\/zst\\\/\"},{\"@type\":\"ListItem\",\"position\":2,\"name\":\"KATY\u0143 WIECZNA PAMI\u0118\u0106 \u271d\"}]},{\"@type\":\"WebSite\",\"@id\":\"https:\\\/\\\/zst.klodzko.pl\\\/zst\\\/#website\",\"url\":\"https:\\\/\\\/zst.klodzko.pl\\\/zst\\\/\",\"name\":\"Zesp\u00f3\u0142 Szk\u00f3\u0142 Technicznych w K\u0142odzku\",\"description\":\"Oficjalna strona ZST w K\u0142odzku (dawniej ZSP nr 1 w K\u0142odzku) - Budowlanka\",\"publisher\":{\"@id\":\"https:\\\/\\\/zst.klodzko.pl\\\/zst\\\/#organization\"},\"potentialAction\":[{\"@type\":\"SearchAction\",\"target\":{\"@type\":\"EntryPoint\",\"urlTemplate\":\"https:\\\/\\\/zst.klodzko.pl\\\/zst\\\/?s={search_term_string}\"},\"query-input\":{\"@type\":\"PropertyValueSpecification\",\"valueRequired\":true,\"valueName\":\"search_term_string\"}}],\"inLanguage\":\"pl-PL\"},{\"@type\":\"Organization\",\"@id\":\"https:\\\/\\\/zst.klodzko.pl\\\/zst\\\/#organization\",\"name\":\"Zesp\u00f3\u0142 Szk\u00f3\u0142 Technicznych w K\u0142odzku\",\"url\":\"https:\\\/\\\/zst.klodzko.pl\\\/zst\\\/\",\"logo\":{\"@type\":\"ImageObject\",\"inLanguage\":\"pl-PL\",\"@id\":\"https:\\\/\\\/zst.klodzko.pl\\\/zst\\\/#\\\/schema\\\/logo\\\/image\\\/\",\"url\":\"https:\\\/\\\/zst.klodzko.pl\\\/zst\\\/wp-content\\\/uploads\\\/2018\\\/05\\\/patron_bud.png\",\"contentUrl\":\"https:\\\/\\\/zst.klodzko.pl\\\/zst\\\/wp-content\\\/uploads\\\/2018\\\/05\\\/patron_bud.png\",\"width\":208,\"height\":205,\"caption\":\"Zesp\u00f3\u0142 Szk\u00f3\u0142 Technicznych w K\u0142odzku\"},\"image\":{\"@id\":\"https:\\\/\\\/zst.klodzko.pl\\\/zst\\\/#\\\/schema\\\/logo\\\/image\\\/\"},\"sameAs\":[\"https:\\\/\\\/www.facebook.com\\\/zst.klodzko\",\"https:\\\/\\\/x.com\\\/Budowlanka_ZST\",\"https:\\\/\\\/www.youtube.com\\\/channel\\\/UCueLhwUV3X9Ph8PMH7j4ugA\",\"https:\\\/\\\/pl.wikipedia.org\\\/wiki\\\/Zesp\u00f3\u0142_Szk\u00f3\u0142_Technicznych_w_K\u0142odzku\"]},{\"@type\":\"Person\",\"@id\":\"https:\\\/\\\/zst.klodzko.pl\\\/zst\\\/#\\\/schema\\\/person\\\/7ad3759462b88dca0c831372a7f5c825\",\"name\":\"Aktualno\u015bci \u201eBUDOWLANKI\u201d\"}]}<\/script>\n<!-- \/ Yoast SEO plugin. -->","yoast_head_json":{"title":"KATY\u0143 WIECZNA PAMI\u0118\u0106 \u271d &#8212; Zesp\u00f3\u0142 Szk\u00f3\u0142 Technicznych w K\u0142odzku","robots":{"index":"index","follow":"follow","max-snippet":"max-snippet:-1","max-image-preview":"max-image-preview:large","max-video-preview":"max-video-preview:-1"},"canonical":"https:\/\/zst.klodzko.pl\/zst\/katyn-wieczna-pamiec-\u271d\/","og_locale":"pl_PL","og_type":"article","og_title":"KATY\u0143 WIECZNA PAMI\u0118\u0106 \u271d &#8212; Zesp\u00f3\u0142 Szk\u00f3\u0142 Technicznych w K\u0142odzku","og_description":"KATY\u0143 WIECZNA PAMI\u0118\u0106 \u271d Zapraszamy do udzia\u0142u w konkursie plastycznym \u201eKATY\u0143 WIECZNA PAMI\u0118\u0106\u201d. Celem konkursu jest popularyzowanie wiedzy na temat Zbrodni Katy\u0144skiej i jej Ofiar. Technika i format pracy dowolny. Prace nale\u017cy sk\u0142ada\u0107 do nauczycieli historii do dnia 05.04.2023 r. &hellip; Czytaj dalej &rarr;","og_url":"https:\/\/zst.klodzko.pl\/zst\/katyn-wieczna-pamiec-\u271d\/","og_site_name":"Zesp\u00f3\u0142 Szk\u00f3\u0142 Technicznych w K\u0142odzku","article_publisher":"https:\/\/www.facebook.com\/zst.klodzko","article_published_time":"2023-03-30T15:53:21+00:00","og_image":[{"url":"https:\/\/zst.klodzko.pl\/zst\/wp-content\/uploads\/2023\/03\/kat22.jpg","type":"","width":"","height":""}],"author":"Aktualno\u015bci \u201eBUDOWLANKI\u201d","twitter_card":"summary_large_image","twitter_creator":"@Budowlanka_ZST","twitter_site":"@Budowlanka_ZST","twitter_misc":{"Napisane przez":"Aktualno\u015bci \u201eBUDOWLANKI\u201d","Szacowany czas czytania":"1 minuta"},"schema":{"@context":"https:\/\/schema.org","@graph":[{"@type":"Article","@id":"https:\/\/zst.klodzko.pl\/zst\/katyn-wieczna-pamiec-%e2%9c%9d\/#article","isPartOf":{"@id":"https:\/\/zst.klodzko.pl\/zst\/katyn-wieczna-pamiec-%e2%9c%9d\/"},"author":{"name":"Aktualno\u015bci \u201eBUDOWLANKI\u201d","@id":"https:\/\/zst.klodzko.pl\/zst\/#\/schema\/person\/7ad3759462b88dca0c831372a7f5c825"},"headline":"KATY\u0143 WIECZNA PAMI\u0118\u0106 \u271d","datePublished":"2023-03-30T15:53:21+00:00","mainEntityOfPage":{"@id":"https:\/\/zst.klodzko.pl\/zst\/katyn-wieczna-pamiec-%e2%9c%9d\/"},"wordCount":51,"publisher":{"@id":"https:\/\/zst.klodzko.pl\/zst\/#organization"},"image":{"@id":"https:\/\/zst.klodzko.pl\/zst\/katyn-wieczna-pamiec-%e2%9c%9d\/#primaryimage"},"thumbnailUrl":"https:\/\/zst.klodzko.pl\/zst\/wp-content\/uploads\/2023\/03\/kat22.jpg","articleSection":["Aktualno\u015bci"],"inLanguage":"pl-PL"},{"@type":"WebPage","@id":"https:\/\/zst.klodzko.pl\/zst\/katyn-wieczna-pamiec-%e2%9c%9d\/","url":"https:\/\/zst.klodzko.pl\/zst\/katyn-wieczna-pamiec-%e2%9c%9d\/","name":"KATY\u0143 WIECZNA PAMI\u0118\u0106 \u271d &#8212; Zesp\u00f3\u0142 Szk\u00f3\u0142 Technicznych w K\u0142odzku","isPartOf":{"@id":"https:\/\/zst.klodzko.pl\/zst\/#website"},"primaryImageOfPage":{"@id":"https:\/\/zst.klodzko.pl\/zst\/katyn-wieczna-pamiec-%e2%9c%9d\/#primaryimage"},"image":{"@id":"https:\/\/zst.klodzko.pl\/zst\/katyn-wieczna-pamiec-%e2%9c%9d\/#primaryimage"},"thumbnailUrl":"https:\/\/zst.klodzko.pl\/zst\/wp-content\/uploads\/2023\/03\/kat22.jpg","datePublished":"2023-03-30T15:53:21+00:00","breadcrumb":{"@id":"https:\/\/zst.klodzko.pl\/zst\/katyn-wieczna-pamiec-%e2%9c%9d\/#breadcrumb"},"inLanguage":"pl-PL","potentialAction":[{"@type":"ReadAction","target":["https:\/\/zst.klodzko.pl\/zst\/katyn-wieczna-pamiec-%e2%9c%9d\/"]}]},{"@type":"ImageObject","inLanguage":"pl-PL","@id":"https:\/\/zst.klodzko.pl\/zst\/katyn-wieczna-pamiec-%e2%9c%9d\/#primaryimage","url":"https:\/\/zst.klodzko.pl\/zst\/wp-content\/uploads\/2023\/03\/kat22.jpg","contentUrl":"https:\/\/zst.klodzko.pl\/zst\/wp-content\/uploads\/2023\/03\/kat22.jpg","width":1600,"height":2255,"caption":"KATY\u0143 WIECZNA PAMI\u0118\u0106 \u271d"},{"@type":"BreadcrumbList","@id":"https:\/\/zst.klodzko.pl\/zst\/katyn-wieczna-pamiec-%e2%9c%9d\/#breadcrumb","itemListElement":[{"@type":"ListItem","position":1,"name":"Strona g\u0142\u00f3wna","item":"https:\/\/zst.klodzko.pl\/zst\/"},{"@type":"ListItem","position":2,"name":"KATY\u0143 WIECZNA PAMI\u0118\u0106 \u271d"}]},{"@type":"WebSite","@id":"https:\/\/zst.klodzko.pl\/zst\/#website","url":"https:\/\/zst.klodzko.pl\/zst\/","name":"Zesp\u00f3\u0142 Szk\u00f3\u0142 Technicznych w K\u0142odzku","description":"Oficjalna strona ZST w K\u0142odzku (dawniej ZSP nr 1 w K\u0142odzku) - Budowlanka","publisher":{"@id":"https:\/\/zst.klodzko.pl\/zst\/#organization"},"potentialAction":[{"@type":"SearchAction","target":{"@type":"EntryPoint","urlTemplate":"https:\/\/zst.klodzko.pl\/zst\/?s={search_term_string}"},"query-input":{"@type":"PropertyValueSpecification","valueRequired":true,"valueName":"search_term_string"}}],"inLanguage":"pl-PL"},{"@type":"Organization","@id":"https:\/\/zst.klodzko.pl\/zst\/#organization","name":"Zesp\u00f3\u0142 Szk\u00f3\u0142 Technicznych w K\u0142odzku","url":"https:\/\/zst.klodzko.pl\/zst\/","logo":{"@type":"ImageObject","inLanguage":"pl-PL","@id":"https:\/\/zst.klodzko.pl\/zst\/#\/schema\/logo\/image\/","url":"https:\/\/zst.klodzko.pl\/zst\/wp-content\/uploads\/2018\/05\/patron_bud.png","contentUrl":"https:\/\/zst.klodzko.pl\/zst\/wp-content\/uploads\/2018\/05\/patron_bud.png","width":208,"height":205,"caption":"Zesp\u00f3\u0142 Szk\u00f3\u0142 Technicznych w K\u0142odzku"},"image":{"@id":"https:\/\/zst.klodzko.pl\/zst\/#\/schema\/logo\/image\/"},"sameAs":["https:\/\/www.facebook.com\/zst.klodzko","https:\/\/x.com\/Budowlanka_ZST","https:\/\/www.youtube.com\/channel\/UCueLhwUV3X9Ph8PMH7j4ugA","https:\/\/pl.wikipedia.org\/wiki\/Zesp\u00f3\u0142_Szk\u00f3\u0142_Technicznych_w_K\u0142odzku"]},{"@type":"Person","@id":"https:\/\/zst.klodzko.pl\/zst\/#\/schema\/person\/7ad3759462b88dca0c831372a7f5c825","name":"Aktualno\u015bci \u201eBUDOWLANKI\u201d"}]}},"_links":{"self":[{"href":"https:\/\/zst.klodzko.pl\/zst\/wp-json\/wp\/v2\/posts\/21548","targetHints":{"allow":["GET"]}}],"collection":[{"href":"https:\/\/zst.klodzko.pl\/zst\/wp-json\/wp\/v2\/posts"}],"about":[{"href":"https:\/\/zst.klodzko.pl\/zst\/wp-json\/wp\/v2\/types\/post"}],"author":[{"embeddable":true,"href":"https:\/\/zst.klodzko.pl\/zst\/wp-json\/wp\/v2\/users\/1"}],"replies":[{"embeddable":true,"href":"https:\/\/zst.klodzko.pl\/zst\/wp-json\/wp\/v2\/comments?post=21548"}],"version-history":[{"count":1,"href":"https:\/\/zst.klodzko.pl\/zst\/wp-json\/wp\/v2\/posts\/21548\/revisions"}],"predecessor-version":[{"id":21550,"href":"https:\/\/zst.klodzko.pl\/zst\/wp-json\/wp\/v2\/posts\/21548\/revisions\/21550"}],"wp:attachment":[{"href":"https:\/\/zst.klodzko.pl\/zst\/wp-json\/wp\/v2\/media?parent=21548"}],"wp:term":[{"taxonomy":"category","embeddable":true,"href":"https:\/\/zst.klodzko.pl\/zst\/wp-json\/wp\/v2\/categories?post=21548"},{"taxonomy":"post_tag","embeddable":true,"href":"https:\/\/zst.klodzko.pl\/zst\/wp-json\/wp\/v2\/tags?post=21548"}],"curies":[{"name":"wp","href":"https:\/\/api.w.org\/{rel}","templated":true}]}}