{"id":25724,"date":"2024-10-29T20:44:19","date_gmt":"2024-10-29T19:44:19","guid":{"rendered":"https:\/\/zst.klodzko.pl\/zst\/?p=25724"},"modified":"2024-10-29T20:44:19","modified_gmt":"2024-10-29T19:44:19","slug":"29-10-2024-r-odbyl-sie-uroczysty-apel-z-okazji-obchodow-kolejnej-rocznicy-debow-katynskich","status":"publish","type":"post","link":"https:\/\/zst.klodzko.pl\/zst\/29-10-2024-r-odbyl-sie-uroczysty-apel-z-okazji-obchodow-kolejnej-rocznicy-debow-katynskich\/","title":{"rendered":"29.10.2024 r. odby\u0142 si\u0119 uroczysty apel z okazji obchod\u00f3w kolejnej rocznicy ,,D\u0119b\u00f3w Katy\u0144skich&#8221;"},"content":{"rendered":"<p style=\"text-align: center;\"><a href=\"https:\/\/www.facebook.com\/zst.klodzko\/posts\/pfbid02XFh7Z4LnN9AzwYqaVYYWuEmBN4S2rDJdmpuZ9NGFzt9KR97mFCtupb1q7hesgbMel\" target=\"_blank\" rel=\"noopener\"><img fetchpriority=\"high\" decoding=\"async\" class=\"aligncenter wp-image-25725 size-full\" src=\"https:\/\/zst.klodzko.pl\/zst\/wp-content\/uploads\/2024\/10\/pst_2-1.jpg\" alt=\"29.10.2024 r. odby\u0142 si\u0119  uroczysty apel z okazji obchod\u00f3w kolejnej rocznicy ,,D\u0119b\u00f3w Katy\u0144skich&quot;\" width=\"675\" height=\"701\" srcset=\"https:\/\/zst.klodzko.pl\/zst\/wp-content\/uploads\/2024\/10\/pst_2-1.jpg 675w, https:\/\/zst.klodzko.pl\/zst\/wp-content\/uploads\/2024\/10\/pst_2-1-289x300.jpg 289w\" sizes=\"(max-width: 675px) 100vw, 675px\" \/><\/a><\/p>\n","protected":false},"excerpt":{"rendered":"","protected":false},"author":1,"featured_media":0,"comment_status":"closed","ping_status":"closed","sticky":false,"template":"","format":"standard","meta":{"footnotes":""},"categories":[1],"tags":[],"class_list":["post-25724","post","type-post","status-publish","format-standard","hentry","category-aktualnosci"],"yoast_head":"<!-- This site is optimized with the Yoast SEO plugin v27.4 - https:\/\/yoast.com\/product\/yoast-seo-wordpress\/ -->\n<title>29.10.2024 r. odby\u0142 si\u0119 uroczysty apel z okazji obchod\u00f3w kolejnej rocznicy ,,D\u0119b\u00f3w Katy\u0144skich&#8221; &#8212; Zesp\u00f3\u0142 Szk\u00f3\u0142 Technicznych w K\u0142odzku<\/title>\n<meta name=\"robots\" content=\"index, follow, max-snippet:-1, max-image-preview:large, max-video-preview:-1\" \/>\n<link rel=\"canonical\" href=\"https:\/\/zst.klodzko.pl\/zst\/29-10-2024-r-odbyl-sie-uroczysty-apel-z-okazji-obchodow-kolejnej-rocznicy-debow-katynskich\/\" \/>\n<meta property=\"og:locale\" content=\"pl_PL\" \/>\n<meta property=\"og:type\" content=\"article\" \/>\n<meta property=\"og:title\" content=\"29.10.2024 r. odby\u0142 si\u0119 uroczysty apel z okazji obchod\u00f3w kolejnej rocznicy ,,D\u0119b\u00f3w Katy\u0144skich&#8221; &#8212; Zesp\u00f3\u0142 Szk\u00f3\u0142 Technicznych w K\u0142odzku\" \/>\n<meta property=\"og:url\" content=\"https:\/\/zst.klodzko.pl\/zst\/29-10-2024-r-odbyl-sie-uroczysty-apel-z-okazji-obchodow-kolejnej-rocznicy-debow-katynskich\/\" \/>\n<meta property=\"og:site_name\" content=\"Zesp\u00f3\u0142 Szk\u00f3\u0142 Technicznych w K\u0142odzku\" \/>\n<meta property=\"article:publisher\" content=\"https:\/\/www.facebook.com\/zst.klodzko\" \/>\n<meta property=\"article:published_time\" content=\"2024-10-29T19:44:19+00:00\" \/>\n<meta property=\"og:image\" content=\"https:\/\/zst.klodzko.pl\/zst\/wp-content\/uploads\/2024\/10\/pst_2-1.jpg\" \/>\n\t<meta property=\"og:image:width\" content=\"675\" \/>\n\t<meta property=\"og:image:height\" content=\"701\" \/>\n\t<meta property=\"og:image:type\" content=\"image\/jpeg\" \/>\n<meta name=\"author\" content=\"Aktualno\u015bci \u201eBUDOWLANKI\u201d\" \/>\n<meta name=\"twitter:card\" content=\"summary_large_image\" \/>\n<meta name=\"twitter:creator\" content=\"@Budowlanka_ZST\" \/>\n<meta name=\"twitter:site\" content=\"@Budowlanka_ZST\" \/>\n<meta name=\"twitter:label1\" content=\"Napisane przez\" \/>\n\t<meta name=\"twitter:data1\" content=\"Aktualno\u015bci \u201eBUDOWLANKI\u201d\" \/>\n\t<meta name=\"twitter:label2\" content=\"Szacowany czas czytania\" \/>\n\t<meta name=\"twitter:data2\" content=\"1 minuta\" \/>\n<script type=\"application\/ld+json\" class=\"yoast-schema-graph\">{\"@context\":\"https:\\\/\\\/schema.org\",\"@graph\":[{\"@type\":\"Article\",\"@id\":\"https:\\\/\\\/zst.klodzko.pl\\\/zst\\\/29-10-2024-r-odbyl-sie-uroczysty-apel-z-okazji-obchodow-kolejnej-rocznicy-debow-katynskich\\\/#article\",\"isPartOf\":{\"@id\":\"https:\\\/\\\/zst.klodzko.pl\\\/zst\\\/29-10-2024-r-odbyl-sie-uroczysty-apel-z-okazji-obchodow-kolejnej-rocznicy-debow-katynskich\\\/\"},\"author\":{\"name\":\"Aktualno\u015bci \u201eBUDOWLANKI\u201d\",\"@id\":\"https:\\\/\\\/zst.klodzko.pl\\\/zst\\\/#\\\/schema\\\/person\\\/7ad3759462b88dca0c831372a7f5c825\"},\"headline\":\"29.10.2024 r. odby\u0142 si\u0119 uroczysty apel z okazji obchod\u00f3w kolejnej rocznicy ,,D\u0119b\u00f3w Katy\u0144skich&#8221;\",\"datePublished\":\"2024-10-29T19:44:19+00:00\",\"mainEntityOfPage\":{\"@id\":\"https:\\\/\\\/zst.klodzko.pl\\\/zst\\\/29-10-2024-r-odbyl-sie-uroczysty-apel-z-okazji-obchodow-kolejnej-rocznicy-debow-katynskich\\\/\"},\"wordCount\":16,\"publisher\":{\"@id\":\"https:\\\/\\\/zst.klodzko.pl\\\/zst\\\/#organization\"},\"image\":{\"@id\":\"https:\\\/\\\/zst.klodzko.pl\\\/zst\\\/29-10-2024-r-odbyl-sie-uroczysty-apel-z-okazji-obchodow-kolejnej-rocznicy-debow-katynskich\\\/#primaryimage\"},\"thumbnailUrl\":\"https:\\\/\\\/zst.klodzko.pl\\\/zst\\\/wp-content\\\/uploads\\\/2024\\\/10\\\/pst_2-1.jpg\",\"articleSection\":[\"Aktualno\u015bci\"],\"inLanguage\":\"pl-PL\"},{\"@type\":\"WebPage\",\"@id\":\"https:\\\/\\\/zst.klodzko.pl\\\/zst\\\/29-10-2024-r-odbyl-sie-uroczysty-apel-z-okazji-obchodow-kolejnej-rocznicy-debow-katynskich\\\/\",\"url\":\"https:\\\/\\\/zst.klodzko.pl\\\/zst\\\/29-10-2024-r-odbyl-sie-uroczysty-apel-z-okazji-obchodow-kolejnej-rocznicy-debow-katynskich\\\/\",\"name\":\"29.10.2024 r. odby\u0142 si\u0119 uroczysty apel z okazji obchod\u00f3w kolejnej rocznicy ,,D\u0119b\u00f3w Katy\u0144skich&#8221; &#8212; Zesp\u00f3\u0142 Szk\u00f3\u0142 Technicznych w K\u0142odzku\",\"isPartOf\":{\"@id\":\"https:\\\/\\\/zst.klodzko.pl\\\/zst\\\/#website\"},\"primaryImageOfPage\":{\"@id\":\"https:\\\/\\\/zst.klodzko.pl\\\/zst\\\/29-10-2024-r-odbyl-sie-uroczysty-apel-z-okazji-obchodow-kolejnej-rocznicy-debow-katynskich\\\/#primaryimage\"},\"image\":{\"@id\":\"https:\\\/\\\/zst.klodzko.pl\\\/zst\\\/29-10-2024-r-odbyl-sie-uroczysty-apel-z-okazji-obchodow-kolejnej-rocznicy-debow-katynskich\\\/#primaryimage\"},\"thumbnailUrl\":\"https:\\\/\\\/zst.klodzko.pl\\\/zst\\\/wp-content\\\/uploads\\\/2024\\\/10\\\/pst_2-1.jpg\",\"datePublished\":\"2024-10-29T19:44:19+00:00\",\"breadcrumb\":{\"@id\":\"https:\\\/\\\/zst.klodzko.pl\\\/zst\\\/29-10-2024-r-odbyl-sie-uroczysty-apel-z-okazji-obchodow-kolejnej-rocznicy-debow-katynskich\\\/#breadcrumb\"},\"inLanguage\":\"pl-PL\",\"potentialAction\":[{\"@type\":\"ReadAction\",\"target\":[\"https:\\\/\\\/zst.klodzko.pl\\\/zst\\\/29-10-2024-r-odbyl-sie-uroczysty-apel-z-okazji-obchodow-kolejnej-rocznicy-debow-katynskich\\\/\"]}]},{\"@type\":\"ImageObject\",\"inLanguage\":\"pl-PL\",\"@id\":\"https:\\\/\\\/zst.klodzko.pl\\\/zst\\\/29-10-2024-r-odbyl-sie-uroczysty-apel-z-okazji-obchodow-kolejnej-rocznicy-debow-katynskich\\\/#primaryimage\",\"url\":\"https:\\\/\\\/zst.klodzko.pl\\\/zst\\\/wp-content\\\/uploads\\\/2024\\\/10\\\/pst_2-1.jpg\",\"contentUrl\":\"https:\\\/\\\/zst.klodzko.pl\\\/zst\\\/wp-content\\\/uploads\\\/2024\\\/10\\\/pst_2-1.jpg\",\"width\":675,\"height\":701,\"caption\":\"29.10.2024 r. odby\u0142 si\u0119 uroczysty apel z okazji obchod\u00f3w kolejnej rocznicy ,,D\u0119b\u00f3w Katy\u0144skich\\\"\"},{\"@type\":\"BreadcrumbList\",\"@id\":\"https:\\\/\\\/zst.klodzko.pl\\\/zst\\\/29-10-2024-r-odbyl-sie-uroczysty-apel-z-okazji-obchodow-kolejnej-rocznicy-debow-katynskich\\\/#breadcrumb\",\"itemListElement\":[{\"@type\":\"ListItem\",\"position\":1,\"name\":\"Strona g\u0142\u00f3wna\",\"item\":\"https:\\\/\\\/zst.klodzko.pl\\\/zst\\\/\"},{\"@type\":\"ListItem\",\"position\":2,\"name\":\"29.10.2024 r. odby\u0142 si\u0119 uroczysty apel z okazji obchod\u00f3w kolejnej rocznicy ,,D\u0119b\u00f3w Katy\u0144skich&#8221;\"}]},{\"@type\":\"WebSite\",\"@id\":\"https:\\\/\\\/zst.klodzko.pl\\\/zst\\\/#website\",\"url\":\"https:\\\/\\\/zst.klodzko.pl\\\/zst\\\/\",\"name\":\"Zesp\u00f3\u0142 Szk\u00f3\u0142 Technicznych w K\u0142odzku\",\"description\":\"Oficjalna strona ZST w K\u0142odzku (dawniej ZSP nr 1 w K\u0142odzku) - Budowlanka\",\"publisher\":{\"@id\":\"https:\\\/\\\/zst.klodzko.pl\\\/zst\\\/#organization\"},\"potentialAction\":[{\"@type\":\"SearchAction\",\"target\":{\"@type\":\"EntryPoint\",\"urlTemplate\":\"https:\\\/\\\/zst.klodzko.pl\\\/zst\\\/?s={search_term_string}\"},\"query-input\":{\"@type\":\"PropertyValueSpecification\",\"valueRequired\":true,\"valueName\":\"search_term_string\"}}],\"inLanguage\":\"pl-PL\"},{\"@type\":\"Organization\",\"@id\":\"https:\\\/\\\/zst.klodzko.pl\\\/zst\\\/#organization\",\"name\":\"Zesp\u00f3\u0142 Szk\u00f3\u0142 Technicznych w K\u0142odzku\",\"url\":\"https:\\\/\\\/zst.klodzko.pl\\\/zst\\\/\",\"logo\":{\"@type\":\"ImageObject\",\"inLanguage\":\"pl-PL\",\"@id\":\"https:\\\/\\\/zst.klodzko.pl\\\/zst\\\/#\\\/schema\\\/logo\\\/image\\\/\",\"url\":\"https:\\\/\\\/zst.klodzko.pl\\\/zst\\\/wp-content\\\/uploads\\\/2018\\\/05\\\/patron_bud.png\",\"contentUrl\":\"https:\\\/\\\/zst.klodzko.pl\\\/zst\\\/wp-content\\\/uploads\\\/2018\\\/05\\\/patron_bud.png\",\"width\":208,\"height\":205,\"caption\":\"Zesp\u00f3\u0142 Szk\u00f3\u0142 Technicznych w K\u0142odzku\"},\"image\":{\"@id\":\"https:\\\/\\\/zst.klodzko.pl\\\/zst\\\/#\\\/schema\\\/logo\\\/image\\\/\"},\"sameAs\":[\"https:\\\/\\\/www.facebook.com\\\/zst.klodzko\",\"https:\\\/\\\/x.com\\\/Budowlanka_ZST\",\"https:\\\/\\\/www.youtube.com\\\/channel\\\/UCueLhwUV3X9Ph8PMH7j4ugA\",\"https:\\\/\\\/pl.wikipedia.org\\\/wiki\\\/Zesp\u00f3\u0142_Szk\u00f3\u0142_Technicznych_w_K\u0142odzku\"]},{\"@type\":\"Person\",\"@id\":\"https:\\\/\\\/zst.klodzko.pl\\\/zst\\\/#\\\/schema\\\/person\\\/7ad3759462b88dca0c831372a7f5c825\",\"name\":\"Aktualno\u015bci \u201eBUDOWLANKI\u201d\"}]}<\/script>\n<!-- \/ Yoast SEO plugin. -->","yoast_head_json":{"title":"29.10.2024 r. odby\u0142 si\u0119 uroczysty apel z okazji obchod\u00f3w kolejnej rocznicy ,,D\u0119b\u00f3w Katy\u0144skich&#8221; &#8212; Zesp\u00f3\u0142 Szk\u00f3\u0142 Technicznych w K\u0142odzku","robots":{"index":"index","follow":"follow","max-snippet":"max-snippet:-1","max-image-preview":"max-image-preview:large","max-video-preview":"max-video-preview:-1"},"canonical":"https:\/\/zst.klodzko.pl\/zst\/29-10-2024-r-odbyl-sie-uroczysty-apel-z-okazji-obchodow-kolejnej-rocznicy-debow-katynskich\/","og_locale":"pl_PL","og_type":"article","og_title":"29.10.2024 r. odby\u0142 si\u0119 uroczysty apel z okazji obchod\u00f3w kolejnej rocznicy ,,D\u0119b\u00f3w Katy\u0144skich&#8221; &#8212; Zesp\u00f3\u0142 Szk\u00f3\u0142 Technicznych w K\u0142odzku","og_url":"https:\/\/zst.klodzko.pl\/zst\/29-10-2024-r-odbyl-sie-uroczysty-apel-z-okazji-obchodow-kolejnej-rocznicy-debow-katynskich\/","og_site_name":"Zesp\u00f3\u0142 Szk\u00f3\u0142 Technicznych w K\u0142odzku","article_publisher":"https:\/\/www.facebook.com\/zst.klodzko","article_published_time":"2024-10-29T19:44:19+00:00","og_image":[{"width":675,"height":701,"url":"https:\/\/zst.klodzko.pl\/zst\/wp-content\/uploads\/2024\/10\/pst_2-1.jpg","type":"image\/jpeg"}],"author":"Aktualno\u015bci \u201eBUDOWLANKI\u201d","twitter_card":"summary_large_image","twitter_creator":"@Budowlanka_ZST","twitter_site":"@Budowlanka_ZST","twitter_misc":{"Napisane przez":"Aktualno\u015bci \u201eBUDOWLANKI\u201d","Szacowany czas czytania":"1 minuta"},"schema":{"@context":"https:\/\/schema.org","@graph":[{"@type":"Article","@id":"https:\/\/zst.klodzko.pl\/zst\/29-10-2024-r-odbyl-sie-uroczysty-apel-z-okazji-obchodow-kolejnej-rocznicy-debow-katynskich\/#article","isPartOf":{"@id":"https:\/\/zst.klodzko.pl\/zst\/29-10-2024-r-odbyl-sie-uroczysty-apel-z-okazji-obchodow-kolejnej-rocznicy-debow-katynskich\/"},"author":{"name":"Aktualno\u015bci \u201eBUDOWLANKI\u201d","@id":"https:\/\/zst.klodzko.pl\/zst\/#\/schema\/person\/7ad3759462b88dca0c831372a7f5c825"},"headline":"29.10.2024 r. odby\u0142 si\u0119 uroczysty apel z okazji obchod\u00f3w kolejnej rocznicy ,,D\u0119b\u00f3w Katy\u0144skich&#8221;","datePublished":"2024-10-29T19:44:19+00:00","mainEntityOfPage":{"@id":"https:\/\/zst.klodzko.pl\/zst\/29-10-2024-r-odbyl-sie-uroczysty-apel-z-okazji-obchodow-kolejnej-rocznicy-debow-katynskich\/"},"wordCount":16,"publisher":{"@id":"https:\/\/zst.klodzko.pl\/zst\/#organization"},"image":{"@id":"https:\/\/zst.klodzko.pl\/zst\/29-10-2024-r-odbyl-sie-uroczysty-apel-z-okazji-obchodow-kolejnej-rocznicy-debow-katynskich\/#primaryimage"},"thumbnailUrl":"https:\/\/zst.klodzko.pl\/zst\/wp-content\/uploads\/2024\/10\/pst_2-1.jpg","articleSection":["Aktualno\u015bci"],"inLanguage":"pl-PL"},{"@type":"WebPage","@id":"https:\/\/zst.klodzko.pl\/zst\/29-10-2024-r-odbyl-sie-uroczysty-apel-z-okazji-obchodow-kolejnej-rocznicy-debow-katynskich\/","url":"https:\/\/zst.klodzko.pl\/zst\/29-10-2024-r-odbyl-sie-uroczysty-apel-z-okazji-obchodow-kolejnej-rocznicy-debow-katynskich\/","name":"29.10.2024 r. odby\u0142 si\u0119 uroczysty apel z okazji obchod\u00f3w kolejnej rocznicy ,,D\u0119b\u00f3w Katy\u0144skich&#8221; &#8212; Zesp\u00f3\u0142 Szk\u00f3\u0142 Technicznych w K\u0142odzku","isPartOf":{"@id":"https:\/\/zst.klodzko.pl\/zst\/#website"},"primaryImageOfPage":{"@id":"https:\/\/zst.klodzko.pl\/zst\/29-10-2024-r-odbyl-sie-uroczysty-apel-z-okazji-obchodow-kolejnej-rocznicy-debow-katynskich\/#primaryimage"},"image":{"@id":"https:\/\/zst.klodzko.pl\/zst\/29-10-2024-r-odbyl-sie-uroczysty-apel-z-okazji-obchodow-kolejnej-rocznicy-debow-katynskich\/#primaryimage"},"thumbnailUrl":"https:\/\/zst.klodzko.pl\/zst\/wp-content\/uploads\/2024\/10\/pst_2-1.jpg","datePublished":"2024-10-29T19:44:19+00:00","breadcrumb":{"@id":"https:\/\/zst.klodzko.pl\/zst\/29-10-2024-r-odbyl-sie-uroczysty-apel-z-okazji-obchodow-kolejnej-rocznicy-debow-katynskich\/#breadcrumb"},"inLanguage":"pl-PL","potentialAction":[{"@type":"ReadAction","target":["https:\/\/zst.klodzko.pl\/zst\/29-10-2024-r-odbyl-sie-uroczysty-apel-z-okazji-obchodow-kolejnej-rocznicy-debow-katynskich\/"]}]},{"@type":"ImageObject","inLanguage":"pl-PL","@id":"https:\/\/zst.klodzko.pl\/zst\/29-10-2024-r-odbyl-sie-uroczysty-apel-z-okazji-obchodow-kolejnej-rocznicy-debow-katynskich\/#primaryimage","url":"https:\/\/zst.klodzko.pl\/zst\/wp-content\/uploads\/2024\/10\/pst_2-1.jpg","contentUrl":"https:\/\/zst.klodzko.pl\/zst\/wp-content\/uploads\/2024\/10\/pst_2-1.jpg","width":675,"height":701,"caption":"29.10.2024 r. odby\u0142 si\u0119 uroczysty apel z okazji obchod\u00f3w kolejnej rocznicy ,,D\u0119b\u00f3w Katy\u0144skich\""},{"@type":"BreadcrumbList","@id":"https:\/\/zst.klodzko.pl\/zst\/29-10-2024-r-odbyl-sie-uroczysty-apel-z-okazji-obchodow-kolejnej-rocznicy-debow-katynskich\/#breadcrumb","itemListElement":[{"@type":"ListItem","position":1,"name":"Strona g\u0142\u00f3wna","item":"https:\/\/zst.klodzko.pl\/zst\/"},{"@type":"ListItem","position":2,"name":"29.10.2024 r. odby\u0142 si\u0119 uroczysty apel z okazji obchod\u00f3w kolejnej rocznicy ,,D\u0119b\u00f3w Katy\u0144skich&#8221;"}]},{"@type":"WebSite","@id":"https:\/\/zst.klodzko.pl\/zst\/#website","url":"https:\/\/zst.klodzko.pl\/zst\/","name":"Zesp\u00f3\u0142 Szk\u00f3\u0142 Technicznych w K\u0142odzku","description":"Oficjalna strona ZST w K\u0142odzku (dawniej ZSP nr 1 w K\u0142odzku) - Budowlanka","publisher":{"@id":"https:\/\/zst.klodzko.pl\/zst\/#organization"},"potentialAction":[{"@type":"SearchAction","target":{"@type":"EntryPoint","urlTemplate":"https:\/\/zst.klodzko.pl\/zst\/?s={search_term_string}"},"query-input":{"@type":"PropertyValueSpecification","valueRequired":true,"valueName":"search_term_string"}}],"inLanguage":"pl-PL"},{"@type":"Organization","@id":"https:\/\/zst.klodzko.pl\/zst\/#organization","name":"Zesp\u00f3\u0142 Szk\u00f3\u0142 Technicznych w K\u0142odzku","url":"https:\/\/zst.klodzko.pl\/zst\/","logo":{"@type":"ImageObject","inLanguage":"pl-PL","@id":"https:\/\/zst.klodzko.pl\/zst\/#\/schema\/logo\/image\/","url":"https:\/\/zst.klodzko.pl\/zst\/wp-content\/uploads\/2018\/05\/patron_bud.png","contentUrl":"https:\/\/zst.klodzko.pl\/zst\/wp-content\/uploads\/2018\/05\/patron_bud.png","width":208,"height":205,"caption":"Zesp\u00f3\u0142 Szk\u00f3\u0142 Technicznych w K\u0142odzku"},"image":{"@id":"https:\/\/zst.klodzko.pl\/zst\/#\/schema\/logo\/image\/"},"sameAs":["https:\/\/www.facebook.com\/zst.klodzko","https:\/\/x.com\/Budowlanka_ZST","https:\/\/www.youtube.com\/channel\/UCueLhwUV3X9Ph8PMH7j4ugA","https:\/\/pl.wikipedia.org\/wiki\/Zesp\u00f3\u0142_Szk\u00f3\u0142_Technicznych_w_K\u0142odzku"]},{"@type":"Person","@id":"https:\/\/zst.klodzko.pl\/zst\/#\/schema\/person\/7ad3759462b88dca0c831372a7f5c825","name":"Aktualno\u015bci \u201eBUDOWLANKI\u201d"}]}},"_links":{"self":[{"href":"https:\/\/zst.klodzko.pl\/zst\/wp-json\/wp\/v2\/posts\/25724","targetHints":{"allow":["GET"]}}],"collection":[{"href":"https:\/\/zst.klodzko.pl\/zst\/wp-json\/wp\/v2\/posts"}],"about":[{"href":"https:\/\/zst.klodzko.pl\/zst\/wp-json\/wp\/v2\/types\/post"}],"author":[{"embeddable":true,"href":"https:\/\/zst.klodzko.pl\/zst\/wp-json\/wp\/v2\/users\/1"}],"replies":[{"embeddable":true,"href":"https:\/\/zst.klodzko.pl\/zst\/wp-json\/wp\/v2\/comments?post=25724"}],"version-history":[{"count":1,"href":"https:\/\/zst.klodzko.pl\/zst\/wp-json\/wp\/v2\/posts\/25724\/revisions"}],"predecessor-version":[{"id":25726,"href":"https:\/\/zst.klodzko.pl\/zst\/wp-json\/wp\/v2\/posts\/25724\/revisions\/25726"}],"wp:attachment":[{"href":"https:\/\/zst.klodzko.pl\/zst\/wp-json\/wp\/v2\/media?parent=25724"}],"wp:term":[{"taxonomy":"category","embeddable":true,"href":"https:\/\/zst.klodzko.pl\/zst\/wp-json\/wp\/v2\/categories?post=25724"},{"taxonomy":"post_tag","embeddable":true,"href":"https:\/\/zst.klodzko.pl\/zst\/wp-json\/wp\/v2\/tags?post=25724"}],"curies":[{"name":"wp","href":"https:\/\/api.w.org\/{rel}","templated":true}]}}