{"id":2964,"date":"2018-06-22T19:40:47","date_gmt":"2018-06-22T17:40:47","guid":{"rendered":"http:\/\/serwer1797039.home.pl\/strony_internetowe\/zsp1\/?p=2964"},"modified":"2018-06-23T00:23:06","modified_gmt":"2018-06-22T22:23:06","slug":"uroczyste-zakonczenie-roku-szkolnego-2017-2018","status":"publish","type":"post","link":"https:\/\/zst.klodzko.pl\/zst\/uroczyste-zakonczenie-roku-szkolnego-2017-2018\/","title":{"rendered":"Uroczyste zako\u0144czenie roku szkolnego 2017\/2018"},"content":{"rendered":"\n\t\t<style type=\"text\/css\">\n\t\t\t#gallery-1 {\n\t\t\t\tmargin: auto;\n\t\t\t}\n\t\t\t#gallery-1 .gallery-item {\n\t\t\t\tfloat: left;\n\t\t\t\tmargin-top: 10px;\n\t\t\t\ttext-align: center;\n\t\t\t\twidth: 50%;\n\t\t\t}\n\t\t\t#gallery-1 img {\n\t\t\t\tborder: 2px solid #cfcfcf;\n\t\t\t}\n\t\t\t#gallery-1 .gallery-caption {\n\t\t\t\tmargin-left: 0;\n\t\t\t}\n\t\t\t\/* see gallery_shortcode() in wp-includes\/media.php *\/\n\t\t<\/style>\n\t\t<div id='gallery-1' class='gallery galleryid-2964 gallery-columns-2 gallery-size-medium'><dl class='gallery-item'>\n\t\t\t<dt class='gallery-icon landscape'>\n\t\t\t\t<a href='https:\/\/zst.klodzko.pl\/zst\/uroczyste-zakonczenie-roku-szkolnego-2017-2018\/zakonczenie_2018_1\/'><img fetchpriority=\"high\" decoding=\"async\" width=\"300\" height=\"169\" src=\"https:\/\/zst.klodzko.pl\/zst\/wp-content\/uploads\/2018\/06\/zakonczenie_2018_1-300x169.jpg\" class=\"attachment-medium size-medium\" alt=\"\" srcset=\"https:\/\/zst.klodzko.pl\/zst\/wp-content\/uploads\/2018\/06\/zakonczenie_2018_1-300x169.jpg 300w, https:\/\/zst.klodzko.pl\/zst\/wp-content\/uploads\/2018\/06\/zakonczenie_2018_1-768x433.jpg 768w, https:\/\/zst.klodzko.pl\/zst\/wp-content\/uploads\/2018\/06\/zakonczenie_2018_1-1024x577.jpg 1024w, https:\/\/zst.klodzko.pl\/zst\/wp-content\/uploads\/2018\/06\/zakonczenie_2018_1-500x282.jpg 500w, https:\/\/zst.klodzko.pl\/zst\/wp-content\/uploads\/2018\/06\/zakonczenie_2018_1.jpg 1200w\" sizes=\"(max-width: 300px) 100vw, 300px\" \/><\/a>\n\t\t\t<\/dt><\/dl><dl class='gallery-item'>\n\t\t\t<dt class='gallery-icon landscape'>\n\t\t\t\t<a href='https:\/\/zst.klodzko.pl\/zst\/uroczyste-zakonczenie-roku-szkolnego-2017-2018\/zakonczenie_2018_2\/'><img decoding=\"async\" width=\"300\" height=\"169\" src=\"https:\/\/zst.klodzko.pl\/zst\/wp-content\/uploads\/2018\/06\/zakonczenie_2018_2-300x169.jpg\" class=\"attachment-medium size-medium\" alt=\"\" srcset=\"https:\/\/zst.klodzko.pl\/zst\/wp-content\/uploads\/2018\/06\/zakonczenie_2018_2-300x169.jpg 300w, https:\/\/zst.klodzko.pl\/zst\/wp-content\/uploads\/2018\/06\/zakonczenie_2018_2-768x433.jpg 768w, https:\/\/zst.klodzko.pl\/zst\/wp-content\/uploads\/2018\/06\/zakonczenie_2018_2-1024x577.jpg 1024w, https:\/\/zst.klodzko.pl\/zst\/wp-content\/uploads\/2018\/06\/zakonczenie_2018_2-500x282.jpg 500w, https:\/\/zst.klodzko.pl\/zst\/wp-content\/uploads\/2018\/06\/zakonczenie_2018_2.jpg 1200w\" sizes=\"(max-width: 300px) 100vw, 300px\" \/><\/a>\n\t\t\t<\/dt><\/dl><br style=\"clear: both\" \/><dl class='gallery-item'>\n\t\t\t<dt class='gallery-icon landscape'>\n\t\t\t\t<a href='https:\/\/zst.klodzko.pl\/zst\/uroczyste-zakonczenie-roku-szkolnego-2017-2018\/zakonczenie_2018_3\/'><img decoding=\"async\" width=\"300\" height=\"169\" src=\"https:\/\/zst.klodzko.pl\/zst\/wp-content\/uploads\/2018\/06\/zakonczenie_2018_3-300x169.jpg\" class=\"attachment-medium size-medium\" alt=\"\" srcset=\"https:\/\/zst.klodzko.pl\/zst\/wp-content\/uploads\/2018\/06\/zakonczenie_2018_3-300x169.jpg 300w, https:\/\/zst.klodzko.pl\/zst\/wp-content\/uploads\/2018\/06\/zakonczenie_2018_3-768x433.jpg 768w, https:\/\/zst.klodzko.pl\/zst\/wp-content\/uploads\/2018\/06\/zakonczenie_2018_3-1024x577.jpg 1024w, https:\/\/zst.klodzko.pl\/zst\/wp-content\/uploads\/2018\/06\/zakonczenie_2018_3-500x282.jpg 500w, https:\/\/zst.klodzko.pl\/zst\/wp-content\/uploads\/2018\/06\/zakonczenie_2018_3.jpg 1200w\" sizes=\"(max-width: 300px) 100vw, 300px\" \/><\/a>\n\t\t\t<\/dt><\/dl><dl class='gallery-item'>\n\t\t\t<dt class='gallery-icon landscape'>\n\t\t\t\t<a href='https:\/\/zst.klodzko.pl\/zst\/uroczyste-zakonczenie-roku-szkolnego-2017-2018\/zakonczenie_2018_4\/'><img loading=\"lazy\" decoding=\"async\" width=\"300\" height=\"169\" src=\"https:\/\/zst.klodzko.pl\/zst\/wp-content\/uploads\/2018\/06\/zakonczenie_2018_4-300x169.jpg\" class=\"attachment-medium size-medium\" alt=\"\" srcset=\"https:\/\/zst.klodzko.pl\/zst\/wp-content\/uploads\/2018\/06\/zakonczenie_2018_4-300x169.jpg 300w, https:\/\/zst.klodzko.pl\/zst\/wp-content\/uploads\/2018\/06\/zakonczenie_2018_4-768x433.jpg 768w, https:\/\/zst.klodzko.pl\/zst\/wp-content\/uploads\/2018\/06\/zakonczenie_2018_4-1024x577.jpg 1024w, https:\/\/zst.klodzko.pl\/zst\/wp-content\/uploads\/2018\/06\/zakonczenie_2018_4-500x282.jpg 500w, https:\/\/zst.klodzko.pl\/zst\/wp-content\/uploads\/2018\/06\/zakonczenie_2018_4.jpg 1200w\" sizes=\"(max-width: 300px) 100vw, 300px\" \/><\/a>\n\t\t\t<\/dt><\/dl><br style=\"clear: both\" \/><dl class='gallery-item'>\n\t\t\t<dt class='gallery-icon landscape'>\n\t\t\t\t<a href='https:\/\/zst.klodzko.pl\/zst\/uroczyste-zakonczenie-roku-szkolnego-2017-2018\/zakonczenie_2018_5\/'><img loading=\"lazy\" decoding=\"async\" width=\"300\" height=\"169\" src=\"https:\/\/zst.klodzko.pl\/zst\/wp-content\/uploads\/2018\/06\/zakonczenie_2018_5-300x169.jpg\" class=\"attachment-medium size-medium\" alt=\"\" srcset=\"https:\/\/zst.klodzko.pl\/zst\/wp-content\/uploads\/2018\/06\/zakonczenie_2018_5-300x169.jpg 300w, https:\/\/zst.klodzko.pl\/zst\/wp-content\/uploads\/2018\/06\/zakonczenie_2018_5-768x433.jpg 768w, https:\/\/zst.klodzko.pl\/zst\/wp-content\/uploads\/2018\/06\/zakonczenie_2018_5-1024x577.jpg 1024w, https:\/\/zst.klodzko.pl\/zst\/wp-content\/uploads\/2018\/06\/zakonczenie_2018_5-500x282.jpg 500w, https:\/\/zst.klodzko.pl\/zst\/wp-content\/uploads\/2018\/06\/zakonczenie_2018_5.jpg 1200w\" sizes=\"(max-width: 300px) 100vw, 300px\" \/><\/a>\n\t\t\t<\/dt><\/dl><dl class='gallery-item'>\n\t\t\t<dt class='gallery-icon landscape'>\n\t\t\t\t<a href='https:\/\/zst.klodzko.pl\/zst\/uroczyste-zakonczenie-roku-szkolnego-2017-2018\/zakonczenie_2018_6\/'><img loading=\"lazy\" decoding=\"async\" width=\"300\" height=\"169\" src=\"https:\/\/zst.klodzko.pl\/zst\/wp-content\/uploads\/2018\/06\/zakonczenie_2018_6-300x169.jpg\" class=\"attachment-medium size-medium\" alt=\"\" srcset=\"https:\/\/zst.klodzko.pl\/zst\/wp-content\/uploads\/2018\/06\/zakonczenie_2018_6-300x169.jpg 300w, https:\/\/zst.klodzko.pl\/zst\/wp-content\/uploads\/2018\/06\/zakonczenie_2018_6-768x433.jpg 768w, https:\/\/zst.klodzko.pl\/zst\/wp-content\/uploads\/2018\/06\/zakonczenie_2018_6-1024x577.jpg 1024w, https:\/\/zst.klodzko.pl\/zst\/wp-content\/uploads\/2018\/06\/zakonczenie_2018_6-500x282.jpg 500w, https:\/\/zst.klodzko.pl\/zst\/wp-content\/uploads\/2018\/06\/zakonczenie_2018_6.jpg 1200w\" sizes=\"(max-width: 300px) 100vw, 300px\" \/><\/a>\n\t\t\t<\/dt><\/dl><br style=\"clear: both\" \/><dl class='gallery-item'>\n\t\t\t<dt class='gallery-icon landscape'>\n\t\t\t\t<a href='https:\/\/zst.klodzko.pl\/zst\/uroczyste-zakonczenie-roku-szkolnego-2017-2018\/zakonczenie_2018_7\/'><img loading=\"lazy\" decoding=\"async\" width=\"300\" height=\"169\" src=\"https:\/\/zst.klodzko.pl\/zst\/wp-content\/uploads\/2018\/06\/zakonczenie_2018_7-300x169.jpg\" class=\"attachment-medium size-medium\" alt=\"\" srcset=\"https:\/\/zst.klodzko.pl\/zst\/wp-content\/uploads\/2018\/06\/zakonczenie_2018_7-300x169.jpg 300w, https:\/\/zst.klodzko.pl\/zst\/wp-content\/uploads\/2018\/06\/zakonczenie_2018_7-768x433.jpg 768w, https:\/\/zst.klodzko.pl\/zst\/wp-content\/uploads\/2018\/06\/zakonczenie_2018_7-1024x577.jpg 1024w, https:\/\/zst.klodzko.pl\/zst\/wp-content\/uploads\/2018\/06\/zakonczenie_2018_7-500x282.jpg 500w, https:\/\/zst.klodzko.pl\/zst\/wp-content\/uploads\/2018\/06\/zakonczenie_2018_7.jpg 1200w\" sizes=\"(max-width: 300px) 100vw, 300px\" \/><\/a>\n\t\t\t<\/dt><\/dl><dl class='gallery-item'>\n\t\t\t<dt class='gallery-icon landscape'>\n\t\t\t\t<a href='https:\/\/zst.klodzko.pl\/zst\/uroczyste-zakonczenie-roku-szkolnego-2017-2018\/zakonczenie_2018_8\/'><img loading=\"lazy\" decoding=\"async\" width=\"300\" height=\"169\" src=\"https:\/\/zst.klodzko.pl\/zst\/wp-content\/uploads\/2018\/06\/zakonczenie_2018_8-300x169.jpg\" class=\"attachment-medium size-medium\" alt=\"\" srcset=\"https:\/\/zst.klodzko.pl\/zst\/wp-content\/uploads\/2018\/06\/zakonczenie_2018_8-300x169.jpg 300w, https:\/\/zst.klodzko.pl\/zst\/wp-content\/uploads\/2018\/06\/zakonczenie_2018_8-768x433.jpg 768w, https:\/\/zst.klodzko.pl\/zst\/wp-content\/uploads\/2018\/06\/zakonczenie_2018_8-1024x577.jpg 1024w, https:\/\/zst.klodzko.pl\/zst\/wp-content\/uploads\/2018\/06\/zakonczenie_2018_8-500x282.jpg 500w, https:\/\/zst.klodzko.pl\/zst\/wp-content\/uploads\/2018\/06\/zakonczenie_2018_8.jpg 1200w\" sizes=\"(max-width: 300px) 100vw, 300px\" \/><\/a>\n\t\t\t<\/dt><\/dl><br style=\"clear: both\" \/><dl class='gallery-item'>\n\t\t\t<dt class='gallery-icon landscape'>\n\t\t\t\t<a href='https:\/\/zst.klodzko.pl\/zst\/uroczyste-zakonczenie-roku-szkolnego-2017-2018\/zakonczenie_2018_9\/'><img loading=\"lazy\" decoding=\"async\" width=\"300\" height=\"169\" src=\"https:\/\/zst.klodzko.pl\/zst\/wp-content\/uploads\/2018\/06\/zakonczenie_2018_9-300x169.jpg\" class=\"attachment-medium size-medium\" alt=\"\" srcset=\"https:\/\/zst.klodzko.pl\/zst\/wp-content\/uploads\/2018\/06\/zakonczenie_2018_9-300x169.jpg 300w, https:\/\/zst.klodzko.pl\/zst\/wp-content\/uploads\/2018\/06\/zakonczenie_2018_9-768x433.jpg 768w, https:\/\/zst.klodzko.pl\/zst\/wp-content\/uploads\/2018\/06\/zakonczenie_2018_9-1024x577.jpg 1024w, https:\/\/zst.klodzko.pl\/zst\/wp-content\/uploads\/2018\/06\/zakonczenie_2018_9-500x282.jpg 500w, https:\/\/zst.klodzko.pl\/zst\/wp-content\/uploads\/2018\/06\/zakonczenie_2018_9.jpg 1200w\" sizes=\"(max-width: 300px) 100vw, 300px\" \/><\/a>\n\t\t\t<\/dt><\/dl><dl class='gallery-item'>\n\t\t\t<dt class='gallery-icon landscape'>\n\t\t\t\t<a href='https:\/\/zst.klodzko.pl\/zst\/uroczyste-zakonczenie-roku-szkolnego-2017-2018\/zakonczenie_2018_10\/'><img loading=\"lazy\" decoding=\"async\" width=\"300\" height=\"169\" src=\"https:\/\/zst.klodzko.pl\/zst\/wp-content\/uploads\/2018\/06\/zakonczenie_2018_10-300x169.jpg\" class=\"attachment-medium size-medium\" alt=\"\" srcset=\"https:\/\/zst.klodzko.pl\/zst\/wp-content\/uploads\/2018\/06\/zakonczenie_2018_10-300x169.jpg 300w, https:\/\/zst.klodzko.pl\/zst\/wp-content\/uploads\/2018\/06\/zakonczenie_2018_10-768x433.jpg 768w, https:\/\/zst.klodzko.pl\/zst\/wp-content\/uploads\/2018\/06\/zakonczenie_2018_10-1024x577.jpg 1024w, https:\/\/zst.klodzko.pl\/zst\/wp-content\/uploads\/2018\/06\/zakonczenie_2018_10-500x282.jpg 500w, https:\/\/zst.klodzko.pl\/zst\/wp-content\/uploads\/2018\/06\/zakonczenie_2018_10.jpg 1200w\" sizes=\"(max-width: 300px) 100vw, 300px\" \/><\/a>\n\t\t\t<\/dt><\/dl><br style=\"clear: both\" \/>\n\t\t<\/div>\n\n<p style=\"text-align: left; padding-left: 30px;\"><span style=\"color: #808080;\"><em><strong>Zdj\u0119cia: J.Budzi\u0144ski<\/strong><\/em><\/span><\/p>\n","protected":false},"excerpt":{"rendered":"<p>Zdj\u0119cia: J.Budzi\u0144ski<\/p>\n","protected":false},"author":1,"featured_media":0,"comment_status":"closed","ping_status":"closed","sticky":false,"template":"","format":"standard","meta":{"footnotes":""},"categories":[1],"tags":[],"class_list":["post-2964","post","type-post","status-publish","format-standard","hentry","category-aktualnosci"],"yoast_head":"<!-- This site is optimized with the Yoast SEO plugin v27.4 - https:\/\/yoast.com\/product\/yoast-seo-wordpress\/ -->\n<title>Uroczyste zako\u0144czenie roku szkolnego 2017\/2018 &#8212; Zesp\u00f3\u0142 Szk\u00f3\u0142 Technicznych w K\u0142odzku<\/title>\n<meta name=\"robots\" content=\"index, follow, max-snippet:-1, max-image-preview:large, max-video-preview:-1\" \/>\n<link rel=\"canonical\" href=\"https:\/\/zst.klodzko.pl\/zst\/uroczyste-zakonczenie-roku-szkolnego-2017-2018\/\" \/>\n<meta property=\"og:locale\" content=\"pl_PL\" \/>\n<meta property=\"og:type\" content=\"article\" \/>\n<meta property=\"og:title\" content=\"Uroczyste zako\u0144czenie roku szkolnego 2017\/2018 &#8212; Zesp\u00f3\u0142 Szk\u00f3\u0142 Technicznych w K\u0142odzku\" \/>\n<meta property=\"og:description\" content=\"Zdj\u0119cia: J.Budzi\u0144ski\" \/>\n<meta property=\"og:url\" content=\"https:\/\/zst.klodzko.pl\/zst\/uroczyste-zakonczenie-roku-szkolnego-2017-2018\/\" \/>\n<meta property=\"og:site_name\" content=\"Zesp\u00f3\u0142 Szk\u00f3\u0142 Technicznych w K\u0142odzku\" \/>\n<meta property=\"article:publisher\" content=\"https:\/\/www.facebook.com\/zst.klodzko\" \/>\n<meta property=\"article:published_time\" content=\"2018-06-22T17:40:47+00:00\" \/>\n<meta property=\"article:modified_time\" content=\"2018-06-22T22:23:06+00:00\" \/>\n<meta property=\"og:image\" content=\"https:\/\/zst.klodzko.pl\/zst\/wp-content\/uploads\/2018\/06\/zakonczenie_2018_1-300x169.jpg\" \/>\n<meta name=\"author\" content=\"Aktualno\u015bci \u201eBUDOWLANKI\u201d\" \/>\n<meta name=\"twitter:card\" content=\"summary_large_image\" \/>\n<meta name=\"twitter:creator\" content=\"@Budowlanka_ZST\" \/>\n<meta name=\"twitter:site\" content=\"@Budowlanka_ZST\" \/>\n<meta name=\"twitter:label1\" content=\"Napisane przez\" \/>\n\t<meta name=\"twitter:data1\" content=\"Aktualno\u015bci \u201eBUDOWLANKI\u201d\" \/>\n<script type=\"application\/ld+json\" class=\"yoast-schema-graph\">{\"@context\":\"https:\\\/\\\/schema.org\",\"@graph\":[{\"@type\":\"Article\",\"@id\":\"https:\\\/\\\/zst.klodzko.pl\\\/zst\\\/uroczyste-zakonczenie-roku-szkolnego-2017-2018\\\/#article\",\"isPartOf\":{\"@id\":\"https:\\\/\\\/zst.klodzko.pl\\\/zst\\\/uroczyste-zakonczenie-roku-szkolnego-2017-2018\\\/\"},\"author\":{\"name\":\"Aktualno\u015bci \u201eBUDOWLANKI\u201d\",\"@id\":\"https:\\\/\\\/zst.klodzko.pl\\\/zst\\\/#\\\/schema\\\/person\\\/7ad3759462b88dca0c831372a7f5c825\"},\"headline\":\"Uroczyste zako\u0144czenie roku szkolnego 2017\\\/2018\",\"datePublished\":\"2018-06-22T17:40:47+00:00\",\"dateModified\":\"2018-06-22T22:23:06+00:00\",\"mainEntityOfPage\":{\"@id\":\"https:\\\/\\\/zst.klodzko.pl\\\/zst\\\/uroczyste-zakonczenie-roku-szkolnego-2017-2018\\\/\"},\"wordCount\":15,\"publisher\":{\"@id\":\"https:\\\/\\\/zst.klodzko.pl\\\/zst\\\/#organization\"},\"articleSection\":[\"Aktualno\u015bci\"],\"inLanguage\":\"pl-PL\"},{\"@type\":\"WebPage\",\"@id\":\"https:\\\/\\\/zst.klodzko.pl\\\/zst\\\/uroczyste-zakonczenie-roku-szkolnego-2017-2018\\\/\",\"url\":\"https:\\\/\\\/zst.klodzko.pl\\\/zst\\\/uroczyste-zakonczenie-roku-szkolnego-2017-2018\\\/\",\"name\":\"Uroczyste zako\u0144czenie roku szkolnego 2017\\\/2018 &#8212; Zesp\u00f3\u0142 Szk\u00f3\u0142 Technicznych w K\u0142odzku\",\"isPartOf\":{\"@id\":\"https:\\\/\\\/zst.klodzko.pl\\\/zst\\\/#website\"},\"datePublished\":\"2018-06-22T17:40:47+00:00\",\"dateModified\":\"2018-06-22T22:23:06+00:00\",\"breadcrumb\":{\"@id\":\"https:\\\/\\\/zst.klodzko.pl\\\/zst\\\/uroczyste-zakonczenie-roku-szkolnego-2017-2018\\\/#breadcrumb\"},\"inLanguage\":\"pl-PL\",\"potentialAction\":[{\"@type\":\"ReadAction\",\"target\":[\"https:\\\/\\\/zst.klodzko.pl\\\/zst\\\/uroczyste-zakonczenie-roku-szkolnego-2017-2018\\\/\"]}]},{\"@type\":\"BreadcrumbList\",\"@id\":\"https:\\\/\\\/zst.klodzko.pl\\\/zst\\\/uroczyste-zakonczenie-roku-szkolnego-2017-2018\\\/#breadcrumb\",\"itemListElement\":[{\"@type\":\"ListItem\",\"position\":1,\"name\":\"Strona g\u0142\u00f3wna\",\"item\":\"https:\\\/\\\/zst.klodzko.pl\\\/zst\\\/\"},{\"@type\":\"ListItem\",\"position\":2,\"name\":\"Uroczyste zako\u0144czenie roku szkolnego 2017\\\/2018\"}]},{\"@type\":\"WebSite\",\"@id\":\"https:\\\/\\\/zst.klodzko.pl\\\/zst\\\/#website\",\"url\":\"https:\\\/\\\/zst.klodzko.pl\\\/zst\\\/\",\"name\":\"Zesp\u00f3\u0142 Szk\u00f3\u0142 Technicznych w K\u0142odzku\",\"description\":\"Oficjalna strona ZST w K\u0142odzku (dawniej ZSP nr 1 w K\u0142odzku) - Budowlanka\",\"publisher\":{\"@id\":\"https:\\\/\\\/zst.klodzko.pl\\\/zst\\\/#organization\"},\"potentialAction\":[{\"@type\":\"SearchAction\",\"target\":{\"@type\":\"EntryPoint\",\"urlTemplate\":\"https:\\\/\\\/zst.klodzko.pl\\\/zst\\\/?s={search_term_string}\"},\"query-input\":{\"@type\":\"PropertyValueSpecification\",\"valueRequired\":true,\"valueName\":\"search_term_string\"}}],\"inLanguage\":\"pl-PL\"},{\"@type\":\"Organization\",\"@id\":\"https:\\\/\\\/zst.klodzko.pl\\\/zst\\\/#organization\",\"name\":\"Zesp\u00f3\u0142 Szk\u00f3\u0142 Technicznych w K\u0142odzku\",\"url\":\"https:\\\/\\\/zst.klodzko.pl\\\/zst\\\/\",\"logo\":{\"@type\":\"ImageObject\",\"inLanguage\":\"pl-PL\",\"@id\":\"https:\\\/\\\/zst.klodzko.pl\\\/zst\\\/#\\\/schema\\\/logo\\\/image\\\/\",\"url\":\"https:\\\/\\\/zst.klodzko.pl\\\/zst\\\/wp-content\\\/uploads\\\/2018\\\/05\\\/patron_bud.png\",\"contentUrl\":\"https:\\\/\\\/zst.klodzko.pl\\\/zst\\\/wp-content\\\/uploads\\\/2018\\\/05\\\/patron_bud.png\",\"width\":208,\"height\":205,\"caption\":\"Zesp\u00f3\u0142 Szk\u00f3\u0142 Technicznych w K\u0142odzku\"},\"image\":{\"@id\":\"https:\\\/\\\/zst.klodzko.pl\\\/zst\\\/#\\\/schema\\\/logo\\\/image\\\/\"},\"sameAs\":[\"https:\\\/\\\/www.facebook.com\\\/zst.klodzko\",\"https:\\\/\\\/x.com\\\/Budowlanka_ZST\",\"https:\\\/\\\/www.youtube.com\\\/channel\\\/UCueLhwUV3X9Ph8PMH7j4ugA\",\"https:\\\/\\\/pl.wikipedia.org\\\/wiki\\\/Zesp\u00f3\u0142_Szk\u00f3\u0142_Technicznych_w_K\u0142odzku\"]},{\"@type\":\"Person\",\"@id\":\"https:\\\/\\\/zst.klodzko.pl\\\/zst\\\/#\\\/schema\\\/person\\\/7ad3759462b88dca0c831372a7f5c825\",\"name\":\"Aktualno\u015bci \u201eBUDOWLANKI\u201d\"}]}<\/script>\n<!-- \/ Yoast SEO plugin. -->","yoast_head_json":{"title":"Uroczyste zako\u0144czenie roku szkolnego 2017\/2018 &#8212; Zesp\u00f3\u0142 Szk\u00f3\u0142 Technicznych w K\u0142odzku","robots":{"index":"index","follow":"follow","max-snippet":"max-snippet:-1","max-image-preview":"max-image-preview:large","max-video-preview":"max-video-preview:-1"},"canonical":"https:\/\/zst.klodzko.pl\/zst\/uroczyste-zakonczenie-roku-szkolnego-2017-2018\/","og_locale":"pl_PL","og_type":"article","og_title":"Uroczyste zako\u0144czenie roku szkolnego 2017\/2018 &#8212; Zesp\u00f3\u0142 Szk\u00f3\u0142 Technicznych w K\u0142odzku","og_description":"Zdj\u0119cia: J.Budzi\u0144ski","og_url":"https:\/\/zst.klodzko.pl\/zst\/uroczyste-zakonczenie-roku-szkolnego-2017-2018\/","og_site_name":"Zesp\u00f3\u0142 Szk\u00f3\u0142 Technicznych w K\u0142odzku","article_publisher":"https:\/\/www.facebook.com\/zst.klodzko","article_published_time":"2018-06-22T17:40:47+00:00","article_modified_time":"2018-06-22T22:23:06+00:00","og_image":[{"url":"https:\/\/zst.klodzko.pl\/zst\/wp-content\/uploads\/2018\/06\/zakonczenie_2018_1-300x169.jpg","type":"","width":"","height":""}],"author":"Aktualno\u015bci \u201eBUDOWLANKI\u201d","twitter_card":"summary_large_image","twitter_creator":"@Budowlanka_ZST","twitter_site":"@Budowlanka_ZST","twitter_misc":{"Napisane przez":"Aktualno\u015bci \u201eBUDOWLANKI\u201d"},"schema":{"@context":"https:\/\/schema.org","@graph":[{"@type":"Article","@id":"https:\/\/zst.klodzko.pl\/zst\/uroczyste-zakonczenie-roku-szkolnego-2017-2018\/#article","isPartOf":{"@id":"https:\/\/zst.klodzko.pl\/zst\/uroczyste-zakonczenie-roku-szkolnego-2017-2018\/"},"author":{"name":"Aktualno\u015bci \u201eBUDOWLANKI\u201d","@id":"https:\/\/zst.klodzko.pl\/zst\/#\/schema\/person\/7ad3759462b88dca0c831372a7f5c825"},"headline":"Uroczyste zako\u0144czenie roku szkolnego 2017\/2018","datePublished":"2018-06-22T17:40:47+00:00","dateModified":"2018-06-22T22:23:06+00:00","mainEntityOfPage":{"@id":"https:\/\/zst.klodzko.pl\/zst\/uroczyste-zakonczenie-roku-szkolnego-2017-2018\/"},"wordCount":15,"publisher":{"@id":"https:\/\/zst.klodzko.pl\/zst\/#organization"},"articleSection":["Aktualno\u015bci"],"inLanguage":"pl-PL"},{"@type":"WebPage","@id":"https:\/\/zst.klodzko.pl\/zst\/uroczyste-zakonczenie-roku-szkolnego-2017-2018\/","url":"https:\/\/zst.klodzko.pl\/zst\/uroczyste-zakonczenie-roku-szkolnego-2017-2018\/","name":"Uroczyste zako\u0144czenie roku szkolnego 2017\/2018 &#8212; Zesp\u00f3\u0142 Szk\u00f3\u0142 Technicznych w K\u0142odzku","isPartOf":{"@id":"https:\/\/zst.klodzko.pl\/zst\/#website"},"datePublished":"2018-06-22T17:40:47+00:00","dateModified":"2018-06-22T22:23:06+00:00","breadcrumb":{"@id":"https:\/\/zst.klodzko.pl\/zst\/uroczyste-zakonczenie-roku-szkolnego-2017-2018\/#breadcrumb"},"inLanguage":"pl-PL","potentialAction":[{"@type":"ReadAction","target":["https:\/\/zst.klodzko.pl\/zst\/uroczyste-zakonczenie-roku-szkolnego-2017-2018\/"]}]},{"@type":"BreadcrumbList","@id":"https:\/\/zst.klodzko.pl\/zst\/uroczyste-zakonczenie-roku-szkolnego-2017-2018\/#breadcrumb","itemListElement":[{"@type":"ListItem","position":1,"name":"Strona g\u0142\u00f3wna","item":"https:\/\/zst.klodzko.pl\/zst\/"},{"@type":"ListItem","position":2,"name":"Uroczyste zako\u0144czenie roku szkolnego 2017\/2018"}]},{"@type":"WebSite","@id":"https:\/\/zst.klodzko.pl\/zst\/#website","url":"https:\/\/zst.klodzko.pl\/zst\/","name":"Zesp\u00f3\u0142 Szk\u00f3\u0142 Technicznych w K\u0142odzku","description":"Oficjalna strona ZST w K\u0142odzku (dawniej ZSP nr 1 w K\u0142odzku) - Budowlanka","publisher":{"@id":"https:\/\/zst.klodzko.pl\/zst\/#organization"},"potentialAction":[{"@type":"SearchAction","target":{"@type":"EntryPoint","urlTemplate":"https:\/\/zst.klodzko.pl\/zst\/?s={search_term_string}"},"query-input":{"@type":"PropertyValueSpecification","valueRequired":true,"valueName":"search_term_string"}}],"inLanguage":"pl-PL"},{"@type":"Organization","@id":"https:\/\/zst.klodzko.pl\/zst\/#organization","name":"Zesp\u00f3\u0142 Szk\u00f3\u0142 Technicznych w K\u0142odzku","url":"https:\/\/zst.klodzko.pl\/zst\/","logo":{"@type":"ImageObject","inLanguage":"pl-PL","@id":"https:\/\/zst.klodzko.pl\/zst\/#\/schema\/logo\/image\/","url":"https:\/\/zst.klodzko.pl\/zst\/wp-content\/uploads\/2018\/05\/patron_bud.png","contentUrl":"https:\/\/zst.klodzko.pl\/zst\/wp-content\/uploads\/2018\/05\/patron_bud.png","width":208,"height":205,"caption":"Zesp\u00f3\u0142 Szk\u00f3\u0142 Technicznych w K\u0142odzku"},"image":{"@id":"https:\/\/zst.klodzko.pl\/zst\/#\/schema\/logo\/image\/"},"sameAs":["https:\/\/www.facebook.com\/zst.klodzko","https:\/\/x.com\/Budowlanka_ZST","https:\/\/www.youtube.com\/channel\/UCueLhwUV3X9Ph8PMH7j4ugA","https:\/\/pl.wikipedia.org\/wiki\/Zesp\u00f3\u0142_Szk\u00f3\u0142_Technicznych_w_K\u0142odzku"]},{"@type":"Person","@id":"https:\/\/zst.klodzko.pl\/zst\/#\/schema\/person\/7ad3759462b88dca0c831372a7f5c825","name":"Aktualno\u015bci \u201eBUDOWLANKI\u201d"}]}},"_links":{"self":[{"href":"https:\/\/zst.klodzko.pl\/zst\/wp-json\/wp\/v2\/posts\/2964","targetHints":{"allow":["GET"]}}],"collection":[{"href":"https:\/\/zst.klodzko.pl\/zst\/wp-json\/wp\/v2\/posts"}],"about":[{"href":"https:\/\/zst.klodzko.pl\/zst\/wp-json\/wp\/v2\/types\/post"}],"author":[{"embeddable":true,"href":"https:\/\/zst.klodzko.pl\/zst\/wp-json\/wp\/v2\/users\/1"}],"replies":[{"embeddable":true,"href":"https:\/\/zst.klodzko.pl\/zst\/wp-json\/wp\/v2\/comments?post=2964"}],"version-history":[{"count":0,"href":"https:\/\/zst.klodzko.pl\/zst\/wp-json\/wp\/v2\/posts\/2964\/revisions"}],"wp:attachment":[{"href":"https:\/\/zst.klodzko.pl\/zst\/wp-json\/wp\/v2\/media?parent=2964"}],"wp:term":[{"taxonomy":"category","embeddable":true,"href":"https:\/\/zst.klodzko.pl\/zst\/wp-json\/wp\/v2\/categories?post=2964"},{"taxonomy":"post_tag","embeddable":true,"href":"https:\/\/zst.klodzko.pl\/zst\/wp-json\/wp\/v2\/tags?post=2964"}],"curies":[{"name":"wp","href":"https:\/\/api.w.org\/{rel}","templated":true}]}}