{"id":5743,"date":"2018-11-19T16:46:39","date_gmt":"2018-11-19T15:46:39","guid":{"rendered":"http:\/\/zst.klodzko.pl\/zst\/?p=5743"},"modified":"2018-11-19T21:00:22","modified_gmt":"2018-11-19T20:00:22","slug":"final-ii-powiatowego-konkursu-literackiego-dla-uczniow-szkol-ponadgimnazjalnych-pod-honorowym-patronatem-starosty-klodzkiego","status":"publish","type":"post","link":"https:\/\/zst.klodzko.pl\/zst\/final-ii-powiatowego-konkursu-literackiego-dla-uczniow-szkol-ponadgimnazjalnych-pod-honorowym-patronatem-starosty-klodzkiego\/","title":{"rendered":"Fina\u0142 II Powiatowego Konkursu Literackiego dla uczni\u00f3w szk\u00f3\u0142 ponadgimnazjalnych."},"content":{"rendered":"<p style=\"text-align: justify;\"><span style=\"color: #050524;\">16 listopada 2018 r. podczas<strong> XV Mi\u0119dzynarodowego Festiwalu Poezji &#8220;Poeci bez granic&#8221; w Polanicy-Zdroju<\/strong> odby\u0142 si\u0119 fina\u0142 II Powiatowego Konkursu Literackiego dla uczni\u00f3w szk\u00f3\u0142 ponadgimnazjalnych pod honorowym patronatem Starosty K\u0142odzkiego w kategorii prozy i poezji.<\/span><\/p>\n<p style=\"text-align: justify;\"><span style=\"color: #050524;\"><strong>Dominika Kanik<\/strong>, uczennica klasy I h technikum naszej szko\u0142y zaj\u0119\u0142a I miejsce w kategorii poezja. Wyr\u00f3\u017cnienie w tej samej kategorii zdoby\u0142a uczennica klasy III LO <strong>Weronika Grzech<\/strong>. Jurorzy konkursu zwr\u00f3cili uwag\u0119 na to, \u017ce \u201ew wierszach dominuj\u0105 szlachetne tre\u015bci, \u015bwiadcz\u0105ce o wnikaniu w uniwersum niewidzianego\u201d. W przypadku nagrodzonej Dominiki uznano za najwa\u017cniejsze, i\u017c podkre\u015bla ona, aby \u201epr\u00f3bowa\u0107 robi\u0107 cokolwiek w naszym \u017cyciu, aby by\u0142o ono lepsze\u201d.<\/span><\/p>\n<p style=\"text-align: justify;\"><span style=\"color: #050524;\">Opr\u00f3cz Dominiki swoje prace konkursowe z\u0142o\u017cyli tak\u017ce Weronika Lech, uczennica klasy Ih technikum i Piotr Baran, ucze\u0144 klasy 2d TL. Wszystkie wiersze zosta\u0142y wydrukowane w Almanachu pokonkursowym zatytu\u0142owanym \u201ePod innym niebem\u201d, kt\u00f3ry otrzymali uczestnicy w dniu rozdania nagr\u00f3d.<\/span><\/p>\n<p style=\"text-align: justify;\"><span style=\"color: #050524;\">Dzie\u0144 wcze\u015bniej, 15 listopada 2018r. wymienieni wy\u017cej uczniowie uczestniczyli w Lekcji Poezji oraz warsztatach poetyckich. Spotkali si\u0119 z poetami z Polski i Ukrainy, wys\u0142uchali ich autorskich wierszy, oraz poznali \u017cycie i tw\u00f3rczo\u015b\u0107 Andrzeja Barty\u0144skiego. Od tego roku Mi\u0119dzynarodowy Festiwal Poezji &#8220;Poeci bez granic&#8221; w Polanicy-Zdroju nosi jego imi\u0119. Kr\u00f3tka relacja fotograficzna do obejrzenia poni\u017cej.<\/span><\/p>\n<p>&nbsp;<\/p>\n<p style=\"text-align: right;\"><span style=\"color: #050524;\">Opiekun i koordynator konkursu na etapie szkolnym<\/span><br \/>\n<strong><span style=\"color: #050524;\">Dorota Armata<\/span><\/strong><\/p>\n\n\t\t<style type=\"text\/css\">\n\t\t\t#gallery-1 {\n\t\t\t\tmargin: auto;\n\t\t\t}\n\t\t\t#gallery-1 .gallery-item {\n\t\t\t\tfloat: left;\n\t\t\t\tmargin-top: 10px;\n\t\t\t\ttext-align: center;\n\t\t\t\twidth: 33%;\n\t\t\t}\n\t\t\t#gallery-1 img {\n\t\t\t\tborder: 2px solid #cfcfcf;\n\t\t\t}\n\t\t\t#gallery-1 .gallery-caption {\n\t\t\t\tmargin-left: 0;\n\t\t\t}\n\t\t\t\/* see gallery_shortcode() in wp-includes\/media.php *\/\n\t\t<\/style>\n\t\t<div id='gallery-1' class='gallery galleryid-5743 gallery-columns-3 gallery-size-thumbnail'><dl class='gallery-item'>\n\t\t\t<dt class='gallery-icon landscape'>\n\t\t\t\t<a href='https:\/\/zst.klodzko.pl\/zst\/wp-content\/uploads\/2018\/11\/DSC_0259.jpg'><img decoding=\"async\" width=\"150\" height=\"150\" src=\"https:\/\/zst.klodzko.pl\/zst\/wp-content\/uploads\/2018\/11\/DSC_0259-150x150.jpg\" class=\"attachment-thumbnail size-thumbnail\" alt=\"\" \/><\/a>\n\t\t\t<\/dt><\/dl><dl class='gallery-item'>\n\t\t\t<dt class='gallery-icon landscape'>\n\t\t\t\t<a href='https:\/\/zst.klodzko.pl\/zst\/wp-content\/uploads\/2018\/11\/DSC_0261.jpg'><img decoding=\"async\" width=\"150\" height=\"150\" src=\"https:\/\/zst.klodzko.pl\/zst\/wp-content\/uploads\/2018\/11\/DSC_0261-150x150.jpg\" class=\"attachment-thumbnail size-thumbnail\" alt=\"\" \/><\/a>\n\t\t\t<\/dt><\/dl><dl class='gallery-item'>\n\t\t\t<dt class='gallery-icon landscape'>\n\t\t\t\t<a href='https:\/\/zst.klodzko.pl\/zst\/wp-content\/uploads\/2018\/11\/DSC_0262.jpg'><img decoding=\"async\" width=\"150\" height=\"150\" src=\"https:\/\/zst.klodzko.pl\/zst\/wp-content\/uploads\/2018\/11\/DSC_0262-150x150.jpg\" class=\"attachment-thumbnail size-thumbnail\" alt=\"\" \/><\/a>\n\t\t\t<\/dt><\/dl><br style=\"clear: both\" \/><dl class='gallery-item'>\n\t\t\t<dt class='gallery-icon landscape'>\n\t\t\t\t<a href='https:\/\/zst.klodzko.pl\/zst\/wp-content\/uploads\/2018\/11\/DSC_0264.jpg'><img loading=\"lazy\" decoding=\"async\" width=\"150\" height=\"150\" src=\"https:\/\/zst.klodzko.pl\/zst\/wp-content\/uploads\/2018\/11\/DSC_0264-150x150.jpg\" class=\"attachment-thumbnail size-thumbnail\" alt=\"\" \/><\/a>\n\t\t\t<\/dt><\/dl><dl class='gallery-item'>\n\t\t\t<dt class='gallery-icon landscape'>\n\t\t\t\t<a href='https:\/\/zst.klodzko.pl\/zst\/wp-content\/uploads\/2018\/11\/DSC_0267.jpg'><img loading=\"lazy\" decoding=\"async\" width=\"150\" height=\"150\" src=\"https:\/\/zst.klodzko.pl\/zst\/wp-content\/uploads\/2018\/11\/DSC_0267-150x150.jpg\" class=\"attachment-thumbnail size-thumbnail\" alt=\"\" \/><\/a>\n\t\t\t<\/dt><\/dl><dl class='gallery-item'>\n\t\t\t<dt class='gallery-icon landscape'>\n\t\t\t\t<a href='https:\/\/zst.klodzko.pl\/zst\/wp-content\/uploads\/2018\/11\/DSC_0269.jpg'><img loading=\"lazy\" decoding=\"async\" width=\"150\" height=\"150\" src=\"https:\/\/zst.klodzko.pl\/zst\/wp-content\/uploads\/2018\/11\/DSC_0269-150x150.jpg\" class=\"attachment-thumbnail size-thumbnail\" alt=\"\" \/><\/a>\n\t\t\t<\/dt><\/dl><br style=\"clear: both\" \/><dl class='gallery-item'>\n\t\t\t<dt class='gallery-icon landscape'>\n\t\t\t\t<a href='https:\/\/zst.klodzko.pl\/zst\/wp-content\/uploads\/2018\/11\/DSC_0273.jpg'><img loading=\"lazy\" decoding=\"async\" width=\"150\" height=\"150\" src=\"https:\/\/zst.klodzko.pl\/zst\/wp-content\/uploads\/2018\/11\/DSC_0273-150x150.jpg\" class=\"attachment-thumbnail size-thumbnail\" alt=\"\" \/><\/a>\n\t\t\t<\/dt><\/dl><dl class='gallery-item'>\n\t\t\t<dt class='gallery-icon landscape'>\n\t\t\t\t<a href='https:\/\/zst.klodzko.pl\/zst\/wp-content\/uploads\/2018\/11\/DSC_0275.jpg'><img loading=\"lazy\" decoding=\"async\" width=\"150\" height=\"150\" src=\"https:\/\/zst.klodzko.pl\/zst\/wp-content\/uploads\/2018\/11\/DSC_0275-150x150.jpg\" class=\"attachment-thumbnail size-thumbnail\" alt=\"\" \/><\/a>\n\t\t\t<\/dt><\/dl><dl class='gallery-item'>\n\t\t\t<dt class='gallery-icon portrait'>\n\t\t\t\t<a href='https:\/\/zst.klodzko.pl\/zst\/wp-content\/uploads\/2018\/11\/DSC_0278.jpg'><img loading=\"lazy\" decoding=\"async\" width=\"150\" height=\"150\" src=\"https:\/\/zst.klodzko.pl\/zst\/wp-content\/uploads\/2018\/11\/DSC_0278-150x150.jpg\" class=\"attachment-thumbnail size-thumbnail\" alt=\"\" \/><\/a>\n\t\t\t<\/dt><\/dl><br style=\"clear: both\" \/>\n\t\t<\/div>\n\n<p style=\"text-align: justify;\"><strong>Teatr Zdrojowy-Centrum Kultury i Promocji,<\/strong> <strong>Dolno\u015bl\u0105ski Oddzia\u0142 Zwi\u0105zku Literat\u00f3w Polskich we Wroc\u0142awiu<\/strong> oraz <strong>Towarzystwo Mi\u0142o\u015bnik\u00f3w Polanicy<\/strong> zapraszaj\u0105 do udzia\u0142u w II Powiatowym Konkursie Literackim dla uczni\u00f3w szk\u00f3\u0142 ponadgimnazjalnych pod honorowym patronatem<strong> Starosty K\u0142odzkiego<\/strong>.<\/p>\n","protected":false},"excerpt":{"rendered":"<p>16 listopada 2018 r. podczas XV Mi\u0119dzynarodowego Festiwalu Poezji &#8220;Poeci bez granic&#8221; w Polanicy-Zdroju odby\u0142 si\u0119 fina\u0142 II Powiatowego Konkursu Literackiego dla uczni\u00f3w szk\u00f3\u0142 ponadgimnazjalnych pod honorowym patronatem Starosty K\u0142odzkiego w kategorii prozy i poezji. Dominika Kanik, uczennica klasy I &hellip; <a href=\"https:\/\/zst.klodzko.pl\/zst\/final-ii-powiatowego-konkursu-literackiego-dla-uczniow-szkol-ponadgimnazjalnych-pod-honorowym-patronatem-starosty-klodzkiego\/\">Czytaj dalej <span class=\"meta-nav\">&rarr;<\/span><\/a><\/p>\n","protected":false},"author":1,"featured_media":0,"comment_status":"closed","ping_status":"closed","sticky":false,"template":"","format":"standard","meta":{"footnotes":""},"categories":[1],"tags":[],"class_list":["post-5743","post","type-post","status-publish","format-standard","hentry","category-aktualnosci"],"yoast_head":"<!-- This site is optimized with the Yoast SEO plugin v27.5 - https:\/\/yoast.com\/product\/yoast-seo-wordpress\/ -->\n<title>Fina\u0142 II Powiatowego Konkursu Literackiego dla uczni\u00f3w szk\u00f3\u0142 ponadgimnazjalnych. &#8212; Zesp\u00f3\u0142 Szk\u00f3\u0142 Technicznych w K\u0142odzku<\/title>\n<meta name=\"robots\" content=\"index, follow, max-snippet:-1, max-image-preview:large, max-video-preview:-1\" \/>\n<link rel=\"canonical\" href=\"https:\/\/zst.klodzko.pl\/zst\/final-ii-powiatowego-konkursu-literackiego-dla-uczniow-szkol-ponadgimnazjalnych-pod-honorowym-patronatem-starosty-klodzkiego\/\" \/>\n<meta property=\"og:locale\" content=\"pl_PL\" \/>\n<meta property=\"og:type\" content=\"article\" \/>\n<meta property=\"og:title\" content=\"Fina\u0142 II Powiatowego Konkursu Literackiego dla uczni\u00f3w szk\u00f3\u0142 ponadgimnazjalnych. &#8212; Zesp\u00f3\u0142 Szk\u00f3\u0142 Technicznych w K\u0142odzku\" \/>\n<meta property=\"og:description\" content=\"16 listopada 2018 r. podczas XV Mi\u0119dzynarodowego Festiwalu Poezji &#8220;Poeci bez granic&#8221; w Polanicy-Zdroju odby\u0142 si\u0119 fina\u0142 II Powiatowego Konkursu Literackiego dla uczni\u00f3w szk\u00f3\u0142 ponadgimnazjalnych pod honorowym patronatem Starosty K\u0142odzkiego w kategorii prozy i poezji. Dominika Kanik, uczennica klasy I &hellip; Czytaj dalej &rarr;\" \/>\n<meta property=\"og:url\" content=\"https:\/\/zst.klodzko.pl\/zst\/final-ii-powiatowego-konkursu-literackiego-dla-uczniow-szkol-ponadgimnazjalnych-pod-honorowym-patronatem-starosty-klodzkiego\/\" \/>\n<meta property=\"og:site_name\" content=\"Zesp\u00f3\u0142 Szk\u00f3\u0142 Technicznych w K\u0142odzku\" \/>\n<meta property=\"article:publisher\" content=\"https:\/\/www.facebook.com\/zst.klodzko\" \/>\n<meta property=\"article:published_time\" content=\"2018-11-19T15:46:39+00:00\" \/>\n<meta property=\"article:modified_time\" content=\"2018-11-19T20:00:22+00:00\" \/>\n<meta property=\"og:image\" content=\"https:\/\/zst.klodzko.pl\/zst\/wp-content\/uploads\/2018\/11\/DSC_0259-150x150.jpg\" \/>\n<meta name=\"author\" content=\"Aktualno\u015bci \u201eBUDOWLANKI\u201d\" \/>\n<meta name=\"twitter:card\" content=\"summary_large_image\" \/>\n<meta name=\"twitter:creator\" content=\"@Budowlanka_ZST\" \/>\n<meta name=\"twitter:site\" content=\"@Budowlanka_ZST\" \/>\n<meta name=\"twitter:label1\" content=\"Napisane przez\" \/>\n\t<meta name=\"twitter:data1\" content=\"Aktualno\u015bci \u201eBUDOWLANKI\u201d\" \/>\n\t<meta name=\"twitter:label2\" content=\"Szacowany czas czytania\" \/>\n\t<meta name=\"twitter:data2\" content=\"1 minuta\" \/>\n<script type=\"application\/ld+json\" class=\"yoast-schema-graph\">{\"@context\":\"https:\\\/\\\/schema.org\",\"@graph\":[{\"@type\":\"Article\",\"@id\":\"https:\\\/\\\/zst.klodzko.pl\\\/zst\\\/final-ii-powiatowego-konkursu-literackiego-dla-uczniow-szkol-ponadgimnazjalnych-pod-honorowym-patronatem-starosty-klodzkiego\\\/#article\",\"isPartOf\":{\"@id\":\"https:\\\/\\\/zst.klodzko.pl\\\/zst\\\/final-ii-powiatowego-konkursu-literackiego-dla-uczniow-szkol-ponadgimnazjalnych-pod-honorowym-patronatem-starosty-klodzkiego\\\/\"},\"author\":{\"name\":\"Aktualno\u015bci \u201eBUDOWLANKI\u201d\",\"@id\":\"https:\\\/\\\/zst.klodzko.pl\\\/zst\\\/#\\\/schema\\\/person\\\/7ad3759462b88dca0c831372a7f5c825\"},\"headline\":\"Fina\u0142 II Powiatowego Konkursu Literackiego dla uczni\u00f3w szk\u00f3\u0142 ponadgimnazjalnych.\",\"datePublished\":\"2018-11-19T15:46:39+00:00\",\"dateModified\":\"2018-11-19T20:00:22+00:00\",\"mainEntityOfPage\":{\"@id\":\"https:\\\/\\\/zst.klodzko.pl\\\/zst\\\/final-ii-powiatowego-konkursu-literackiego-dla-uczniow-szkol-ponadgimnazjalnych-pod-honorowym-patronatem-starosty-klodzkiego\\\/\"},\"wordCount\":288,\"publisher\":{\"@id\":\"https:\\\/\\\/zst.klodzko.pl\\\/zst\\\/#organization\"},\"articleSection\":[\"Aktualno\u015bci\"],\"inLanguage\":\"pl-PL\"},{\"@type\":\"WebPage\",\"@id\":\"https:\\\/\\\/zst.klodzko.pl\\\/zst\\\/final-ii-powiatowego-konkursu-literackiego-dla-uczniow-szkol-ponadgimnazjalnych-pod-honorowym-patronatem-starosty-klodzkiego\\\/\",\"url\":\"https:\\\/\\\/zst.klodzko.pl\\\/zst\\\/final-ii-powiatowego-konkursu-literackiego-dla-uczniow-szkol-ponadgimnazjalnych-pod-honorowym-patronatem-starosty-klodzkiego\\\/\",\"name\":\"Fina\u0142 II Powiatowego Konkursu Literackiego dla uczni\u00f3w szk\u00f3\u0142 ponadgimnazjalnych. &#8212; Zesp\u00f3\u0142 Szk\u00f3\u0142 Technicznych w K\u0142odzku\",\"isPartOf\":{\"@id\":\"https:\\\/\\\/zst.klodzko.pl\\\/zst\\\/#website\"},\"datePublished\":\"2018-11-19T15:46:39+00:00\",\"dateModified\":\"2018-11-19T20:00:22+00:00\",\"breadcrumb\":{\"@id\":\"https:\\\/\\\/zst.klodzko.pl\\\/zst\\\/final-ii-powiatowego-konkursu-literackiego-dla-uczniow-szkol-ponadgimnazjalnych-pod-honorowym-patronatem-starosty-klodzkiego\\\/#breadcrumb\"},\"inLanguage\":\"pl-PL\",\"potentialAction\":[{\"@type\":\"ReadAction\",\"target\":[\"https:\\\/\\\/zst.klodzko.pl\\\/zst\\\/final-ii-powiatowego-konkursu-literackiego-dla-uczniow-szkol-ponadgimnazjalnych-pod-honorowym-patronatem-starosty-klodzkiego\\\/\"]}]},{\"@type\":\"BreadcrumbList\",\"@id\":\"https:\\\/\\\/zst.klodzko.pl\\\/zst\\\/final-ii-powiatowego-konkursu-literackiego-dla-uczniow-szkol-ponadgimnazjalnych-pod-honorowym-patronatem-starosty-klodzkiego\\\/#breadcrumb\",\"itemListElement\":[{\"@type\":\"ListItem\",\"position\":1,\"name\":\"Strona g\u0142\u00f3wna\",\"item\":\"https:\\\/\\\/zst.klodzko.pl\\\/zst\\\/\"},{\"@type\":\"ListItem\",\"position\":2,\"name\":\"Fina\u0142 II Powiatowego Konkursu Literackiego dla uczni\u00f3w szk\u00f3\u0142 ponadgimnazjalnych.\"}]},{\"@type\":\"WebSite\",\"@id\":\"https:\\\/\\\/zst.klodzko.pl\\\/zst\\\/#website\",\"url\":\"https:\\\/\\\/zst.klodzko.pl\\\/zst\\\/\",\"name\":\"Zesp\u00f3\u0142 Szk\u00f3\u0142 Technicznych w K\u0142odzku\",\"description\":\"Oficjalna strona ZST w K\u0142odzku (dawniej ZSP nr 1 w K\u0142odzku) - Budowlanka\",\"publisher\":{\"@id\":\"https:\\\/\\\/zst.klodzko.pl\\\/zst\\\/#organization\"},\"potentialAction\":[{\"@type\":\"SearchAction\",\"target\":{\"@type\":\"EntryPoint\",\"urlTemplate\":\"https:\\\/\\\/zst.klodzko.pl\\\/zst\\\/?s={search_term_string}\"},\"query-input\":{\"@type\":\"PropertyValueSpecification\",\"valueRequired\":true,\"valueName\":\"search_term_string\"}}],\"inLanguage\":\"pl-PL\"},{\"@type\":\"Organization\",\"@id\":\"https:\\\/\\\/zst.klodzko.pl\\\/zst\\\/#organization\",\"name\":\"Zesp\u00f3\u0142 Szk\u00f3\u0142 Technicznych w K\u0142odzku\",\"url\":\"https:\\\/\\\/zst.klodzko.pl\\\/zst\\\/\",\"logo\":{\"@type\":\"ImageObject\",\"inLanguage\":\"pl-PL\",\"@id\":\"https:\\\/\\\/zst.klodzko.pl\\\/zst\\\/#\\\/schema\\\/logo\\\/image\\\/\",\"url\":\"https:\\\/\\\/zst.klodzko.pl\\\/zst\\\/wp-content\\\/uploads\\\/2018\\\/05\\\/patron_bud.png\",\"contentUrl\":\"https:\\\/\\\/zst.klodzko.pl\\\/zst\\\/wp-content\\\/uploads\\\/2018\\\/05\\\/patron_bud.png\",\"width\":208,\"height\":205,\"caption\":\"Zesp\u00f3\u0142 Szk\u00f3\u0142 Technicznych w K\u0142odzku\"},\"image\":{\"@id\":\"https:\\\/\\\/zst.klodzko.pl\\\/zst\\\/#\\\/schema\\\/logo\\\/image\\\/\"},\"sameAs\":[\"https:\\\/\\\/www.facebook.com\\\/zst.klodzko\",\"https:\\\/\\\/x.com\\\/Budowlanka_ZST\",\"https:\\\/\\\/www.youtube.com\\\/channel\\\/UCueLhwUV3X9Ph8PMH7j4ugA\",\"https:\\\/\\\/pl.wikipedia.org\\\/wiki\\\/Zesp\u00f3\u0142_Szk\u00f3\u0142_Technicznych_w_K\u0142odzku\"]},{\"@type\":\"Person\",\"@id\":\"https:\\\/\\\/zst.klodzko.pl\\\/zst\\\/#\\\/schema\\\/person\\\/7ad3759462b88dca0c831372a7f5c825\",\"name\":\"Aktualno\u015bci \u201eBUDOWLANKI\u201d\"}]}<\/script>\n<!-- \/ Yoast SEO plugin. -->","yoast_head_json":{"title":"Fina\u0142 II Powiatowego Konkursu Literackiego dla uczni\u00f3w szk\u00f3\u0142 ponadgimnazjalnych. &#8212; Zesp\u00f3\u0142 Szk\u00f3\u0142 Technicznych w K\u0142odzku","robots":{"index":"index","follow":"follow","max-snippet":"max-snippet:-1","max-image-preview":"max-image-preview:large","max-video-preview":"max-video-preview:-1"},"canonical":"https:\/\/zst.klodzko.pl\/zst\/final-ii-powiatowego-konkursu-literackiego-dla-uczniow-szkol-ponadgimnazjalnych-pod-honorowym-patronatem-starosty-klodzkiego\/","og_locale":"pl_PL","og_type":"article","og_title":"Fina\u0142 II Powiatowego Konkursu Literackiego dla uczni\u00f3w szk\u00f3\u0142 ponadgimnazjalnych. &#8212; Zesp\u00f3\u0142 Szk\u00f3\u0142 Technicznych w K\u0142odzku","og_description":"16 listopada 2018 r. podczas XV Mi\u0119dzynarodowego Festiwalu Poezji &#8220;Poeci bez granic&#8221; w Polanicy-Zdroju odby\u0142 si\u0119 fina\u0142 II Powiatowego Konkursu Literackiego dla uczni\u00f3w szk\u00f3\u0142 ponadgimnazjalnych pod honorowym patronatem Starosty K\u0142odzkiego w kategorii prozy i poezji. Dominika Kanik, uczennica klasy I &hellip; Czytaj dalej &rarr;","og_url":"https:\/\/zst.klodzko.pl\/zst\/final-ii-powiatowego-konkursu-literackiego-dla-uczniow-szkol-ponadgimnazjalnych-pod-honorowym-patronatem-starosty-klodzkiego\/","og_site_name":"Zesp\u00f3\u0142 Szk\u00f3\u0142 Technicznych w K\u0142odzku","article_publisher":"https:\/\/www.facebook.com\/zst.klodzko","article_published_time":"2018-11-19T15:46:39+00:00","article_modified_time":"2018-11-19T20:00:22+00:00","og_image":[{"url":"https:\/\/zst.klodzko.pl\/zst\/wp-content\/uploads\/2018\/11\/DSC_0259-150x150.jpg","type":"","width":"","height":""}],"author":"Aktualno\u015bci \u201eBUDOWLANKI\u201d","twitter_card":"summary_large_image","twitter_creator":"@Budowlanka_ZST","twitter_site":"@Budowlanka_ZST","twitter_misc":{"Napisane przez":"Aktualno\u015bci \u201eBUDOWLANKI\u201d","Szacowany czas czytania":"1 minuta"},"schema":{"@context":"https:\/\/schema.org","@graph":[{"@type":"Article","@id":"https:\/\/zst.klodzko.pl\/zst\/final-ii-powiatowego-konkursu-literackiego-dla-uczniow-szkol-ponadgimnazjalnych-pod-honorowym-patronatem-starosty-klodzkiego\/#article","isPartOf":{"@id":"https:\/\/zst.klodzko.pl\/zst\/final-ii-powiatowego-konkursu-literackiego-dla-uczniow-szkol-ponadgimnazjalnych-pod-honorowym-patronatem-starosty-klodzkiego\/"},"author":{"name":"Aktualno\u015bci \u201eBUDOWLANKI\u201d","@id":"https:\/\/zst.klodzko.pl\/zst\/#\/schema\/person\/7ad3759462b88dca0c831372a7f5c825"},"headline":"Fina\u0142 II Powiatowego Konkursu Literackiego dla uczni\u00f3w szk\u00f3\u0142 ponadgimnazjalnych.","datePublished":"2018-11-19T15:46:39+00:00","dateModified":"2018-11-19T20:00:22+00:00","mainEntityOfPage":{"@id":"https:\/\/zst.klodzko.pl\/zst\/final-ii-powiatowego-konkursu-literackiego-dla-uczniow-szkol-ponadgimnazjalnych-pod-honorowym-patronatem-starosty-klodzkiego\/"},"wordCount":288,"publisher":{"@id":"https:\/\/zst.klodzko.pl\/zst\/#organization"},"articleSection":["Aktualno\u015bci"],"inLanguage":"pl-PL"},{"@type":"WebPage","@id":"https:\/\/zst.klodzko.pl\/zst\/final-ii-powiatowego-konkursu-literackiego-dla-uczniow-szkol-ponadgimnazjalnych-pod-honorowym-patronatem-starosty-klodzkiego\/","url":"https:\/\/zst.klodzko.pl\/zst\/final-ii-powiatowego-konkursu-literackiego-dla-uczniow-szkol-ponadgimnazjalnych-pod-honorowym-patronatem-starosty-klodzkiego\/","name":"Fina\u0142 II Powiatowego Konkursu Literackiego dla uczni\u00f3w szk\u00f3\u0142 ponadgimnazjalnych. &#8212; Zesp\u00f3\u0142 Szk\u00f3\u0142 Technicznych w K\u0142odzku","isPartOf":{"@id":"https:\/\/zst.klodzko.pl\/zst\/#website"},"datePublished":"2018-11-19T15:46:39+00:00","dateModified":"2018-11-19T20:00:22+00:00","breadcrumb":{"@id":"https:\/\/zst.klodzko.pl\/zst\/final-ii-powiatowego-konkursu-literackiego-dla-uczniow-szkol-ponadgimnazjalnych-pod-honorowym-patronatem-starosty-klodzkiego\/#breadcrumb"},"inLanguage":"pl-PL","potentialAction":[{"@type":"ReadAction","target":["https:\/\/zst.klodzko.pl\/zst\/final-ii-powiatowego-konkursu-literackiego-dla-uczniow-szkol-ponadgimnazjalnych-pod-honorowym-patronatem-starosty-klodzkiego\/"]}]},{"@type":"BreadcrumbList","@id":"https:\/\/zst.klodzko.pl\/zst\/final-ii-powiatowego-konkursu-literackiego-dla-uczniow-szkol-ponadgimnazjalnych-pod-honorowym-patronatem-starosty-klodzkiego\/#breadcrumb","itemListElement":[{"@type":"ListItem","position":1,"name":"Strona g\u0142\u00f3wna","item":"https:\/\/zst.klodzko.pl\/zst\/"},{"@type":"ListItem","position":2,"name":"Fina\u0142 II Powiatowego Konkursu Literackiego dla uczni\u00f3w szk\u00f3\u0142 ponadgimnazjalnych."}]},{"@type":"WebSite","@id":"https:\/\/zst.klodzko.pl\/zst\/#website","url":"https:\/\/zst.klodzko.pl\/zst\/","name":"Zesp\u00f3\u0142 Szk\u00f3\u0142 Technicznych w K\u0142odzku","description":"Oficjalna strona ZST w K\u0142odzku (dawniej ZSP nr 1 w K\u0142odzku) - Budowlanka","publisher":{"@id":"https:\/\/zst.klodzko.pl\/zst\/#organization"},"potentialAction":[{"@type":"SearchAction","target":{"@type":"EntryPoint","urlTemplate":"https:\/\/zst.klodzko.pl\/zst\/?s={search_term_string}"},"query-input":{"@type":"PropertyValueSpecification","valueRequired":true,"valueName":"search_term_string"}}],"inLanguage":"pl-PL"},{"@type":"Organization","@id":"https:\/\/zst.klodzko.pl\/zst\/#organization","name":"Zesp\u00f3\u0142 Szk\u00f3\u0142 Technicznych w K\u0142odzku","url":"https:\/\/zst.klodzko.pl\/zst\/","logo":{"@type":"ImageObject","inLanguage":"pl-PL","@id":"https:\/\/zst.klodzko.pl\/zst\/#\/schema\/logo\/image\/","url":"https:\/\/zst.klodzko.pl\/zst\/wp-content\/uploads\/2018\/05\/patron_bud.png","contentUrl":"https:\/\/zst.klodzko.pl\/zst\/wp-content\/uploads\/2018\/05\/patron_bud.png","width":208,"height":205,"caption":"Zesp\u00f3\u0142 Szk\u00f3\u0142 Technicznych w K\u0142odzku"},"image":{"@id":"https:\/\/zst.klodzko.pl\/zst\/#\/schema\/logo\/image\/"},"sameAs":["https:\/\/www.facebook.com\/zst.klodzko","https:\/\/x.com\/Budowlanka_ZST","https:\/\/www.youtube.com\/channel\/UCueLhwUV3X9Ph8PMH7j4ugA","https:\/\/pl.wikipedia.org\/wiki\/Zesp\u00f3\u0142_Szk\u00f3\u0142_Technicznych_w_K\u0142odzku"]},{"@type":"Person","@id":"https:\/\/zst.klodzko.pl\/zst\/#\/schema\/person\/7ad3759462b88dca0c831372a7f5c825","name":"Aktualno\u015bci \u201eBUDOWLANKI\u201d"}]}},"_links":{"self":[{"href":"https:\/\/zst.klodzko.pl\/zst\/wp-json\/wp\/v2\/posts\/5743","targetHints":{"allow":["GET"]}}],"collection":[{"href":"https:\/\/zst.klodzko.pl\/zst\/wp-json\/wp\/v2\/posts"}],"about":[{"href":"https:\/\/zst.klodzko.pl\/zst\/wp-json\/wp\/v2\/types\/post"}],"author":[{"embeddable":true,"href":"https:\/\/zst.klodzko.pl\/zst\/wp-json\/wp\/v2\/users\/1"}],"replies":[{"embeddable":true,"href":"https:\/\/zst.klodzko.pl\/zst\/wp-json\/wp\/v2\/comments?post=5743"}],"version-history":[{"count":9,"href":"https:\/\/zst.klodzko.pl\/zst\/wp-json\/wp\/v2\/posts\/5743\/revisions"}],"predecessor-version":[{"id":5797,"href":"https:\/\/zst.klodzko.pl\/zst\/wp-json\/wp\/v2\/posts\/5743\/revisions\/5797"}],"wp:attachment":[{"href":"https:\/\/zst.klodzko.pl\/zst\/wp-json\/wp\/v2\/media?parent=5743"}],"wp:term":[{"taxonomy":"category","embeddable":true,"href":"https:\/\/zst.klodzko.pl\/zst\/wp-json\/wp\/v2\/categories?post=5743"},{"taxonomy":"post_tag","embeddable":true,"href":"https:\/\/zst.klodzko.pl\/zst\/wp-json\/wp\/v2\/tags?post=5743"}],"curies":[{"name":"wp","href":"https:\/\/api.w.org\/{rel}","templated":true}]}}