{"id":5888,"date":"2018-12-02T23:25:38","date_gmt":"2018-12-02T22:25:38","guid":{"rendered":"http:\/\/zst.klodzko.pl\/zst\/?p=5888"},"modified":"2018-12-06T22:27:34","modified_gmt":"2018-12-06T21:27:34","slug":"wycieczka-do-lwowa-dla-nauczycieli","status":"publish","type":"post","link":"https:\/\/zst.klodzko.pl\/zst\/wycieczka-do-lwowa-dla-nauczycieli\/","title":{"rendered":"Wycieczka do Lwowa dla nauczycieli"},"content":{"rendered":"<p style=\"text-align: justify;\"><img decoding=\"async\" class=\"wp-image-5900 alignleft\" src=\"http:\/\/zst.klodzko.pl\/zst\/wp-content\/uploads\/2018\/11\/Herb_Lwowa.svg_.png\" alt=\"\" width=\"140\" height=\"177\" srcset=\"https:\/\/zst.klodzko.pl\/zst\/wp-content\/uploads\/2018\/11\/Herb_Lwowa.svg_.png 800w, https:\/\/zst.klodzko.pl\/zst\/wp-content\/uploads\/2018\/11\/Herb_Lwowa.svg_-237x300.png 237w, https:\/\/zst.klodzko.pl\/zst\/wp-content\/uploads\/2018\/11\/Herb_Lwowa.svg_-768x971.png 768w\" sizes=\"(max-width: 140px) 100vw, 140px\" \/><span style=\"color: #1c0202;\">W imieniu<strong> Dyrekcji ZSP nr 1 w K\u0142odzku<\/strong>, <strong>Zarz\u0105du Zwi\u0105zku Nauczycielstwa Polskiego<\/strong>, <strong>Zarz\u0105du Komisji \u201eSolidarno\u015b\u0107\u201d<\/strong> oraz biura<strong> Blicharski Travel<\/strong>, serdecznie zapraszamy na trzydniow\u0105 wycieczk\u0119 do Lwowa w dniach od 29 kwietnia (poniedzia\u0142ek) do 01 maja (\u015broda) 2019 r.<\/span><\/p>\n<p>&nbsp;<\/p>\n<p><span style=\"color: #1c0202;\"><u>W programie wycieczki zwiedzanie:<\/u><\/span><\/p>\n<p><span style=\"color: #1c0202;\">\u00a0\u00a0 1. Star\u00f3wki miasta (kamienice Jana III Sobieskiego, wie\u017ca ratuszowa).<\/span><br \/>\n<span style=\"color: #1c0202;\">\u00a0\u00a0 2. Katedra Lwowska i Ormia\u0144ska.<\/span><br \/>\n<span style=\"color: #1c0202;\">\u00a0\u00a0 3. Prospekt Niepodleg\u0142o\u015bci, pomnik Adama Mickiewicza.<\/span><br \/>\n<span style=\"color: #1c0202;\">\u00a0\u00a0 4. Opera Lwowska.<\/span><br \/>\n<span style=\"color: #1c0202;\">\u00a0\u00a0 5. Katedra \u015bw. Jura.<\/span><br \/>\n<span style=\"color: #1c0202;\">\u00a0\u00a0 6. Cmentarz \u0141yczakowski.<\/span><br \/>\n<span style=\"color: #1c0202;\">\u00a0\u00a0 7. Cmentarz Orl\u0105t Lwowskich.<\/span><br \/>\n<span style=\"color: #1c0202;\">\u00a0\u00a0 8. Wzg\u00f3rze Unii Lubelskiej (wie\u017ca widokowa- najwy\u017cszy punkt miasta). <\/span><span style=\"color: #1c0202;\"><em>Dodatkowo \u2013spektakl w Operze Lwowskiej ( dla ch\u0119tnych, odr\u0119bny koszt ok.40 z\u0142).<\/em><\/span><\/p>\n<p><span style=\"color: #1c0202;\"><em><strong><br \/>\nZ uwagi na konieczno\u015b\u0107 wcze\u015bniejszej rezerwacji hotelu oraz innych atrakcji, zwracamy si\u0119 z pro\u015bb\u0105 o szybk\u0105 decyzj\u0119 udzia\u0142u.<\/strong><\/em><\/span><\/p>\n<p style=\"text-align: justify;\"><span style=\"color: #1c0202;\">Serdecznie zapraszamy do wpisywania si\u0119 na list\u0119 do 14 grudnia br, w sekretariacie og\u00f3lnym, mo\u017cliwo\u015b\u0107 wzi\u0119cia osoby towarzysz\u0105cej (wsp\u00f3\u0142ma\u0142\u017conek\/ ka).<br \/>\nLiczba uczestnik\u00f3w ograniczona max. 48 os\u00f3b.<\/span><\/p>\n<p style=\"text-align: right;\"><strong><span style=\"color: #2b0202;\">Izabella Kapitan<\/span><\/strong><\/p>\n\n\t\t<style type=\"text\/css\">\n\t\t\t#gallery-1 {\n\t\t\t\tmargin: auto;\n\t\t\t}\n\t\t\t#gallery-1 .gallery-item {\n\t\t\t\tfloat: left;\n\t\t\t\tmargin-top: 10px;\n\t\t\t\ttext-align: center;\n\t\t\t\twidth: 50%;\n\t\t\t}\n\t\t\t#gallery-1 img {\n\t\t\t\tborder: 2px solid #cfcfcf;\n\t\t\t}\n\t\t\t#gallery-1 .gallery-caption {\n\t\t\t\tmargin-left: 0;\n\t\t\t}\n\t\t\t\/* see gallery_shortcode() in wp-includes\/media.php *\/\n\t\t<\/style>\n\t\t<div id='gallery-1' class='gallery galleryid-5888 gallery-columns-2 gallery-size-thumbnail'><dl class='gallery-item'>\n\t\t\t<dt class='gallery-icon landscape'>\n\t\t\t\t<a href='https:\/\/zst.klodzko.pl\/zst\/wp-content\/uploads\/2018\/11\/Lw\u00f3w_a.jpg'><img decoding=\"async\" width=\"150\" height=\"150\" src=\"https:\/\/zst.klodzko.pl\/zst\/wp-content\/uploads\/2018\/11\/Lw\u00f3w_a-150x150.jpg\" class=\"attachment-thumbnail size-thumbnail\" alt=\"\" \/><\/a>\n\t\t\t<\/dt><\/dl><dl class='gallery-item'>\n\t\t\t<dt class='gallery-icon landscape'>\n\t\t\t\t<a href='https:\/\/zst.klodzko.pl\/zst\/wp-content\/uploads\/2018\/11\/Lw\u00f3w1b_.jpg'><img decoding=\"async\" width=\"150\" height=\"150\" src=\"https:\/\/zst.klodzko.pl\/zst\/wp-content\/uploads\/2018\/11\/Lw\u00f3w1b_-150x150.jpg\" class=\"attachment-thumbnail size-thumbnail\" alt=\"\" \/><\/a>\n\t\t\t<\/dt><\/dl><br style=\"clear: both\" \/><dl class='gallery-item'>\n\t\t\t<dt class='gallery-icon landscape'>\n\t\t\t\t<a href='https:\/\/zst.klodzko.pl\/zst\/wp-content\/uploads\/2018\/11\/Lw\u00f3w1d_.jpg'><img loading=\"lazy\" decoding=\"async\" width=\"150\" height=\"150\" src=\"https:\/\/zst.klodzko.pl\/zst\/wp-content\/uploads\/2018\/11\/Lw\u00f3w1d_-150x150.jpg\" class=\"attachment-thumbnail size-thumbnail\" alt=\"\" \/><\/a>\n\t\t\t<\/dt><\/dl><dl class='gallery-item'>\n\t\t\t<dt class='gallery-icon landscape'>\n\t\t\t\t<a href='https:\/\/zst.klodzko.pl\/zst\/wp-content\/uploads\/2018\/11\/Lw\u00f3w1e.jpg'><img loading=\"lazy\" decoding=\"async\" width=\"150\" height=\"150\" src=\"https:\/\/zst.klodzko.pl\/zst\/wp-content\/uploads\/2018\/11\/Lw\u00f3w1e-150x150.jpg\" class=\"attachment-thumbnail size-thumbnail\" alt=\"\" \/><\/a>\n\t\t\t<\/dt><\/dl><br style=\"clear: both\" \/><dl class='gallery-item'>\n\t\t\t<dt class='gallery-icon landscape'>\n\t\t\t\t<a href='https:\/\/zst.klodzko.pl\/zst\/wp-content\/uploads\/2018\/11\/Lw\u00f3w1f_.jpg'><img loading=\"lazy\" decoding=\"async\" width=\"150\" height=\"150\" src=\"https:\/\/zst.klodzko.pl\/zst\/wp-content\/uploads\/2018\/11\/Lw\u00f3w1f_-150x150.jpg\" class=\"attachment-thumbnail size-thumbnail\" alt=\"\" \/><\/a>\n\t\t\t<\/dt><\/dl><dl class='gallery-item'>\n\t\t\t<dt class='gallery-icon portrait'>\n\t\t\t\t<a href='https:\/\/zst.klodzko.pl\/zst\/wp-content\/uploads\/2018\/11\/Lw\u00f3w1ca_.jpg'><img loading=\"lazy\" decoding=\"async\" width=\"150\" height=\"150\" src=\"https:\/\/zst.klodzko.pl\/zst\/wp-content\/uploads\/2018\/11\/Lw\u00f3w1ca_-150x150.jpg\" class=\"attachment-thumbnail size-thumbnail\" alt=\"\" \/><\/a>\n\t\t\t<\/dt><\/dl><br style=\"clear: both\" \/><dl class='gallery-item'>\n\t\t\t<dt class='gallery-icon portrait'>\n\t\t\t\t<a href='https:\/\/zst.klodzko.pl\/zst\/wp-content\/uploads\/2018\/11\/Lw\u00f3w1cb.jpg'><img loading=\"lazy\" decoding=\"async\" width=\"150\" height=\"150\" src=\"https:\/\/zst.klodzko.pl\/zst\/wp-content\/uploads\/2018\/11\/Lw\u00f3w1cb-150x150.jpg\" class=\"attachment-thumbnail size-thumbnail\" alt=\"\" \/><\/a>\n\t\t\t<\/dt><\/dl><dl class='gallery-item'>\n\t\t\t<dt class='gallery-icon portrait'>\n\t\t\t\t<a href='https:\/\/zst.klodzko.pl\/zst\/wp-content\/uploads\/2018\/11\/Lw\u00f3w1c.jpg'><img loading=\"lazy\" decoding=\"async\" width=\"150\" height=\"150\" src=\"https:\/\/zst.klodzko.pl\/zst\/wp-content\/uploads\/2018\/11\/Lw\u00f3w1c-150x150.jpg\" class=\"attachment-thumbnail size-thumbnail\" alt=\"\" \/><\/a>\n\t\t\t<\/dt><\/dl><br style=\"clear: both\" \/>\n\t\t<\/div>\n\n<p style=\"text-align: right;\"><span style=\"color: #636363;\"><strong>Zdj\u0119cia: Wikipedia<\/strong><\/span><\/p>\n","protected":false},"excerpt":{"rendered":"<p>W imieniu Dyrekcji ZSP nr 1 w K\u0142odzku, Zarz\u0105du Zwi\u0105zku Nauczycielstwa Polskiego, Zarz\u0105du Komisji \u201eSolidarno\u015b\u0107\u201d oraz biura Blicharski Travel, serdecznie zapraszamy na trzydniow\u0105 wycieczk\u0119 do Lwowa w dniach od 29 kwietnia (poniedzia\u0142ek) do 01 maja (\u015broda) 2019 r. &nbsp; W &hellip; <a href=\"https:\/\/zst.klodzko.pl\/zst\/wycieczka-do-lwowa-dla-nauczycieli\/\">Czytaj dalej <span class=\"meta-nav\">&rarr;<\/span><\/a><\/p>\n","protected":false},"author":1,"featured_media":0,"comment_status":"closed","ping_status":"closed","sticky":false,"template":"","format":"standard","meta":{"footnotes":""},"categories":[1],"tags":[],"class_list":["post-5888","post","type-post","status-publish","format-standard","hentry","category-aktualnosci"],"yoast_head":"<!-- This site is optimized with the Yoast SEO plugin v27.4 - https:\/\/yoast.com\/product\/yoast-seo-wordpress\/ -->\n<title>Wycieczka do Lwowa dla nauczycieli &#8212; Zesp\u00f3\u0142 Szk\u00f3\u0142 Technicznych w K\u0142odzku<\/title>\n<meta name=\"robots\" content=\"index, follow, max-snippet:-1, max-image-preview:large, max-video-preview:-1\" \/>\n<link rel=\"canonical\" href=\"https:\/\/zst.klodzko.pl\/zst\/wycieczka-do-lwowa-dla-nauczycieli\/\" \/>\n<meta property=\"og:locale\" content=\"pl_PL\" \/>\n<meta property=\"og:type\" content=\"article\" \/>\n<meta property=\"og:title\" content=\"Wycieczka do Lwowa dla nauczycieli &#8212; Zesp\u00f3\u0142 Szk\u00f3\u0142 Technicznych w K\u0142odzku\" \/>\n<meta property=\"og:description\" content=\"W imieniu Dyrekcji ZSP nr 1 w K\u0142odzku, Zarz\u0105du Zwi\u0105zku Nauczycielstwa Polskiego, Zarz\u0105du Komisji \u201eSolidarno\u015b\u0107\u201d oraz biura Blicharski Travel, serdecznie zapraszamy na trzydniow\u0105 wycieczk\u0119 do Lwowa w dniach od 29 kwietnia (poniedzia\u0142ek) do 01 maja (\u015broda) 2019 r. &nbsp; W &hellip; Czytaj dalej &rarr;\" \/>\n<meta property=\"og:url\" content=\"https:\/\/zst.klodzko.pl\/zst\/wycieczka-do-lwowa-dla-nauczycieli\/\" \/>\n<meta property=\"og:site_name\" content=\"Zesp\u00f3\u0142 Szk\u00f3\u0142 Technicznych w K\u0142odzku\" \/>\n<meta property=\"article:publisher\" content=\"https:\/\/www.facebook.com\/zst.klodzko\" \/>\n<meta property=\"article:published_time\" content=\"2018-12-02T22:25:38+00:00\" \/>\n<meta property=\"article:modified_time\" content=\"2018-12-06T21:27:34+00:00\" \/>\n<meta property=\"og:image\" content=\"https:\/\/zst.klodzko.pl\/zst\/wp-content\/uploads\/2018\/11\/Lw\u00f3w_a-150x150.jpg\" \/>\n<meta name=\"author\" content=\"Aktualno\u015bci \u201eBUDOWLANKI\u201d\" \/>\n<meta name=\"twitter:card\" content=\"summary_large_image\" \/>\n<meta name=\"twitter:creator\" content=\"@Budowlanka_ZST\" \/>\n<meta name=\"twitter:site\" content=\"@Budowlanka_ZST\" \/>\n<meta name=\"twitter:label1\" content=\"Napisane przez\" \/>\n\t<meta name=\"twitter:data1\" content=\"Aktualno\u015bci \u201eBUDOWLANKI\u201d\" \/>\n\t<meta name=\"twitter:label2\" content=\"Szacowany czas czytania\" \/>\n\t<meta name=\"twitter:data2\" content=\"1 minuta\" \/>\n<script type=\"application\/ld+json\" class=\"yoast-schema-graph\">{\"@context\":\"https:\\\/\\\/schema.org\",\"@graph\":[{\"@type\":\"Article\",\"@id\":\"https:\\\/\\\/zst.klodzko.pl\\\/zst\\\/wycieczka-do-lwowa-dla-nauczycieli\\\/#article\",\"isPartOf\":{\"@id\":\"https:\\\/\\\/zst.klodzko.pl\\\/zst\\\/wycieczka-do-lwowa-dla-nauczycieli\\\/\"},\"author\":{\"name\":\"Aktualno\u015bci \u201eBUDOWLANKI\u201d\",\"@id\":\"https:\\\/\\\/zst.klodzko.pl\\\/zst\\\/#\\\/schema\\\/person\\\/7ad3759462b88dca0c831372a7f5c825\"},\"headline\":\"Wycieczka do Lwowa dla nauczycieli\",\"datePublished\":\"2018-12-02T22:25:38+00:00\",\"dateModified\":\"2018-12-06T21:27:34+00:00\",\"mainEntityOfPage\":{\"@id\":\"https:\\\/\\\/zst.klodzko.pl\\\/zst\\\/wycieczka-do-lwowa-dla-nauczycieli\\\/\"},\"wordCount\":169,\"publisher\":{\"@id\":\"https:\\\/\\\/zst.klodzko.pl\\\/zst\\\/#organization\"},\"image\":{\"@id\":\"https:\\\/\\\/zst.klodzko.pl\\\/zst\\\/wycieczka-do-lwowa-dla-nauczycieli\\\/#primaryimage\"},\"thumbnailUrl\":\"http:\\\/\\\/zst.klodzko.pl\\\/zst\\\/wp-content\\\/uploads\\\/2018\\\/11\\\/Herb_Lwowa.svg_.png\",\"articleSection\":[\"Aktualno\u015bci\"],\"inLanguage\":\"pl-PL\"},{\"@type\":\"WebPage\",\"@id\":\"https:\\\/\\\/zst.klodzko.pl\\\/zst\\\/wycieczka-do-lwowa-dla-nauczycieli\\\/\",\"url\":\"https:\\\/\\\/zst.klodzko.pl\\\/zst\\\/wycieczka-do-lwowa-dla-nauczycieli\\\/\",\"name\":\"Wycieczka do Lwowa dla nauczycieli &#8212; Zesp\u00f3\u0142 Szk\u00f3\u0142 Technicznych w K\u0142odzku\",\"isPartOf\":{\"@id\":\"https:\\\/\\\/zst.klodzko.pl\\\/zst\\\/#website\"},\"primaryImageOfPage\":{\"@id\":\"https:\\\/\\\/zst.klodzko.pl\\\/zst\\\/wycieczka-do-lwowa-dla-nauczycieli\\\/#primaryimage\"},\"image\":{\"@id\":\"https:\\\/\\\/zst.klodzko.pl\\\/zst\\\/wycieczka-do-lwowa-dla-nauczycieli\\\/#primaryimage\"},\"thumbnailUrl\":\"http:\\\/\\\/zst.klodzko.pl\\\/zst\\\/wp-content\\\/uploads\\\/2018\\\/11\\\/Herb_Lwowa.svg_.png\",\"datePublished\":\"2018-12-02T22:25:38+00:00\",\"dateModified\":\"2018-12-06T21:27:34+00:00\",\"breadcrumb\":{\"@id\":\"https:\\\/\\\/zst.klodzko.pl\\\/zst\\\/wycieczka-do-lwowa-dla-nauczycieli\\\/#breadcrumb\"},\"inLanguage\":\"pl-PL\",\"potentialAction\":[{\"@type\":\"ReadAction\",\"target\":[\"https:\\\/\\\/zst.klodzko.pl\\\/zst\\\/wycieczka-do-lwowa-dla-nauczycieli\\\/\"]}]},{\"@type\":\"ImageObject\",\"inLanguage\":\"pl-PL\",\"@id\":\"https:\\\/\\\/zst.klodzko.pl\\\/zst\\\/wycieczka-do-lwowa-dla-nauczycieli\\\/#primaryimage\",\"url\":\"https:\\\/\\\/zst.klodzko.pl\\\/zst\\\/wp-content\\\/uploads\\\/2018\\\/11\\\/Herb_Lwowa.svg_.png\",\"contentUrl\":\"https:\\\/\\\/zst.klodzko.pl\\\/zst\\\/wp-content\\\/uploads\\\/2018\\\/11\\\/Herb_Lwowa.svg_.png\",\"width\":800,\"height\":1011},{\"@type\":\"BreadcrumbList\",\"@id\":\"https:\\\/\\\/zst.klodzko.pl\\\/zst\\\/wycieczka-do-lwowa-dla-nauczycieli\\\/#breadcrumb\",\"itemListElement\":[{\"@type\":\"ListItem\",\"position\":1,\"name\":\"Strona g\u0142\u00f3wna\",\"item\":\"https:\\\/\\\/zst.klodzko.pl\\\/zst\\\/\"},{\"@type\":\"ListItem\",\"position\":2,\"name\":\"Wycieczka do Lwowa dla nauczycieli\"}]},{\"@type\":\"WebSite\",\"@id\":\"https:\\\/\\\/zst.klodzko.pl\\\/zst\\\/#website\",\"url\":\"https:\\\/\\\/zst.klodzko.pl\\\/zst\\\/\",\"name\":\"Zesp\u00f3\u0142 Szk\u00f3\u0142 Technicznych w K\u0142odzku\",\"description\":\"Oficjalna strona ZST w K\u0142odzku (dawniej ZSP nr 1 w K\u0142odzku) - Budowlanka\",\"publisher\":{\"@id\":\"https:\\\/\\\/zst.klodzko.pl\\\/zst\\\/#organization\"},\"potentialAction\":[{\"@type\":\"SearchAction\",\"target\":{\"@type\":\"EntryPoint\",\"urlTemplate\":\"https:\\\/\\\/zst.klodzko.pl\\\/zst\\\/?s={search_term_string}\"},\"query-input\":{\"@type\":\"PropertyValueSpecification\",\"valueRequired\":true,\"valueName\":\"search_term_string\"}}],\"inLanguage\":\"pl-PL\"},{\"@type\":\"Organization\",\"@id\":\"https:\\\/\\\/zst.klodzko.pl\\\/zst\\\/#organization\",\"name\":\"Zesp\u00f3\u0142 Szk\u00f3\u0142 Technicznych w K\u0142odzku\",\"url\":\"https:\\\/\\\/zst.klodzko.pl\\\/zst\\\/\",\"logo\":{\"@type\":\"ImageObject\",\"inLanguage\":\"pl-PL\",\"@id\":\"https:\\\/\\\/zst.klodzko.pl\\\/zst\\\/#\\\/schema\\\/logo\\\/image\\\/\",\"url\":\"https:\\\/\\\/zst.klodzko.pl\\\/zst\\\/wp-content\\\/uploads\\\/2018\\\/05\\\/patron_bud.png\",\"contentUrl\":\"https:\\\/\\\/zst.klodzko.pl\\\/zst\\\/wp-content\\\/uploads\\\/2018\\\/05\\\/patron_bud.png\",\"width\":208,\"height\":205,\"caption\":\"Zesp\u00f3\u0142 Szk\u00f3\u0142 Technicznych w K\u0142odzku\"},\"image\":{\"@id\":\"https:\\\/\\\/zst.klodzko.pl\\\/zst\\\/#\\\/schema\\\/logo\\\/image\\\/\"},\"sameAs\":[\"https:\\\/\\\/www.facebook.com\\\/zst.klodzko\",\"https:\\\/\\\/x.com\\\/Budowlanka_ZST\",\"https:\\\/\\\/www.youtube.com\\\/channel\\\/UCueLhwUV3X9Ph8PMH7j4ugA\",\"https:\\\/\\\/pl.wikipedia.org\\\/wiki\\\/Zesp\u00f3\u0142_Szk\u00f3\u0142_Technicznych_w_K\u0142odzku\"]},{\"@type\":\"Person\",\"@id\":\"https:\\\/\\\/zst.klodzko.pl\\\/zst\\\/#\\\/schema\\\/person\\\/7ad3759462b88dca0c831372a7f5c825\",\"name\":\"Aktualno\u015bci \u201eBUDOWLANKI\u201d\"}]}<\/script>\n<!-- \/ Yoast SEO plugin. -->","yoast_head_json":{"title":"Wycieczka do Lwowa dla nauczycieli &#8212; Zesp\u00f3\u0142 Szk\u00f3\u0142 Technicznych w K\u0142odzku","robots":{"index":"index","follow":"follow","max-snippet":"max-snippet:-1","max-image-preview":"max-image-preview:large","max-video-preview":"max-video-preview:-1"},"canonical":"https:\/\/zst.klodzko.pl\/zst\/wycieczka-do-lwowa-dla-nauczycieli\/","og_locale":"pl_PL","og_type":"article","og_title":"Wycieczka do Lwowa dla nauczycieli &#8212; Zesp\u00f3\u0142 Szk\u00f3\u0142 Technicznych w K\u0142odzku","og_description":"W imieniu Dyrekcji ZSP nr 1 w K\u0142odzku, Zarz\u0105du Zwi\u0105zku Nauczycielstwa Polskiego, Zarz\u0105du Komisji \u201eSolidarno\u015b\u0107\u201d oraz biura Blicharski Travel, serdecznie zapraszamy na trzydniow\u0105 wycieczk\u0119 do Lwowa w dniach od 29 kwietnia (poniedzia\u0142ek) do 01 maja (\u015broda) 2019 r. &nbsp; W &hellip; Czytaj dalej &rarr;","og_url":"https:\/\/zst.klodzko.pl\/zst\/wycieczka-do-lwowa-dla-nauczycieli\/","og_site_name":"Zesp\u00f3\u0142 Szk\u00f3\u0142 Technicznych w K\u0142odzku","article_publisher":"https:\/\/www.facebook.com\/zst.klodzko","article_published_time":"2018-12-02T22:25:38+00:00","article_modified_time":"2018-12-06T21:27:34+00:00","og_image":[{"url":"https:\/\/zst.klodzko.pl\/zst\/wp-content\/uploads\/2018\/11\/Lw\u00f3w_a-150x150.jpg","type":"","width":"","height":""}],"author":"Aktualno\u015bci \u201eBUDOWLANKI\u201d","twitter_card":"summary_large_image","twitter_creator":"@Budowlanka_ZST","twitter_site":"@Budowlanka_ZST","twitter_misc":{"Napisane przez":"Aktualno\u015bci \u201eBUDOWLANKI\u201d","Szacowany czas czytania":"1 minuta"},"schema":{"@context":"https:\/\/schema.org","@graph":[{"@type":"Article","@id":"https:\/\/zst.klodzko.pl\/zst\/wycieczka-do-lwowa-dla-nauczycieli\/#article","isPartOf":{"@id":"https:\/\/zst.klodzko.pl\/zst\/wycieczka-do-lwowa-dla-nauczycieli\/"},"author":{"name":"Aktualno\u015bci \u201eBUDOWLANKI\u201d","@id":"https:\/\/zst.klodzko.pl\/zst\/#\/schema\/person\/7ad3759462b88dca0c831372a7f5c825"},"headline":"Wycieczka do Lwowa dla nauczycieli","datePublished":"2018-12-02T22:25:38+00:00","dateModified":"2018-12-06T21:27:34+00:00","mainEntityOfPage":{"@id":"https:\/\/zst.klodzko.pl\/zst\/wycieczka-do-lwowa-dla-nauczycieli\/"},"wordCount":169,"publisher":{"@id":"https:\/\/zst.klodzko.pl\/zst\/#organization"},"image":{"@id":"https:\/\/zst.klodzko.pl\/zst\/wycieczka-do-lwowa-dla-nauczycieli\/#primaryimage"},"thumbnailUrl":"http:\/\/zst.klodzko.pl\/zst\/wp-content\/uploads\/2018\/11\/Herb_Lwowa.svg_.png","articleSection":["Aktualno\u015bci"],"inLanguage":"pl-PL"},{"@type":"WebPage","@id":"https:\/\/zst.klodzko.pl\/zst\/wycieczka-do-lwowa-dla-nauczycieli\/","url":"https:\/\/zst.klodzko.pl\/zst\/wycieczka-do-lwowa-dla-nauczycieli\/","name":"Wycieczka do Lwowa dla nauczycieli &#8212; Zesp\u00f3\u0142 Szk\u00f3\u0142 Technicznych w K\u0142odzku","isPartOf":{"@id":"https:\/\/zst.klodzko.pl\/zst\/#website"},"primaryImageOfPage":{"@id":"https:\/\/zst.klodzko.pl\/zst\/wycieczka-do-lwowa-dla-nauczycieli\/#primaryimage"},"image":{"@id":"https:\/\/zst.klodzko.pl\/zst\/wycieczka-do-lwowa-dla-nauczycieli\/#primaryimage"},"thumbnailUrl":"http:\/\/zst.klodzko.pl\/zst\/wp-content\/uploads\/2018\/11\/Herb_Lwowa.svg_.png","datePublished":"2018-12-02T22:25:38+00:00","dateModified":"2018-12-06T21:27:34+00:00","breadcrumb":{"@id":"https:\/\/zst.klodzko.pl\/zst\/wycieczka-do-lwowa-dla-nauczycieli\/#breadcrumb"},"inLanguage":"pl-PL","potentialAction":[{"@type":"ReadAction","target":["https:\/\/zst.klodzko.pl\/zst\/wycieczka-do-lwowa-dla-nauczycieli\/"]}]},{"@type":"ImageObject","inLanguage":"pl-PL","@id":"https:\/\/zst.klodzko.pl\/zst\/wycieczka-do-lwowa-dla-nauczycieli\/#primaryimage","url":"https:\/\/zst.klodzko.pl\/zst\/wp-content\/uploads\/2018\/11\/Herb_Lwowa.svg_.png","contentUrl":"https:\/\/zst.klodzko.pl\/zst\/wp-content\/uploads\/2018\/11\/Herb_Lwowa.svg_.png","width":800,"height":1011},{"@type":"BreadcrumbList","@id":"https:\/\/zst.klodzko.pl\/zst\/wycieczka-do-lwowa-dla-nauczycieli\/#breadcrumb","itemListElement":[{"@type":"ListItem","position":1,"name":"Strona g\u0142\u00f3wna","item":"https:\/\/zst.klodzko.pl\/zst\/"},{"@type":"ListItem","position":2,"name":"Wycieczka do Lwowa dla nauczycieli"}]},{"@type":"WebSite","@id":"https:\/\/zst.klodzko.pl\/zst\/#website","url":"https:\/\/zst.klodzko.pl\/zst\/","name":"Zesp\u00f3\u0142 Szk\u00f3\u0142 Technicznych w K\u0142odzku","description":"Oficjalna strona ZST w K\u0142odzku (dawniej ZSP nr 1 w K\u0142odzku) - Budowlanka","publisher":{"@id":"https:\/\/zst.klodzko.pl\/zst\/#organization"},"potentialAction":[{"@type":"SearchAction","target":{"@type":"EntryPoint","urlTemplate":"https:\/\/zst.klodzko.pl\/zst\/?s={search_term_string}"},"query-input":{"@type":"PropertyValueSpecification","valueRequired":true,"valueName":"search_term_string"}}],"inLanguage":"pl-PL"},{"@type":"Organization","@id":"https:\/\/zst.klodzko.pl\/zst\/#organization","name":"Zesp\u00f3\u0142 Szk\u00f3\u0142 Technicznych w K\u0142odzku","url":"https:\/\/zst.klodzko.pl\/zst\/","logo":{"@type":"ImageObject","inLanguage":"pl-PL","@id":"https:\/\/zst.klodzko.pl\/zst\/#\/schema\/logo\/image\/","url":"https:\/\/zst.klodzko.pl\/zst\/wp-content\/uploads\/2018\/05\/patron_bud.png","contentUrl":"https:\/\/zst.klodzko.pl\/zst\/wp-content\/uploads\/2018\/05\/patron_bud.png","width":208,"height":205,"caption":"Zesp\u00f3\u0142 Szk\u00f3\u0142 Technicznych w K\u0142odzku"},"image":{"@id":"https:\/\/zst.klodzko.pl\/zst\/#\/schema\/logo\/image\/"},"sameAs":["https:\/\/www.facebook.com\/zst.klodzko","https:\/\/x.com\/Budowlanka_ZST","https:\/\/www.youtube.com\/channel\/UCueLhwUV3X9Ph8PMH7j4ugA","https:\/\/pl.wikipedia.org\/wiki\/Zesp\u00f3\u0142_Szk\u00f3\u0142_Technicznych_w_K\u0142odzku"]},{"@type":"Person","@id":"https:\/\/zst.klodzko.pl\/zst\/#\/schema\/person\/7ad3759462b88dca0c831372a7f5c825","name":"Aktualno\u015bci \u201eBUDOWLANKI\u201d"}]}},"_links":{"self":[{"href":"https:\/\/zst.klodzko.pl\/zst\/wp-json\/wp\/v2\/posts\/5888","targetHints":{"allow":["GET"]}}],"collection":[{"href":"https:\/\/zst.klodzko.pl\/zst\/wp-json\/wp\/v2\/posts"}],"about":[{"href":"https:\/\/zst.klodzko.pl\/zst\/wp-json\/wp\/v2\/types\/post"}],"author":[{"embeddable":true,"href":"https:\/\/zst.klodzko.pl\/zst\/wp-json\/wp\/v2\/users\/1"}],"replies":[{"embeddable":true,"href":"https:\/\/zst.klodzko.pl\/zst\/wp-json\/wp\/v2\/comments?post=5888"}],"version-history":[{"count":16,"href":"https:\/\/zst.klodzko.pl\/zst\/wp-json\/wp\/v2\/posts\/5888\/revisions"}],"predecessor-version":[{"id":5930,"href":"https:\/\/zst.klodzko.pl\/zst\/wp-json\/wp\/v2\/posts\/5888\/revisions\/5930"}],"wp:attachment":[{"href":"https:\/\/zst.klodzko.pl\/zst\/wp-json\/wp\/v2\/media?parent=5888"}],"wp:term":[{"taxonomy":"category","embeddable":true,"href":"https:\/\/zst.klodzko.pl\/zst\/wp-json\/wp\/v2\/categories?post=5888"},{"taxonomy":"post_tag","embeddable":true,"href":"https:\/\/zst.klodzko.pl\/zst\/wp-json\/wp\/v2\/tags?post=5888"}],"curies":[{"name":"wp","href":"https:\/\/api.w.org\/{rel}","templated":true}]}}