{"id":6511,"date":"2018-12-18T21:30:49","date_gmt":"2018-12-18T20:30:49","guid":{"rendered":"http:\/\/zst.klodzko.pl\/zst\/?p=6511"},"modified":"2018-12-18T21:32:37","modified_gmt":"2018-12-18T20:32:37","slug":"nasz-uczen-wicemistrzem-dolnego-slaska","status":"publish","type":"post","link":"https:\/\/zst.klodzko.pl\/zst\/nasz-uczen-wicemistrzem-dolnego-slaska\/","title":{"rendered":"Nasz ucze\u0144 wicemistrzem DOLNEGO \u015aL\u0104SKA"},"content":{"rendered":"<p style=\"text-align: left;\"><span style=\"color: #000000;\"><strong>Wojtek Gregorczyk<\/strong> z IIIc TL WICEMISTRZEM DOLNEGO \u015aL\u0104SKA junior\u00f3w w pi\u0142ce r\u0119cznej. GRATULACJE!!!<\/span><a class=\"mojeimg3\" href=\"http:\/\/www.skprswidnica.pl\/index.php?artykul=1839\" target=\"_blank\" rel=\"noopener\"><img fetchpriority=\"high\" decoding=\"async\" class=\"aligncenter wp-image-6512 size-full\" src=\"http:\/\/zst.klodzko.pl\/zst\/wp-content\/uploads\/2018\/12\/juniorzy_skpr_18.jpg\" alt=\"\" width=\"800\" height=\"600\" srcset=\"https:\/\/zst.klodzko.pl\/zst\/wp-content\/uploads\/2018\/12\/juniorzy_skpr_18.jpg 800w, https:\/\/zst.klodzko.pl\/zst\/wp-content\/uploads\/2018\/12\/juniorzy_skpr_18-300x225.jpg 300w, https:\/\/zst.klodzko.pl\/zst\/wp-content\/uploads\/2018\/12\/juniorzy_skpr_18-768x576.jpg 768w, https:\/\/zst.klodzko.pl\/zst\/wp-content\/uploads\/2018\/12\/juniorzy_skpr_18-400x300.jpg 400w\" sizes=\"(max-width: 800px) 100vw, 800px\" \/><\/a><\/p>\n<p style=\"text-align: right;\"><span style=\"color: #333333;\">Zdj\u0119cie:<\/span><span style=\"color: #666699;\">\u00a0<a href=\"http:\/\/www.skprswidnica.pl\/index.php?artykul=1839\" target=\"_blank\" rel=\"noopener\">http:\/\/www.skprswidnica.pl\/<\/a><\/span><\/p>\n","protected":false},"excerpt":{"rendered":"<p>Wojtek Gregorczyk z IIIc TL WICEMISTRZEM DOLNEGO \u015aL\u0104SKA junior\u00f3w w pi\u0142ce r\u0119cznej. GRATULACJE!!! Zdj\u0119cie:\u00a0http:\/\/www.skprswidnica.pl\/<\/p>\n","protected":false},"author":1,"featured_media":0,"comment_status":"closed","ping_status":"closed","sticky":false,"template":"","format":"standard","meta":{"footnotes":""},"categories":[1],"tags":[],"class_list":["post-6511","post","type-post","status-publish","format-standard","hentry","category-aktualnosci"],"yoast_head":"<!-- This site is optimized with the Yoast SEO plugin v27.4 - https:\/\/yoast.com\/product\/yoast-seo-wordpress\/ -->\n<title>Nasz ucze\u0144 wicemistrzem DOLNEGO \u015aL\u0104SKA &#8212; Zesp\u00f3\u0142 Szk\u00f3\u0142 Technicznych w K\u0142odzku<\/title>\n<meta name=\"robots\" content=\"index, follow, max-snippet:-1, max-image-preview:large, max-video-preview:-1\" \/>\n<link rel=\"canonical\" href=\"https:\/\/zst.klodzko.pl\/zst\/nasz-uczen-wicemistrzem-dolnego-slaska\/\" \/>\n<meta property=\"og:locale\" content=\"pl_PL\" \/>\n<meta property=\"og:type\" content=\"article\" \/>\n<meta property=\"og:title\" content=\"Nasz ucze\u0144 wicemistrzem DOLNEGO \u015aL\u0104SKA &#8212; Zesp\u00f3\u0142 Szk\u00f3\u0142 Technicznych w K\u0142odzku\" \/>\n<meta property=\"og:description\" content=\"Wojtek Gregorczyk z IIIc TL WICEMISTRZEM DOLNEGO \u015aL\u0104SKA junior\u00f3w w pi\u0142ce r\u0119cznej. GRATULACJE!!! Zdj\u0119cie:\u00a0http:\/\/www.skprswidnica.pl\/\" \/>\n<meta property=\"og:url\" content=\"https:\/\/zst.klodzko.pl\/zst\/nasz-uczen-wicemistrzem-dolnego-slaska\/\" \/>\n<meta property=\"og:site_name\" content=\"Zesp\u00f3\u0142 Szk\u00f3\u0142 Technicznych w K\u0142odzku\" \/>\n<meta property=\"article:publisher\" content=\"https:\/\/www.facebook.com\/zst.klodzko\" \/>\n<meta property=\"article:published_time\" content=\"2018-12-18T20:30:49+00:00\" \/>\n<meta property=\"article:modified_time\" content=\"2018-12-18T20:32:37+00:00\" \/>\n<meta property=\"og:image\" content=\"http:\/\/zst.klodzko.pl\/zst\/wp-content\/uploads\/2018\/12\/juniorzy_skpr_18.jpg\" \/>\n<meta name=\"author\" content=\"Aktualno\u015bci \u201eBUDOWLANKI\u201d\" \/>\n<meta name=\"twitter:card\" content=\"summary_large_image\" \/>\n<meta name=\"twitter:creator\" content=\"@Budowlanka_ZST\" \/>\n<meta name=\"twitter:site\" content=\"@Budowlanka_ZST\" \/>\n<meta name=\"twitter:label1\" content=\"Napisane przez\" \/>\n\t<meta name=\"twitter:data1\" content=\"Aktualno\u015bci \u201eBUDOWLANKI\u201d\" \/>\n<script type=\"application\/ld+json\" class=\"yoast-schema-graph\">{\"@context\":\"https:\\\/\\\/schema.org\",\"@graph\":[{\"@type\":\"Article\",\"@id\":\"https:\\\/\\\/zst.klodzko.pl\\\/zst\\\/nasz-uczen-wicemistrzem-dolnego-slaska\\\/#article\",\"isPartOf\":{\"@id\":\"https:\\\/\\\/zst.klodzko.pl\\\/zst\\\/nasz-uczen-wicemistrzem-dolnego-slaska\\\/\"},\"author\":{\"name\":\"Aktualno\u015bci \u201eBUDOWLANKI\u201d\",\"@id\":\"https:\\\/\\\/zst.klodzko.pl\\\/zst\\\/#\\\/schema\\\/person\\\/7ad3759462b88dca0c831372a7f5c825\"},\"headline\":\"Nasz ucze\u0144 wicemistrzem DOLNEGO \u015aL\u0104SKA\",\"datePublished\":\"2018-12-18T20:30:49+00:00\",\"dateModified\":\"2018-12-18T20:32:37+00:00\",\"mainEntityOfPage\":{\"@id\":\"https:\\\/\\\/zst.klodzko.pl\\\/zst\\\/nasz-uczen-wicemistrzem-dolnego-slaska\\\/\"},\"wordCount\":29,\"publisher\":{\"@id\":\"https:\\\/\\\/zst.klodzko.pl\\\/zst\\\/#organization\"},\"image\":{\"@id\":\"https:\\\/\\\/zst.klodzko.pl\\\/zst\\\/nasz-uczen-wicemistrzem-dolnego-slaska\\\/#primaryimage\"},\"thumbnailUrl\":\"http:\\\/\\\/zst.klodzko.pl\\\/zst\\\/wp-content\\\/uploads\\\/2018\\\/12\\\/juniorzy_skpr_18.jpg\",\"articleSection\":[\"Aktualno\u015bci\"],\"inLanguage\":\"pl-PL\"},{\"@type\":\"WebPage\",\"@id\":\"https:\\\/\\\/zst.klodzko.pl\\\/zst\\\/nasz-uczen-wicemistrzem-dolnego-slaska\\\/\",\"url\":\"https:\\\/\\\/zst.klodzko.pl\\\/zst\\\/nasz-uczen-wicemistrzem-dolnego-slaska\\\/\",\"name\":\"Nasz ucze\u0144 wicemistrzem DOLNEGO \u015aL\u0104SKA &#8212; Zesp\u00f3\u0142 Szk\u00f3\u0142 Technicznych w K\u0142odzku\",\"isPartOf\":{\"@id\":\"https:\\\/\\\/zst.klodzko.pl\\\/zst\\\/#website\"},\"primaryImageOfPage\":{\"@id\":\"https:\\\/\\\/zst.klodzko.pl\\\/zst\\\/nasz-uczen-wicemistrzem-dolnego-slaska\\\/#primaryimage\"},\"image\":{\"@id\":\"https:\\\/\\\/zst.klodzko.pl\\\/zst\\\/nasz-uczen-wicemistrzem-dolnego-slaska\\\/#primaryimage\"},\"thumbnailUrl\":\"http:\\\/\\\/zst.klodzko.pl\\\/zst\\\/wp-content\\\/uploads\\\/2018\\\/12\\\/juniorzy_skpr_18.jpg\",\"datePublished\":\"2018-12-18T20:30:49+00:00\",\"dateModified\":\"2018-12-18T20:32:37+00:00\",\"breadcrumb\":{\"@id\":\"https:\\\/\\\/zst.klodzko.pl\\\/zst\\\/nasz-uczen-wicemistrzem-dolnego-slaska\\\/#breadcrumb\"},\"inLanguage\":\"pl-PL\",\"potentialAction\":[{\"@type\":\"ReadAction\",\"target\":[\"https:\\\/\\\/zst.klodzko.pl\\\/zst\\\/nasz-uczen-wicemistrzem-dolnego-slaska\\\/\"]}]},{\"@type\":\"ImageObject\",\"inLanguage\":\"pl-PL\",\"@id\":\"https:\\\/\\\/zst.klodzko.pl\\\/zst\\\/nasz-uczen-wicemistrzem-dolnego-slaska\\\/#primaryimage\",\"url\":\"https:\\\/\\\/zst.klodzko.pl\\\/zst\\\/wp-content\\\/uploads\\\/2018\\\/12\\\/juniorzy_skpr_18.jpg\",\"contentUrl\":\"https:\\\/\\\/zst.klodzko.pl\\\/zst\\\/wp-content\\\/uploads\\\/2018\\\/12\\\/juniorzy_skpr_18.jpg\",\"width\":800,\"height\":600},{\"@type\":\"BreadcrumbList\",\"@id\":\"https:\\\/\\\/zst.klodzko.pl\\\/zst\\\/nasz-uczen-wicemistrzem-dolnego-slaska\\\/#breadcrumb\",\"itemListElement\":[{\"@type\":\"ListItem\",\"position\":1,\"name\":\"Strona g\u0142\u00f3wna\",\"item\":\"https:\\\/\\\/zst.klodzko.pl\\\/zst\\\/\"},{\"@type\":\"ListItem\",\"position\":2,\"name\":\"Nasz ucze\u0144 wicemistrzem DOLNEGO \u015aL\u0104SKA\"}]},{\"@type\":\"WebSite\",\"@id\":\"https:\\\/\\\/zst.klodzko.pl\\\/zst\\\/#website\",\"url\":\"https:\\\/\\\/zst.klodzko.pl\\\/zst\\\/\",\"name\":\"Zesp\u00f3\u0142 Szk\u00f3\u0142 Technicznych w K\u0142odzku\",\"description\":\"Oficjalna strona ZST w K\u0142odzku (dawniej ZSP nr 1 w K\u0142odzku) - Budowlanka\",\"publisher\":{\"@id\":\"https:\\\/\\\/zst.klodzko.pl\\\/zst\\\/#organization\"},\"potentialAction\":[{\"@type\":\"SearchAction\",\"target\":{\"@type\":\"EntryPoint\",\"urlTemplate\":\"https:\\\/\\\/zst.klodzko.pl\\\/zst\\\/?s={search_term_string}\"},\"query-input\":{\"@type\":\"PropertyValueSpecification\",\"valueRequired\":true,\"valueName\":\"search_term_string\"}}],\"inLanguage\":\"pl-PL\"},{\"@type\":\"Organization\",\"@id\":\"https:\\\/\\\/zst.klodzko.pl\\\/zst\\\/#organization\",\"name\":\"Zesp\u00f3\u0142 Szk\u00f3\u0142 Technicznych w K\u0142odzku\",\"url\":\"https:\\\/\\\/zst.klodzko.pl\\\/zst\\\/\",\"logo\":{\"@type\":\"ImageObject\",\"inLanguage\":\"pl-PL\",\"@id\":\"https:\\\/\\\/zst.klodzko.pl\\\/zst\\\/#\\\/schema\\\/logo\\\/image\\\/\",\"url\":\"https:\\\/\\\/zst.klodzko.pl\\\/zst\\\/wp-content\\\/uploads\\\/2018\\\/05\\\/patron_bud.png\",\"contentUrl\":\"https:\\\/\\\/zst.klodzko.pl\\\/zst\\\/wp-content\\\/uploads\\\/2018\\\/05\\\/patron_bud.png\",\"width\":208,\"height\":205,\"caption\":\"Zesp\u00f3\u0142 Szk\u00f3\u0142 Technicznych w K\u0142odzku\"},\"image\":{\"@id\":\"https:\\\/\\\/zst.klodzko.pl\\\/zst\\\/#\\\/schema\\\/logo\\\/image\\\/\"},\"sameAs\":[\"https:\\\/\\\/www.facebook.com\\\/zst.klodzko\",\"https:\\\/\\\/x.com\\\/Budowlanka_ZST\",\"https:\\\/\\\/www.youtube.com\\\/channel\\\/UCueLhwUV3X9Ph8PMH7j4ugA\",\"https:\\\/\\\/pl.wikipedia.org\\\/wiki\\\/Zesp\u00f3\u0142_Szk\u00f3\u0142_Technicznych_w_K\u0142odzku\"]},{\"@type\":\"Person\",\"@id\":\"https:\\\/\\\/zst.klodzko.pl\\\/zst\\\/#\\\/schema\\\/person\\\/7ad3759462b88dca0c831372a7f5c825\",\"name\":\"Aktualno\u015bci \u201eBUDOWLANKI\u201d\"}]}<\/script>\n<!-- \/ Yoast SEO plugin. -->","yoast_head_json":{"title":"Nasz ucze\u0144 wicemistrzem DOLNEGO \u015aL\u0104SKA &#8212; Zesp\u00f3\u0142 Szk\u00f3\u0142 Technicznych w K\u0142odzku","robots":{"index":"index","follow":"follow","max-snippet":"max-snippet:-1","max-image-preview":"max-image-preview:large","max-video-preview":"max-video-preview:-1"},"canonical":"https:\/\/zst.klodzko.pl\/zst\/nasz-uczen-wicemistrzem-dolnego-slaska\/","og_locale":"pl_PL","og_type":"article","og_title":"Nasz ucze\u0144 wicemistrzem DOLNEGO \u015aL\u0104SKA &#8212; Zesp\u00f3\u0142 Szk\u00f3\u0142 Technicznych w K\u0142odzku","og_description":"Wojtek Gregorczyk z IIIc TL WICEMISTRZEM DOLNEGO \u015aL\u0104SKA junior\u00f3w w pi\u0142ce r\u0119cznej. GRATULACJE!!! Zdj\u0119cie:\u00a0http:\/\/www.skprswidnica.pl\/","og_url":"https:\/\/zst.klodzko.pl\/zst\/nasz-uczen-wicemistrzem-dolnego-slaska\/","og_site_name":"Zesp\u00f3\u0142 Szk\u00f3\u0142 Technicznych w K\u0142odzku","article_publisher":"https:\/\/www.facebook.com\/zst.klodzko","article_published_time":"2018-12-18T20:30:49+00:00","article_modified_time":"2018-12-18T20:32:37+00:00","og_image":[{"url":"http:\/\/zst.klodzko.pl\/zst\/wp-content\/uploads\/2018\/12\/juniorzy_skpr_18.jpg","type":"","width":"","height":""}],"author":"Aktualno\u015bci \u201eBUDOWLANKI\u201d","twitter_card":"summary_large_image","twitter_creator":"@Budowlanka_ZST","twitter_site":"@Budowlanka_ZST","twitter_misc":{"Napisane przez":"Aktualno\u015bci \u201eBUDOWLANKI\u201d"},"schema":{"@context":"https:\/\/schema.org","@graph":[{"@type":"Article","@id":"https:\/\/zst.klodzko.pl\/zst\/nasz-uczen-wicemistrzem-dolnego-slaska\/#article","isPartOf":{"@id":"https:\/\/zst.klodzko.pl\/zst\/nasz-uczen-wicemistrzem-dolnego-slaska\/"},"author":{"name":"Aktualno\u015bci \u201eBUDOWLANKI\u201d","@id":"https:\/\/zst.klodzko.pl\/zst\/#\/schema\/person\/7ad3759462b88dca0c831372a7f5c825"},"headline":"Nasz ucze\u0144 wicemistrzem DOLNEGO \u015aL\u0104SKA","datePublished":"2018-12-18T20:30:49+00:00","dateModified":"2018-12-18T20:32:37+00:00","mainEntityOfPage":{"@id":"https:\/\/zst.klodzko.pl\/zst\/nasz-uczen-wicemistrzem-dolnego-slaska\/"},"wordCount":29,"publisher":{"@id":"https:\/\/zst.klodzko.pl\/zst\/#organization"},"image":{"@id":"https:\/\/zst.klodzko.pl\/zst\/nasz-uczen-wicemistrzem-dolnego-slaska\/#primaryimage"},"thumbnailUrl":"http:\/\/zst.klodzko.pl\/zst\/wp-content\/uploads\/2018\/12\/juniorzy_skpr_18.jpg","articleSection":["Aktualno\u015bci"],"inLanguage":"pl-PL"},{"@type":"WebPage","@id":"https:\/\/zst.klodzko.pl\/zst\/nasz-uczen-wicemistrzem-dolnego-slaska\/","url":"https:\/\/zst.klodzko.pl\/zst\/nasz-uczen-wicemistrzem-dolnego-slaska\/","name":"Nasz ucze\u0144 wicemistrzem DOLNEGO \u015aL\u0104SKA &#8212; Zesp\u00f3\u0142 Szk\u00f3\u0142 Technicznych w K\u0142odzku","isPartOf":{"@id":"https:\/\/zst.klodzko.pl\/zst\/#website"},"primaryImageOfPage":{"@id":"https:\/\/zst.klodzko.pl\/zst\/nasz-uczen-wicemistrzem-dolnego-slaska\/#primaryimage"},"image":{"@id":"https:\/\/zst.klodzko.pl\/zst\/nasz-uczen-wicemistrzem-dolnego-slaska\/#primaryimage"},"thumbnailUrl":"http:\/\/zst.klodzko.pl\/zst\/wp-content\/uploads\/2018\/12\/juniorzy_skpr_18.jpg","datePublished":"2018-12-18T20:30:49+00:00","dateModified":"2018-12-18T20:32:37+00:00","breadcrumb":{"@id":"https:\/\/zst.klodzko.pl\/zst\/nasz-uczen-wicemistrzem-dolnego-slaska\/#breadcrumb"},"inLanguage":"pl-PL","potentialAction":[{"@type":"ReadAction","target":["https:\/\/zst.klodzko.pl\/zst\/nasz-uczen-wicemistrzem-dolnego-slaska\/"]}]},{"@type":"ImageObject","inLanguage":"pl-PL","@id":"https:\/\/zst.klodzko.pl\/zst\/nasz-uczen-wicemistrzem-dolnego-slaska\/#primaryimage","url":"https:\/\/zst.klodzko.pl\/zst\/wp-content\/uploads\/2018\/12\/juniorzy_skpr_18.jpg","contentUrl":"https:\/\/zst.klodzko.pl\/zst\/wp-content\/uploads\/2018\/12\/juniorzy_skpr_18.jpg","width":800,"height":600},{"@type":"BreadcrumbList","@id":"https:\/\/zst.klodzko.pl\/zst\/nasz-uczen-wicemistrzem-dolnego-slaska\/#breadcrumb","itemListElement":[{"@type":"ListItem","position":1,"name":"Strona g\u0142\u00f3wna","item":"https:\/\/zst.klodzko.pl\/zst\/"},{"@type":"ListItem","position":2,"name":"Nasz ucze\u0144 wicemistrzem DOLNEGO \u015aL\u0104SKA"}]},{"@type":"WebSite","@id":"https:\/\/zst.klodzko.pl\/zst\/#website","url":"https:\/\/zst.klodzko.pl\/zst\/","name":"Zesp\u00f3\u0142 Szk\u00f3\u0142 Technicznych w K\u0142odzku","description":"Oficjalna strona ZST w K\u0142odzku (dawniej ZSP nr 1 w K\u0142odzku) - Budowlanka","publisher":{"@id":"https:\/\/zst.klodzko.pl\/zst\/#organization"},"potentialAction":[{"@type":"SearchAction","target":{"@type":"EntryPoint","urlTemplate":"https:\/\/zst.klodzko.pl\/zst\/?s={search_term_string}"},"query-input":{"@type":"PropertyValueSpecification","valueRequired":true,"valueName":"search_term_string"}}],"inLanguage":"pl-PL"},{"@type":"Organization","@id":"https:\/\/zst.klodzko.pl\/zst\/#organization","name":"Zesp\u00f3\u0142 Szk\u00f3\u0142 Technicznych w K\u0142odzku","url":"https:\/\/zst.klodzko.pl\/zst\/","logo":{"@type":"ImageObject","inLanguage":"pl-PL","@id":"https:\/\/zst.klodzko.pl\/zst\/#\/schema\/logo\/image\/","url":"https:\/\/zst.klodzko.pl\/zst\/wp-content\/uploads\/2018\/05\/patron_bud.png","contentUrl":"https:\/\/zst.klodzko.pl\/zst\/wp-content\/uploads\/2018\/05\/patron_bud.png","width":208,"height":205,"caption":"Zesp\u00f3\u0142 Szk\u00f3\u0142 Technicznych w K\u0142odzku"},"image":{"@id":"https:\/\/zst.klodzko.pl\/zst\/#\/schema\/logo\/image\/"},"sameAs":["https:\/\/www.facebook.com\/zst.klodzko","https:\/\/x.com\/Budowlanka_ZST","https:\/\/www.youtube.com\/channel\/UCueLhwUV3X9Ph8PMH7j4ugA","https:\/\/pl.wikipedia.org\/wiki\/Zesp\u00f3\u0142_Szk\u00f3\u0142_Technicznych_w_K\u0142odzku"]},{"@type":"Person","@id":"https:\/\/zst.klodzko.pl\/zst\/#\/schema\/person\/7ad3759462b88dca0c831372a7f5c825","name":"Aktualno\u015bci \u201eBUDOWLANKI\u201d"}]}},"_links":{"self":[{"href":"https:\/\/zst.klodzko.pl\/zst\/wp-json\/wp\/v2\/posts\/6511","targetHints":{"allow":["GET"]}}],"collection":[{"href":"https:\/\/zst.klodzko.pl\/zst\/wp-json\/wp\/v2\/posts"}],"about":[{"href":"https:\/\/zst.klodzko.pl\/zst\/wp-json\/wp\/v2\/types\/post"}],"author":[{"embeddable":true,"href":"https:\/\/zst.klodzko.pl\/zst\/wp-json\/wp\/v2\/users\/1"}],"replies":[{"embeddable":true,"href":"https:\/\/zst.klodzko.pl\/zst\/wp-json\/wp\/v2\/comments?post=6511"}],"version-history":[{"count":5,"href":"https:\/\/zst.klodzko.pl\/zst\/wp-json\/wp\/v2\/posts\/6511\/revisions"}],"predecessor-version":[{"id":6525,"href":"https:\/\/zst.klodzko.pl\/zst\/wp-json\/wp\/v2\/posts\/6511\/revisions\/6525"}],"wp:attachment":[{"href":"https:\/\/zst.klodzko.pl\/zst\/wp-json\/wp\/v2\/media?parent=6511"}],"wp:term":[{"taxonomy":"category","embeddable":true,"href":"https:\/\/zst.klodzko.pl\/zst\/wp-json\/wp\/v2\/categories?post=6511"},{"taxonomy":"post_tag","embeddable":true,"href":"https:\/\/zst.klodzko.pl\/zst\/wp-json\/wp\/v2\/tags?post=6511"}],"curies":[{"name":"wp","href":"https:\/\/api.w.org\/{rel}","templated":true}]}}