{"id":7328,"date":"2019-03-02T21:04:37","date_gmt":"2019-03-02T20:04:37","guid":{"rendered":"http:\/\/zst.klodzko.pl\/zst\/?p=7328"},"modified":"2019-03-02T21:07:40","modified_gmt":"2019-03-02T20:07:40","slug":"i-powiatowy-konkurs-historyczny-zolnierze-wykleci-zolnierze-niezlomni","status":"publish","type":"post","link":"https:\/\/zst.klodzko.pl\/zst\/i-powiatowy-konkurs-historyczny-zolnierze-wykleci-zolnierze-niezlomni\/","title":{"rendered":"I Powiatowy Konkurs Historyczny \u017bo\u0142nierze Wykl\u0119ci \u2013 \u017bo\u0142nierze Niez\u0142omni"},"content":{"rendered":"\n\t\t<style type=\"text\/css\">\n\t\t\t#gallery-1 {\n\t\t\t\tmargin: auto;\n\t\t\t}\n\t\t\t#gallery-1 .gallery-item {\n\t\t\t\tfloat: left;\n\t\t\t\tmargin-top: 10px;\n\t\t\t\ttext-align: center;\n\t\t\t\twidth: 25%;\n\t\t\t}\n\t\t\t#gallery-1 img {\n\t\t\t\tborder: 2px solid #cfcfcf;\n\t\t\t}\n\t\t\t#gallery-1 .gallery-caption {\n\t\t\t\tmargin-left: 0;\n\t\t\t}\n\t\t\t\/* see gallery_shortcode() in wp-includes\/media.php *\/\n\t\t<\/style>\n\t\t<div id='gallery-1' class='gallery galleryid-7328 gallery-columns-4 gallery-size-thumbnail'><dl class='gallery-item'>\n\t\t\t<dt class='gallery-icon landscape'>\n\t\t\t\t<a href='https:\/\/zst.klodzko.pl\/zst\/wp-content\/uploads\/2019\/03\/zw4.jpg'><img decoding=\"async\" width=\"150\" height=\"150\" src=\"https:\/\/zst.klodzko.pl\/zst\/wp-content\/uploads\/2019\/03\/zw4-150x150.jpg\" class=\"attachment-thumbnail size-thumbnail\" alt=\"\" \/><\/a>\n\t\t\t<\/dt><\/dl><dl class='gallery-item'>\n\t\t\t<dt class='gallery-icon landscape'>\n\t\t\t\t<a href='https:\/\/zst.klodzko.pl\/zst\/wp-content\/uploads\/2019\/03\/zw3.jpg'><img decoding=\"async\" width=\"150\" height=\"150\" src=\"https:\/\/zst.klodzko.pl\/zst\/wp-content\/uploads\/2019\/03\/zw3-150x150.jpg\" class=\"attachment-thumbnail size-thumbnail\" alt=\"\" \/><\/a>\n\t\t\t<\/dt><\/dl><dl class='gallery-item'>\n\t\t\t<dt class='gallery-icon landscape'>\n\t\t\t\t<a href='https:\/\/zst.klodzko.pl\/zst\/wp-content\/uploads\/2019\/03\/zw2.jpg'><img decoding=\"async\" width=\"150\" height=\"150\" src=\"https:\/\/zst.klodzko.pl\/zst\/wp-content\/uploads\/2019\/03\/zw2-150x150.jpg\" class=\"attachment-thumbnail size-thumbnail\" alt=\"\" \/><\/a>\n\t\t\t<\/dt><\/dl><dl class='gallery-item'>\n\t\t\t<dt class='gallery-icon landscape'>\n\t\t\t\t<a href='https:\/\/zst.klodzko.pl\/zst\/wp-content\/uploads\/2019\/03\/zw1.jpg'><img loading=\"lazy\" decoding=\"async\" width=\"150\" height=\"150\" src=\"https:\/\/zst.klodzko.pl\/zst\/wp-content\/uploads\/2019\/03\/zw1-150x150.jpg\" class=\"attachment-thumbnail size-thumbnail\" alt=\"\" \/><\/a>\n\t\t\t<\/dt><\/dl><br style=\"clear: both\" \/>\n\t\t<\/div>\n\n<p style=\"text-align: justify;\"><span style=\"color: #010d01;\">W Auli Zespo\u0142u Szk\u00f3\u0142 odby\u0142 si\u0119 <strong>I Powiatowy Konkurs Historyczny \u017bo\u0142nierze Wykl\u0119ci \u2013 \u017bo\u0142nierze Niez\u0142omni<\/strong> pod has\u0142em \u201e<strong>Nie jeste\u015bmy \u017cadn\u0105 band\u0105<\/strong>\u201d. Rozpocz\u0119cie konkursu poprzedzi\u0142o otwarcie, przez dyrektora szko\u0142y Paw\u0142a Popiela, kt\u00f3ry by\u0142 pomys\u0142odawc\u0105 konkursu i zwi\u0105zanych z nim uroczysto\u015bci, wystawy \u201eCzas niez\u0142omnych\u201d z przygotowanej przez Instytut Pami\u0119ci Narodowej.<\/span><\/p>\n<p style=\"text-align: justify;\"><!--more--><span style=\"color: #010d01;\">W czasie konkursu uczniowie reprezentuj\u0105cy 13 szk\u00f3\u0142 z terenu powiatu k\u0142odzkiego odpowiadali, za pomoc\u0105 pilot\u00f3w, na pytania testowe wy\u015bwietlane wy\u015bwietlane na ekranie. W pierwszym etapie odby\u0142y si\u0119 3 tury po 5 pyta\u0144. Po ka\u017cdej odpowiedzi na pytanie by\u0142y wy\u015bwietlane wyniki, a nauczyciele historii Norbert Ryznar i Rafa\u0142 Marek obja\u015bniali prawid\u0142owe odpowiedzi. Po tej cz\u0119\u015bci zosta\u0142o wy\u0142onionych 6 dru\u017cyn w dw\u00f3ch kategoriach \u2013 szko\u0142y podstawowe i gimnazja oraz szko\u0142y ponadgimnazjalne, kt\u00f3re zmierzy\u0142y si\u0119 z 7 pytaniami fina\u0142owymi. Ostatecznie kolejno\u015b\u0107 przedstawia si\u0119 nast\u0119puj\u0105co: pierwsze miejsce zaj\u0119\u0142a Samorz\u0105dowa Szko\u0142a Podstawowa w Mi\u0119dzylesiu, kt\u00f3r\u0105 reprezentowali Julia Ciesielska i Micha\u0142 Dudek pod opiek\u0105 nauczycielki Moniki Kulbaki, drugie miejsce w kategorii szk\u00f3\u0142 podstawowych i gimnazj\u00f3w zaj\u0119\u0142o Gimnazjum Publiczne im. gen. Stanis\u0142awa Maczka w L\u0105dku Zdroju reprezentowane przez Mi\u0142osza Krzonkal\u0119 i \u0141ukasza Kusia \u2013 nauczyciel Kazimierz Gabru\u015b, trzecie miejsce przypad\u0142o w udziale reprezentacji Szko\u0142y Podstawowej nr 6 im. Unii Europejskiej w K\u0142odzku w sk\u0142adzie: Ksawery Krzywiecki i Kajetan Zwierzy\u0144ski \u2013 nauczyciel Agnieszka Metych. W\u015br\u00f3d szk\u00f3\u0142 ponadgimnazjalnych zwyci\u0119\u017cyli uczniowie <strong>Zespo\u0142u Szk\u00f3\u0142 Ponadgimnazjalnych nr 1 w K\u0142odzku \u2013 Wiktoria Bie\u017cy\u0144ska i Kinga\u0141uka<\/strong> pod kierunkiem <strong>Izabeli Kapitan<\/strong>, drugie miejsce wywalczy\u0142a reprezentacja gospodarzy \u2013 I Liceum Og\u00f3lnokszta\u0142c\u0105ce z Bystrzycy K\u0142odzkiej \u2013 Dominika Malicka i Karol Kunicki, pod opiek\u0105 \u0141ukasza Puchalskiego, a trzecie miejsce dru\u017cyna Liceum Og\u00f3lnokszta\u0142c\u0105cego im. Boles\u0142awa Chrobrego z K\u0142odzka: Patryk Wolak i Krystian Niewiadomski.<\/span><br \/>\n<strong><span style=\"color: #010d01;\">Gratulujemy naszej dru\u017cynie sukcesu !!!!!<\/span><\/strong><\/p>\n","protected":false},"excerpt":{"rendered":"<p>W Auli Zespo\u0142u Szk\u00f3\u0142 odby\u0142 si\u0119 I Powiatowy Konkurs Historyczny \u017bo\u0142nierze Wykl\u0119ci \u2013 \u017bo\u0142nierze Niez\u0142omni pod has\u0142em \u201eNie jeste\u015bmy \u017cadn\u0105 band\u0105\u201d. Rozpocz\u0119cie konkursu poprzedzi\u0142o otwarcie, przez dyrektora szko\u0142y Paw\u0142a Popiela, kt\u00f3ry by\u0142 pomys\u0142odawc\u0105 konkursu i zwi\u0105zanych z nim uroczysto\u015bci, wystawy &hellip; <a href=\"https:\/\/zst.klodzko.pl\/zst\/i-powiatowy-konkurs-historyczny-zolnierze-wykleci-zolnierze-niezlomni\/\">Czytaj dalej <span class=\"meta-nav\">&rarr;<\/span><\/a><\/p>\n","protected":false},"author":1,"featured_media":0,"comment_status":"closed","ping_status":"closed","sticky":false,"template":"","format":"standard","meta":{"footnotes":""},"categories":[1],"tags":[],"class_list":["post-7328","post","type-post","status-publish","format-standard","hentry","category-aktualnosci"],"yoast_head":"<!-- This site is optimized with the Yoast SEO plugin v27.4 - https:\/\/yoast.com\/product\/yoast-seo-wordpress\/ -->\n<title>I Powiatowy Konkurs Historyczny \u017bo\u0142nierze Wykl\u0119ci \u2013 \u017bo\u0142nierze Niez\u0142omni &#8212; Zesp\u00f3\u0142 Szk\u00f3\u0142 Technicznych w K\u0142odzku<\/title>\n<meta name=\"robots\" content=\"index, follow, max-snippet:-1, max-image-preview:large, max-video-preview:-1\" \/>\n<link rel=\"canonical\" href=\"https:\/\/zst.klodzko.pl\/zst\/i-powiatowy-konkurs-historyczny-zolnierze-wykleci-zolnierze-niezlomni\/\" \/>\n<meta property=\"og:locale\" content=\"pl_PL\" \/>\n<meta property=\"og:type\" content=\"article\" \/>\n<meta property=\"og:title\" content=\"I Powiatowy Konkurs Historyczny \u017bo\u0142nierze Wykl\u0119ci \u2013 \u017bo\u0142nierze Niez\u0142omni &#8212; Zesp\u00f3\u0142 Szk\u00f3\u0142 Technicznych w K\u0142odzku\" \/>\n<meta property=\"og:description\" content=\"W Auli Zespo\u0142u Szk\u00f3\u0142 odby\u0142 si\u0119 I Powiatowy Konkurs Historyczny \u017bo\u0142nierze Wykl\u0119ci \u2013 \u017bo\u0142nierze Niez\u0142omni pod has\u0142em \u201eNie jeste\u015bmy \u017cadn\u0105 band\u0105\u201d. Rozpocz\u0119cie konkursu poprzedzi\u0142o otwarcie, przez dyrektora szko\u0142y Paw\u0142a Popiela, kt\u00f3ry by\u0142 pomys\u0142odawc\u0105 konkursu i zwi\u0105zanych z nim uroczysto\u015bci, wystawy &hellip; Czytaj dalej &rarr;\" \/>\n<meta property=\"og:url\" content=\"https:\/\/zst.klodzko.pl\/zst\/i-powiatowy-konkurs-historyczny-zolnierze-wykleci-zolnierze-niezlomni\/\" \/>\n<meta property=\"og:site_name\" content=\"Zesp\u00f3\u0142 Szk\u00f3\u0142 Technicznych w K\u0142odzku\" \/>\n<meta property=\"article:publisher\" content=\"https:\/\/www.facebook.com\/zst.klodzko\" \/>\n<meta property=\"article:published_time\" content=\"2019-03-02T20:04:37+00:00\" \/>\n<meta property=\"article:modified_time\" content=\"2019-03-02T20:07:40+00:00\" \/>\n<meta property=\"og:image\" content=\"https:\/\/zst.klodzko.pl\/zst\/wp-content\/uploads\/2019\/03\/zw4-150x150.jpg\" \/>\n<meta name=\"author\" content=\"Aktualno\u015bci \u201eBUDOWLANKI\u201d\" \/>\n<meta name=\"twitter:card\" content=\"summary_large_image\" \/>\n<meta name=\"twitter:creator\" content=\"@Budowlanka_ZST\" \/>\n<meta name=\"twitter:site\" content=\"@Budowlanka_ZST\" \/>\n<meta name=\"twitter:label1\" content=\"Napisane przez\" \/>\n\t<meta name=\"twitter:data1\" content=\"Aktualno\u015bci \u201eBUDOWLANKI\u201d\" \/>\n\t<meta name=\"twitter:label2\" content=\"Szacowany czas czytania\" \/>\n\t<meta name=\"twitter:data2\" content=\"2 minuty\" \/>\n<script type=\"application\/ld+json\" class=\"yoast-schema-graph\">{\"@context\":\"https:\\\/\\\/schema.org\",\"@graph\":[{\"@type\":\"Article\",\"@id\":\"https:\\\/\\\/zst.klodzko.pl\\\/zst\\\/i-powiatowy-konkurs-historyczny-zolnierze-wykleci-zolnierze-niezlomni\\\/#article\",\"isPartOf\":{\"@id\":\"https:\\\/\\\/zst.klodzko.pl\\\/zst\\\/i-powiatowy-konkurs-historyczny-zolnierze-wykleci-zolnierze-niezlomni\\\/\"},\"author\":{\"name\":\"Aktualno\u015bci \u201eBUDOWLANKI\u201d\",\"@id\":\"https:\\\/\\\/zst.klodzko.pl\\\/zst\\\/#\\\/schema\\\/person\\\/7ad3759462b88dca0c831372a7f5c825\"},\"headline\":\"I Powiatowy Konkurs Historyczny \u017bo\u0142nierze Wykl\u0119ci \u2013 \u017bo\u0142nierze Niez\u0142omni\",\"datePublished\":\"2019-03-02T20:04:37+00:00\",\"dateModified\":\"2019-03-02T20:07:40+00:00\",\"mainEntityOfPage\":{\"@id\":\"https:\\\/\\\/zst.klodzko.pl\\\/zst\\\/i-powiatowy-konkurs-historyczny-zolnierze-wykleci-zolnierze-niezlomni\\\/\"},\"wordCount\":345,\"publisher\":{\"@id\":\"https:\\\/\\\/zst.klodzko.pl\\\/zst\\\/#organization\"},\"articleSection\":[\"Aktualno\u015bci\"],\"inLanguage\":\"pl-PL\"},{\"@type\":\"WebPage\",\"@id\":\"https:\\\/\\\/zst.klodzko.pl\\\/zst\\\/i-powiatowy-konkurs-historyczny-zolnierze-wykleci-zolnierze-niezlomni\\\/\",\"url\":\"https:\\\/\\\/zst.klodzko.pl\\\/zst\\\/i-powiatowy-konkurs-historyczny-zolnierze-wykleci-zolnierze-niezlomni\\\/\",\"name\":\"I Powiatowy Konkurs Historyczny \u017bo\u0142nierze Wykl\u0119ci \u2013 \u017bo\u0142nierze Niez\u0142omni &#8212; Zesp\u00f3\u0142 Szk\u00f3\u0142 Technicznych w K\u0142odzku\",\"isPartOf\":{\"@id\":\"https:\\\/\\\/zst.klodzko.pl\\\/zst\\\/#website\"},\"datePublished\":\"2019-03-02T20:04:37+00:00\",\"dateModified\":\"2019-03-02T20:07:40+00:00\",\"breadcrumb\":{\"@id\":\"https:\\\/\\\/zst.klodzko.pl\\\/zst\\\/i-powiatowy-konkurs-historyczny-zolnierze-wykleci-zolnierze-niezlomni\\\/#breadcrumb\"},\"inLanguage\":\"pl-PL\",\"potentialAction\":[{\"@type\":\"ReadAction\",\"target\":[\"https:\\\/\\\/zst.klodzko.pl\\\/zst\\\/i-powiatowy-konkurs-historyczny-zolnierze-wykleci-zolnierze-niezlomni\\\/\"]}]},{\"@type\":\"BreadcrumbList\",\"@id\":\"https:\\\/\\\/zst.klodzko.pl\\\/zst\\\/i-powiatowy-konkurs-historyczny-zolnierze-wykleci-zolnierze-niezlomni\\\/#breadcrumb\",\"itemListElement\":[{\"@type\":\"ListItem\",\"position\":1,\"name\":\"Strona g\u0142\u00f3wna\",\"item\":\"https:\\\/\\\/zst.klodzko.pl\\\/zst\\\/\"},{\"@type\":\"ListItem\",\"position\":2,\"name\":\"I Powiatowy Konkurs Historyczny \u017bo\u0142nierze Wykl\u0119ci \u2013 \u017bo\u0142nierze Niez\u0142omni\"}]},{\"@type\":\"WebSite\",\"@id\":\"https:\\\/\\\/zst.klodzko.pl\\\/zst\\\/#website\",\"url\":\"https:\\\/\\\/zst.klodzko.pl\\\/zst\\\/\",\"name\":\"Zesp\u00f3\u0142 Szk\u00f3\u0142 Technicznych w K\u0142odzku\",\"description\":\"Oficjalna strona ZST w K\u0142odzku (dawniej ZSP nr 1 w K\u0142odzku) - Budowlanka\",\"publisher\":{\"@id\":\"https:\\\/\\\/zst.klodzko.pl\\\/zst\\\/#organization\"},\"potentialAction\":[{\"@type\":\"SearchAction\",\"target\":{\"@type\":\"EntryPoint\",\"urlTemplate\":\"https:\\\/\\\/zst.klodzko.pl\\\/zst\\\/?s={search_term_string}\"},\"query-input\":{\"@type\":\"PropertyValueSpecification\",\"valueRequired\":true,\"valueName\":\"search_term_string\"}}],\"inLanguage\":\"pl-PL\"},{\"@type\":\"Organization\",\"@id\":\"https:\\\/\\\/zst.klodzko.pl\\\/zst\\\/#organization\",\"name\":\"Zesp\u00f3\u0142 Szk\u00f3\u0142 Technicznych w K\u0142odzku\",\"url\":\"https:\\\/\\\/zst.klodzko.pl\\\/zst\\\/\",\"logo\":{\"@type\":\"ImageObject\",\"inLanguage\":\"pl-PL\",\"@id\":\"https:\\\/\\\/zst.klodzko.pl\\\/zst\\\/#\\\/schema\\\/logo\\\/image\\\/\",\"url\":\"https:\\\/\\\/zst.klodzko.pl\\\/zst\\\/wp-content\\\/uploads\\\/2018\\\/05\\\/patron_bud.png\",\"contentUrl\":\"https:\\\/\\\/zst.klodzko.pl\\\/zst\\\/wp-content\\\/uploads\\\/2018\\\/05\\\/patron_bud.png\",\"width\":208,\"height\":205,\"caption\":\"Zesp\u00f3\u0142 Szk\u00f3\u0142 Technicznych w K\u0142odzku\"},\"image\":{\"@id\":\"https:\\\/\\\/zst.klodzko.pl\\\/zst\\\/#\\\/schema\\\/logo\\\/image\\\/\"},\"sameAs\":[\"https:\\\/\\\/www.facebook.com\\\/zst.klodzko\",\"https:\\\/\\\/x.com\\\/Budowlanka_ZST\",\"https:\\\/\\\/www.youtube.com\\\/channel\\\/UCueLhwUV3X9Ph8PMH7j4ugA\",\"https:\\\/\\\/pl.wikipedia.org\\\/wiki\\\/Zesp\u00f3\u0142_Szk\u00f3\u0142_Technicznych_w_K\u0142odzku\"]},{\"@type\":\"Person\",\"@id\":\"https:\\\/\\\/zst.klodzko.pl\\\/zst\\\/#\\\/schema\\\/person\\\/7ad3759462b88dca0c831372a7f5c825\",\"name\":\"Aktualno\u015bci \u201eBUDOWLANKI\u201d\"}]}<\/script>\n<!-- \/ Yoast SEO plugin. -->","yoast_head_json":{"title":"I Powiatowy Konkurs Historyczny \u017bo\u0142nierze Wykl\u0119ci \u2013 \u017bo\u0142nierze Niez\u0142omni &#8212; Zesp\u00f3\u0142 Szk\u00f3\u0142 Technicznych w K\u0142odzku","robots":{"index":"index","follow":"follow","max-snippet":"max-snippet:-1","max-image-preview":"max-image-preview:large","max-video-preview":"max-video-preview:-1"},"canonical":"https:\/\/zst.klodzko.pl\/zst\/i-powiatowy-konkurs-historyczny-zolnierze-wykleci-zolnierze-niezlomni\/","og_locale":"pl_PL","og_type":"article","og_title":"I Powiatowy Konkurs Historyczny \u017bo\u0142nierze Wykl\u0119ci \u2013 \u017bo\u0142nierze Niez\u0142omni &#8212; Zesp\u00f3\u0142 Szk\u00f3\u0142 Technicznych w K\u0142odzku","og_description":"W Auli Zespo\u0142u Szk\u00f3\u0142 odby\u0142 si\u0119 I Powiatowy Konkurs Historyczny \u017bo\u0142nierze Wykl\u0119ci \u2013 \u017bo\u0142nierze Niez\u0142omni pod has\u0142em \u201eNie jeste\u015bmy \u017cadn\u0105 band\u0105\u201d. Rozpocz\u0119cie konkursu poprzedzi\u0142o otwarcie, przez dyrektora szko\u0142y Paw\u0142a Popiela, kt\u00f3ry by\u0142 pomys\u0142odawc\u0105 konkursu i zwi\u0105zanych z nim uroczysto\u015bci, wystawy &hellip; Czytaj dalej &rarr;","og_url":"https:\/\/zst.klodzko.pl\/zst\/i-powiatowy-konkurs-historyczny-zolnierze-wykleci-zolnierze-niezlomni\/","og_site_name":"Zesp\u00f3\u0142 Szk\u00f3\u0142 Technicznych w K\u0142odzku","article_publisher":"https:\/\/www.facebook.com\/zst.klodzko","article_published_time":"2019-03-02T20:04:37+00:00","article_modified_time":"2019-03-02T20:07:40+00:00","og_image":[{"url":"https:\/\/zst.klodzko.pl\/zst\/wp-content\/uploads\/2019\/03\/zw4-150x150.jpg","type":"","width":"","height":""}],"author":"Aktualno\u015bci \u201eBUDOWLANKI\u201d","twitter_card":"summary_large_image","twitter_creator":"@Budowlanka_ZST","twitter_site":"@Budowlanka_ZST","twitter_misc":{"Napisane przez":"Aktualno\u015bci \u201eBUDOWLANKI\u201d","Szacowany czas czytania":"2 minuty"},"schema":{"@context":"https:\/\/schema.org","@graph":[{"@type":"Article","@id":"https:\/\/zst.klodzko.pl\/zst\/i-powiatowy-konkurs-historyczny-zolnierze-wykleci-zolnierze-niezlomni\/#article","isPartOf":{"@id":"https:\/\/zst.klodzko.pl\/zst\/i-powiatowy-konkurs-historyczny-zolnierze-wykleci-zolnierze-niezlomni\/"},"author":{"name":"Aktualno\u015bci \u201eBUDOWLANKI\u201d","@id":"https:\/\/zst.klodzko.pl\/zst\/#\/schema\/person\/7ad3759462b88dca0c831372a7f5c825"},"headline":"I Powiatowy Konkurs Historyczny \u017bo\u0142nierze Wykl\u0119ci \u2013 \u017bo\u0142nierze Niez\u0142omni","datePublished":"2019-03-02T20:04:37+00:00","dateModified":"2019-03-02T20:07:40+00:00","mainEntityOfPage":{"@id":"https:\/\/zst.klodzko.pl\/zst\/i-powiatowy-konkurs-historyczny-zolnierze-wykleci-zolnierze-niezlomni\/"},"wordCount":345,"publisher":{"@id":"https:\/\/zst.klodzko.pl\/zst\/#organization"},"articleSection":["Aktualno\u015bci"],"inLanguage":"pl-PL"},{"@type":"WebPage","@id":"https:\/\/zst.klodzko.pl\/zst\/i-powiatowy-konkurs-historyczny-zolnierze-wykleci-zolnierze-niezlomni\/","url":"https:\/\/zst.klodzko.pl\/zst\/i-powiatowy-konkurs-historyczny-zolnierze-wykleci-zolnierze-niezlomni\/","name":"I Powiatowy Konkurs Historyczny \u017bo\u0142nierze Wykl\u0119ci \u2013 \u017bo\u0142nierze Niez\u0142omni &#8212; Zesp\u00f3\u0142 Szk\u00f3\u0142 Technicznych w K\u0142odzku","isPartOf":{"@id":"https:\/\/zst.klodzko.pl\/zst\/#website"},"datePublished":"2019-03-02T20:04:37+00:00","dateModified":"2019-03-02T20:07:40+00:00","breadcrumb":{"@id":"https:\/\/zst.klodzko.pl\/zst\/i-powiatowy-konkurs-historyczny-zolnierze-wykleci-zolnierze-niezlomni\/#breadcrumb"},"inLanguage":"pl-PL","potentialAction":[{"@type":"ReadAction","target":["https:\/\/zst.klodzko.pl\/zst\/i-powiatowy-konkurs-historyczny-zolnierze-wykleci-zolnierze-niezlomni\/"]}]},{"@type":"BreadcrumbList","@id":"https:\/\/zst.klodzko.pl\/zst\/i-powiatowy-konkurs-historyczny-zolnierze-wykleci-zolnierze-niezlomni\/#breadcrumb","itemListElement":[{"@type":"ListItem","position":1,"name":"Strona g\u0142\u00f3wna","item":"https:\/\/zst.klodzko.pl\/zst\/"},{"@type":"ListItem","position":2,"name":"I Powiatowy Konkurs Historyczny \u017bo\u0142nierze Wykl\u0119ci \u2013 \u017bo\u0142nierze Niez\u0142omni"}]},{"@type":"WebSite","@id":"https:\/\/zst.klodzko.pl\/zst\/#website","url":"https:\/\/zst.klodzko.pl\/zst\/","name":"Zesp\u00f3\u0142 Szk\u00f3\u0142 Technicznych w K\u0142odzku","description":"Oficjalna strona ZST w K\u0142odzku (dawniej ZSP nr 1 w K\u0142odzku) - Budowlanka","publisher":{"@id":"https:\/\/zst.klodzko.pl\/zst\/#organization"},"potentialAction":[{"@type":"SearchAction","target":{"@type":"EntryPoint","urlTemplate":"https:\/\/zst.klodzko.pl\/zst\/?s={search_term_string}"},"query-input":{"@type":"PropertyValueSpecification","valueRequired":true,"valueName":"search_term_string"}}],"inLanguage":"pl-PL"},{"@type":"Organization","@id":"https:\/\/zst.klodzko.pl\/zst\/#organization","name":"Zesp\u00f3\u0142 Szk\u00f3\u0142 Technicznych w K\u0142odzku","url":"https:\/\/zst.klodzko.pl\/zst\/","logo":{"@type":"ImageObject","inLanguage":"pl-PL","@id":"https:\/\/zst.klodzko.pl\/zst\/#\/schema\/logo\/image\/","url":"https:\/\/zst.klodzko.pl\/zst\/wp-content\/uploads\/2018\/05\/patron_bud.png","contentUrl":"https:\/\/zst.klodzko.pl\/zst\/wp-content\/uploads\/2018\/05\/patron_bud.png","width":208,"height":205,"caption":"Zesp\u00f3\u0142 Szk\u00f3\u0142 Technicznych w K\u0142odzku"},"image":{"@id":"https:\/\/zst.klodzko.pl\/zst\/#\/schema\/logo\/image\/"},"sameAs":["https:\/\/www.facebook.com\/zst.klodzko","https:\/\/x.com\/Budowlanka_ZST","https:\/\/www.youtube.com\/channel\/UCueLhwUV3X9Ph8PMH7j4ugA","https:\/\/pl.wikipedia.org\/wiki\/Zesp\u00f3\u0142_Szk\u00f3\u0142_Technicznych_w_K\u0142odzku"]},{"@type":"Person","@id":"https:\/\/zst.klodzko.pl\/zst\/#\/schema\/person\/7ad3759462b88dca0c831372a7f5c825","name":"Aktualno\u015bci \u201eBUDOWLANKI\u201d"}]}},"_links":{"self":[{"href":"https:\/\/zst.klodzko.pl\/zst\/wp-json\/wp\/v2\/posts\/7328","targetHints":{"allow":["GET"]}}],"collection":[{"href":"https:\/\/zst.klodzko.pl\/zst\/wp-json\/wp\/v2\/posts"}],"about":[{"href":"https:\/\/zst.klodzko.pl\/zst\/wp-json\/wp\/v2\/types\/post"}],"author":[{"embeddable":true,"href":"https:\/\/zst.klodzko.pl\/zst\/wp-json\/wp\/v2\/users\/1"}],"replies":[{"embeddable":true,"href":"https:\/\/zst.klodzko.pl\/zst\/wp-json\/wp\/v2\/comments?post=7328"}],"version-history":[{"count":4,"href":"https:\/\/zst.klodzko.pl\/zst\/wp-json\/wp\/v2\/posts\/7328\/revisions"}],"predecessor-version":[{"id":7336,"href":"https:\/\/zst.klodzko.pl\/zst\/wp-json\/wp\/v2\/posts\/7328\/revisions\/7336"}],"wp:attachment":[{"href":"https:\/\/zst.klodzko.pl\/zst\/wp-json\/wp\/v2\/media?parent=7328"}],"wp:term":[{"taxonomy":"category","embeddable":true,"href":"https:\/\/zst.klodzko.pl\/zst\/wp-json\/wp\/v2\/categories?post=7328"},{"taxonomy":"post_tag","embeddable":true,"href":"https:\/\/zst.klodzko.pl\/zst\/wp-json\/wp\/v2\/tags?post=7328"}],"curies":[{"name":"wp","href":"https:\/\/api.w.org\/{rel}","templated":true}]}}