{"id":7854,"date":"2019-04-08T13:57:51","date_gmt":"2019-04-08T11:57:51","guid":{"rendered":"http:\/\/zst.klodzko.pl\/zst\/?p=7854"},"modified":"2019-04-09T17:32:19","modified_gmt":"2019-04-09T15:32:19","slug":"final-vi-edycji-olimpiady-budowlanej-we-wroclawiu","status":"publish","type":"post","link":"https:\/\/zst.klodzko.pl\/zst\/final-vi-edycji-olimpiady-budowlanej-we-wroclawiu\/","title":{"rendered":"Nasz ucze\u0144 Wojciech Bandyk zaj\u0105\u0142 II miejsce w VII edycji Olimpiady Budowlanej we Wroc\u0142awiu"},"content":{"rendered":"<p style=\"text-align: justify;\"><span style=\"color: #02021f;\">Z przyjemno\u015bci\u0105 zawiadamiam, \u017ce ucze\u0144 klasy <strong>4A TB Wojciech Bandyk<\/strong> zaj\u0105\u0142 <strong>II miejsce<\/strong> w <strong>finale VII edycji Olimpiady Budowlanej<\/strong> organizowanej przez <strong>Mi\u0119dzynarodow\u0105 Wy\u017csz\u0105 Szko\u0142\u0119 Logistyki i Transportu we Wroc\u0142awiu<\/strong>.<\/span><br \/>\n<span style=\"color: #02021f;\">W olimpiadzie uczestniczy\u0142o 42 uczni\u00f3w ze szk\u00f3\u0142 budowlanych z terenu ca\u0142ej Polski, mi\u0119dzy innymi z Krakowa, Zielonej G\u00f3ry czy Rzeszowa.<\/span><br \/>\n<span style=\"color: #02021f;\">Na szczeg\u00f3lne wyr\u00f3\u017cnienie i s\u0142owa uznania zas\u0142uguje Wojciech Bandyk, kt\u00f3ry zaj\u0105\u0142 drugie miejsce. Miejsce to zosta\u0142o uhonorowane nagrodami rzeczowymi i mo\u017cliwo\u015bci\u0105 studiowania nieodp\u0142atnie w MWSLiT we Wroc\u0142awiu przez 2 semestry studi\u00f3w in\u017cynierskich na kierunku Budownictwo.<\/span><br \/>\n<span style=\"color: #02021f;\"><strong>Ucznia przygotowywa\u0142 i opiekowa\u0142 si\u0119 nimi podczas trwania olimpiady nauczyciel mgr. in\u017c. Jerzy Budzi\u0144ski, kt\u00f3ry r\u00f3wnie\u017c otrzyma\u0142 okoliczno\u015bciowy dyplom.<\/strong><\/span><\/p>\n<p style=\"text-align: justify;\"><span style=\"color: #02021f;\">Serdecznie gratuluj\u0119 sukcesu i dzi\u0119kuj\u0119 Wojciechowi za wysok\u0105 kultur\u0119 osobist\u0105 i godne reprezentowanie<strong> ZSP nr 1 w K\u0142odzku<\/strong>.<\/span><br \/>\n<span style=\"color: #02021f;\">\u017bycz\u0119 wielu sukces\u00f3w, wytrwa\u0142o\u015bci i pomy\u015blno\u015bci w d\u0105\u017ceniu do wyznaczonych cel\u00f3w.<\/span><\/p>\n<p style=\"text-align: right;\"><span style=\"color: #02021f;\"><strong><em>J. Budzi\u0144ski<\/em><\/strong><\/span><\/p>\n\n\t\t<style type=\"text\/css\">\n\t\t\t#gallery-1 {\n\t\t\t\tmargin: auto;\n\t\t\t}\n\t\t\t#gallery-1 .gallery-item {\n\t\t\t\tfloat: left;\n\t\t\t\tmargin-top: 10px;\n\t\t\t\ttext-align: center;\n\t\t\t\twidth: 33%;\n\t\t\t}\n\t\t\t#gallery-1 img {\n\t\t\t\tborder: 2px solid #cfcfcf;\n\t\t\t}\n\t\t\t#gallery-1 .gallery-caption {\n\t\t\t\tmargin-left: 0;\n\t\t\t}\n\t\t\t\/* see gallery_shortcode() in wp-includes\/media.php *\/\n\t\t<\/style>\n\t\t<div id='gallery-1' class='gallery galleryid-7854 gallery-columns-3 gallery-size-thumbnail'><dl class='gallery-item'>\n\t\t\t<dt class='gallery-icon landscape'>\n\t\t\t\t<a href='https:\/\/zst.klodzko.pl\/zst\/wp-content\/uploads\/2019\/04\/01.jpg'><img decoding=\"async\" width=\"150\" height=\"150\" src=\"https:\/\/zst.klodzko.pl\/zst\/wp-content\/uploads\/2019\/04\/01-150x150.jpg\" class=\"attachment-thumbnail size-thumbnail\" alt=\"\" \/><\/a>\n\t\t\t<\/dt><\/dl><dl class='gallery-item'>\n\t\t\t<dt class='gallery-icon landscape'>\n\t\t\t\t<a href='https:\/\/zst.klodzko.pl\/zst\/wp-content\/uploads\/2019\/04\/02.jpg'><img decoding=\"async\" width=\"150\" height=\"150\" src=\"https:\/\/zst.klodzko.pl\/zst\/wp-content\/uploads\/2019\/04\/02-150x150.jpg\" class=\"attachment-thumbnail size-thumbnail\" alt=\"\" \/><\/a>\n\t\t\t<\/dt><\/dl><dl class='gallery-item'>\n\t\t\t<dt class='gallery-icon landscape'>\n\t\t\t\t<a href='https:\/\/zst.klodzko.pl\/zst\/wp-content\/uploads\/2019\/04\/03.jpg'><img decoding=\"async\" width=\"150\" height=\"150\" src=\"https:\/\/zst.klodzko.pl\/zst\/wp-content\/uploads\/2019\/04\/03-150x150.jpg\" class=\"attachment-thumbnail size-thumbnail\" alt=\"\" \/><\/a>\n\t\t\t<\/dt><\/dl><br style=\"clear: both\" \/><dl class='gallery-item'>\n\t\t\t<dt class='gallery-icon landscape'>\n\t\t\t\t<a href='https:\/\/zst.klodzko.pl\/zst\/wp-content\/uploads\/2019\/04\/04.jpg'><img loading=\"lazy\" decoding=\"async\" width=\"150\" height=\"150\" src=\"https:\/\/zst.klodzko.pl\/zst\/wp-content\/uploads\/2019\/04\/04-150x150.jpg\" class=\"attachment-thumbnail size-thumbnail\" alt=\"\" \/><\/a>\n\t\t\t<\/dt><\/dl><dl class='gallery-item'>\n\t\t\t<dt class='gallery-icon landscape'>\n\t\t\t\t<a href='https:\/\/zst.klodzko.pl\/zst\/wp-content\/uploads\/2019\/04\/IMG_20190405_101758.jpg'><img loading=\"lazy\" decoding=\"async\" width=\"150\" height=\"150\" src=\"https:\/\/zst.klodzko.pl\/zst\/wp-content\/uploads\/2019\/04\/IMG_20190405_101758-150x150.jpg\" class=\"attachment-thumbnail size-thumbnail\" alt=\"\" \/><\/a>\n\t\t\t<\/dt><\/dl><dl class='gallery-item'>\n\t\t\t<dt class='gallery-icon portrait'>\n\t\t\t\t<a href='https:\/\/zst.klodzko.pl\/zst\/wp-content\/uploads\/2019\/04\/IMG_20190405_155904a.jpg'><img loading=\"lazy\" decoding=\"async\" width=\"150\" height=\"150\" src=\"https:\/\/zst.klodzko.pl\/zst\/wp-content\/uploads\/2019\/04\/IMG_20190405_155904a-150x150.jpg\" class=\"attachment-thumbnail size-thumbnail\" alt=\"\" \/><\/a>\n\t\t\t<\/dt><\/dl><br style=\"clear: both\" \/>\n\t\t<\/div>\n\n","protected":false},"excerpt":{"rendered":"<p>Z przyjemno\u015bci\u0105 zawiadamiam, \u017ce ucze\u0144 klasy 4A TB Wojciech Bandyk zaj\u0105\u0142 II miejsce w finale VII edycji Olimpiady Budowlanej organizowanej przez Mi\u0119dzynarodow\u0105 Wy\u017csz\u0105 Szko\u0142\u0119 Logistyki i Transportu we Wroc\u0142awiu. W olimpiadzie uczestniczy\u0142o 42 uczni\u00f3w ze szk\u00f3\u0142 budowlanych z terenu ca\u0142ej &hellip; <a href=\"https:\/\/zst.klodzko.pl\/zst\/final-vi-edycji-olimpiady-budowlanej-we-wroclawiu\/\">Czytaj dalej <span class=\"meta-nav\">&rarr;<\/span><\/a><\/p>\n","protected":false},"author":1,"featured_media":0,"comment_status":"closed","ping_status":"closed","sticky":false,"template":"","format":"standard","meta":{"footnotes":""},"categories":[1],"tags":[],"class_list":["post-7854","post","type-post","status-publish","format-standard","hentry","category-aktualnosci"],"yoast_head":"<!-- This site is optimized with the Yoast SEO plugin v27.4 - https:\/\/yoast.com\/product\/yoast-seo-wordpress\/ -->\n<title>Nasz ucze\u0144 Wojciech Bandyk zaj\u0105\u0142 II miejsce w VII edycji Olimpiady Budowlanej we Wroc\u0142awiu &#8212; Zesp\u00f3\u0142 Szk\u00f3\u0142 Technicznych w K\u0142odzku<\/title>\n<meta name=\"robots\" content=\"index, follow, max-snippet:-1, max-image-preview:large, max-video-preview:-1\" \/>\n<link rel=\"canonical\" href=\"https:\/\/zst.klodzko.pl\/zst\/final-vi-edycji-olimpiady-budowlanej-we-wroclawiu\/\" \/>\n<meta property=\"og:locale\" content=\"pl_PL\" \/>\n<meta property=\"og:type\" content=\"article\" \/>\n<meta property=\"og:title\" content=\"Nasz ucze\u0144 Wojciech Bandyk zaj\u0105\u0142 II miejsce w VII edycji Olimpiady Budowlanej we Wroc\u0142awiu &#8212; Zesp\u00f3\u0142 Szk\u00f3\u0142 Technicznych w K\u0142odzku\" \/>\n<meta property=\"og:description\" content=\"Z przyjemno\u015bci\u0105 zawiadamiam, \u017ce ucze\u0144 klasy 4A TB Wojciech Bandyk zaj\u0105\u0142 II miejsce w finale VII edycji Olimpiady Budowlanej organizowanej przez Mi\u0119dzynarodow\u0105 Wy\u017csz\u0105 Szko\u0142\u0119 Logistyki i Transportu we Wroc\u0142awiu. W olimpiadzie uczestniczy\u0142o 42 uczni\u00f3w ze szk\u00f3\u0142 budowlanych z terenu ca\u0142ej &hellip; Czytaj dalej &rarr;\" \/>\n<meta property=\"og:url\" content=\"https:\/\/zst.klodzko.pl\/zst\/final-vi-edycji-olimpiady-budowlanej-we-wroclawiu\/\" \/>\n<meta property=\"og:site_name\" content=\"Zesp\u00f3\u0142 Szk\u00f3\u0142 Technicznych w K\u0142odzku\" \/>\n<meta property=\"article:publisher\" content=\"https:\/\/www.facebook.com\/zst.klodzko\" \/>\n<meta property=\"article:published_time\" content=\"2019-04-08T11:57:51+00:00\" \/>\n<meta property=\"article:modified_time\" content=\"2019-04-09T15:32:19+00:00\" \/>\n<meta property=\"og:image\" content=\"https:\/\/zst.klodzko.pl\/zst\/wp-content\/uploads\/2019\/04\/01-150x150.jpg\" \/>\n<meta name=\"author\" content=\"Aktualno\u015bci \u201eBUDOWLANKI\u201d\" \/>\n<meta name=\"twitter:card\" content=\"summary_large_image\" \/>\n<meta name=\"twitter:creator\" content=\"@Budowlanka_ZST\" \/>\n<meta name=\"twitter:site\" content=\"@Budowlanka_ZST\" \/>\n<meta name=\"twitter:label1\" content=\"Napisane przez\" \/>\n\t<meta name=\"twitter:data1\" content=\"Aktualno\u015bci \u201eBUDOWLANKI\u201d\" \/>\n\t<meta name=\"twitter:label2\" content=\"Szacowany czas czytania\" \/>\n\t<meta name=\"twitter:data2\" content=\"1 minuta\" \/>\n<script type=\"application\/ld+json\" class=\"yoast-schema-graph\">{\"@context\":\"https:\\\/\\\/schema.org\",\"@graph\":[{\"@type\":\"Article\",\"@id\":\"https:\\\/\\\/zst.klodzko.pl\\\/zst\\\/final-vi-edycji-olimpiady-budowlanej-we-wroclawiu\\\/#article\",\"isPartOf\":{\"@id\":\"https:\\\/\\\/zst.klodzko.pl\\\/zst\\\/final-vi-edycji-olimpiady-budowlanej-we-wroclawiu\\\/\"},\"author\":{\"name\":\"Aktualno\u015bci \u201eBUDOWLANKI\u201d\",\"@id\":\"https:\\\/\\\/zst.klodzko.pl\\\/zst\\\/#\\\/schema\\\/person\\\/7ad3759462b88dca0c831372a7f5c825\"},\"headline\":\"Nasz ucze\u0144 Wojciech Bandyk zaj\u0105\u0142 II miejsce w VII edycji Olimpiady Budowlanej we Wroc\u0142awiu\",\"datePublished\":\"2019-04-08T11:57:51+00:00\",\"dateModified\":\"2019-04-09T15:32:19+00:00\",\"mainEntityOfPage\":{\"@id\":\"https:\\\/\\\/zst.klodzko.pl\\\/zst\\\/final-vi-edycji-olimpiady-budowlanej-we-wroclawiu\\\/\"},\"wordCount\":185,\"publisher\":{\"@id\":\"https:\\\/\\\/zst.klodzko.pl\\\/zst\\\/#organization\"},\"articleSection\":[\"Aktualno\u015bci\"],\"inLanguage\":\"pl-PL\"},{\"@type\":\"WebPage\",\"@id\":\"https:\\\/\\\/zst.klodzko.pl\\\/zst\\\/final-vi-edycji-olimpiady-budowlanej-we-wroclawiu\\\/\",\"url\":\"https:\\\/\\\/zst.klodzko.pl\\\/zst\\\/final-vi-edycji-olimpiady-budowlanej-we-wroclawiu\\\/\",\"name\":\"Nasz ucze\u0144 Wojciech Bandyk zaj\u0105\u0142 II miejsce w VII edycji Olimpiady Budowlanej we Wroc\u0142awiu &#8212; Zesp\u00f3\u0142 Szk\u00f3\u0142 Technicznych w K\u0142odzku\",\"isPartOf\":{\"@id\":\"https:\\\/\\\/zst.klodzko.pl\\\/zst\\\/#website\"},\"datePublished\":\"2019-04-08T11:57:51+00:00\",\"dateModified\":\"2019-04-09T15:32:19+00:00\",\"breadcrumb\":{\"@id\":\"https:\\\/\\\/zst.klodzko.pl\\\/zst\\\/final-vi-edycji-olimpiady-budowlanej-we-wroclawiu\\\/#breadcrumb\"},\"inLanguage\":\"pl-PL\",\"potentialAction\":[{\"@type\":\"ReadAction\",\"target\":[\"https:\\\/\\\/zst.klodzko.pl\\\/zst\\\/final-vi-edycji-olimpiady-budowlanej-we-wroclawiu\\\/\"]}]},{\"@type\":\"BreadcrumbList\",\"@id\":\"https:\\\/\\\/zst.klodzko.pl\\\/zst\\\/final-vi-edycji-olimpiady-budowlanej-we-wroclawiu\\\/#breadcrumb\",\"itemListElement\":[{\"@type\":\"ListItem\",\"position\":1,\"name\":\"Strona g\u0142\u00f3wna\",\"item\":\"https:\\\/\\\/zst.klodzko.pl\\\/zst\\\/\"},{\"@type\":\"ListItem\",\"position\":2,\"name\":\"Nasz ucze\u0144 Wojciech Bandyk zaj\u0105\u0142 II miejsce w VII edycji Olimpiady Budowlanej we Wroc\u0142awiu\"}]},{\"@type\":\"WebSite\",\"@id\":\"https:\\\/\\\/zst.klodzko.pl\\\/zst\\\/#website\",\"url\":\"https:\\\/\\\/zst.klodzko.pl\\\/zst\\\/\",\"name\":\"Zesp\u00f3\u0142 Szk\u00f3\u0142 Technicznych w K\u0142odzku\",\"description\":\"Oficjalna strona ZST w K\u0142odzku (dawniej ZSP nr 1 w K\u0142odzku) - Budowlanka\",\"publisher\":{\"@id\":\"https:\\\/\\\/zst.klodzko.pl\\\/zst\\\/#organization\"},\"potentialAction\":[{\"@type\":\"SearchAction\",\"target\":{\"@type\":\"EntryPoint\",\"urlTemplate\":\"https:\\\/\\\/zst.klodzko.pl\\\/zst\\\/?s={search_term_string}\"},\"query-input\":{\"@type\":\"PropertyValueSpecification\",\"valueRequired\":true,\"valueName\":\"search_term_string\"}}],\"inLanguage\":\"pl-PL\"},{\"@type\":\"Organization\",\"@id\":\"https:\\\/\\\/zst.klodzko.pl\\\/zst\\\/#organization\",\"name\":\"Zesp\u00f3\u0142 Szk\u00f3\u0142 Technicznych w K\u0142odzku\",\"url\":\"https:\\\/\\\/zst.klodzko.pl\\\/zst\\\/\",\"logo\":{\"@type\":\"ImageObject\",\"inLanguage\":\"pl-PL\",\"@id\":\"https:\\\/\\\/zst.klodzko.pl\\\/zst\\\/#\\\/schema\\\/logo\\\/image\\\/\",\"url\":\"https:\\\/\\\/zst.klodzko.pl\\\/zst\\\/wp-content\\\/uploads\\\/2018\\\/05\\\/patron_bud.png\",\"contentUrl\":\"https:\\\/\\\/zst.klodzko.pl\\\/zst\\\/wp-content\\\/uploads\\\/2018\\\/05\\\/patron_bud.png\",\"width\":208,\"height\":205,\"caption\":\"Zesp\u00f3\u0142 Szk\u00f3\u0142 Technicznych w K\u0142odzku\"},\"image\":{\"@id\":\"https:\\\/\\\/zst.klodzko.pl\\\/zst\\\/#\\\/schema\\\/logo\\\/image\\\/\"},\"sameAs\":[\"https:\\\/\\\/www.facebook.com\\\/zst.klodzko\",\"https:\\\/\\\/x.com\\\/Budowlanka_ZST\",\"https:\\\/\\\/www.youtube.com\\\/channel\\\/UCueLhwUV3X9Ph8PMH7j4ugA\",\"https:\\\/\\\/pl.wikipedia.org\\\/wiki\\\/Zesp\u00f3\u0142_Szk\u00f3\u0142_Technicznych_w_K\u0142odzku\"]},{\"@type\":\"Person\",\"@id\":\"https:\\\/\\\/zst.klodzko.pl\\\/zst\\\/#\\\/schema\\\/person\\\/7ad3759462b88dca0c831372a7f5c825\",\"name\":\"Aktualno\u015bci \u201eBUDOWLANKI\u201d\"}]}<\/script>\n<!-- \/ Yoast SEO plugin. -->","yoast_head_json":{"title":"Nasz ucze\u0144 Wojciech Bandyk zaj\u0105\u0142 II miejsce w VII edycji Olimpiady Budowlanej we Wroc\u0142awiu &#8212; Zesp\u00f3\u0142 Szk\u00f3\u0142 Technicznych w K\u0142odzku","robots":{"index":"index","follow":"follow","max-snippet":"max-snippet:-1","max-image-preview":"max-image-preview:large","max-video-preview":"max-video-preview:-1"},"canonical":"https:\/\/zst.klodzko.pl\/zst\/final-vi-edycji-olimpiady-budowlanej-we-wroclawiu\/","og_locale":"pl_PL","og_type":"article","og_title":"Nasz ucze\u0144 Wojciech Bandyk zaj\u0105\u0142 II miejsce w VII edycji Olimpiady Budowlanej we Wroc\u0142awiu &#8212; Zesp\u00f3\u0142 Szk\u00f3\u0142 Technicznych w K\u0142odzku","og_description":"Z przyjemno\u015bci\u0105 zawiadamiam, \u017ce ucze\u0144 klasy 4A TB Wojciech Bandyk zaj\u0105\u0142 II miejsce w finale VII edycji Olimpiady Budowlanej organizowanej przez Mi\u0119dzynarodow\u0105 Wy\u017csz\u0105 Szko\u0142\u0119 Logistyki i Transportu we Wroc\u0142awiu. W olimpiadzie uczestniczy\u0142o 42 uczni\u00f3w ze szk\u00f3\u0142 budowlanych z terenu ca\u0142ej &hellip; Czytaj dalej &rarr;","og_url":"https:\/\/zst.klodzko.pl\/zst\/final-vi-edycji-olimpiady-budowlanej-we-wroclawiu\/","og_site_name":"Zesp\u00f3\u0142 Szk\u00f3\u0142 Technicznych w K\u0142odzku","article_publisher":"https:\/\/www.facebook.com\/zst.klodzko","article_published_time":"2019-04-08T11:57:51+00:00","article_modified_time":"2019-04-09T15:32:19+00:00","og_image":[{"url":"https:\/\/zst.klodzko.pl\/zst\/wp-content\/uploads\/2019\/04\/01-150x150.jpg","type":"","width":"","height":""}],"author":"Aktualno\u015bci \u201eBUDOWLANKI\u201d","twitter_card":"summary_large_image","twitter_creator":"@Budowlanka_ZST","twitter_site":"@Budowlanka_ZST","twitter_misc":{"Napisane przez":"Aktualno\u015bci \u201eBUDOWLANKI\u201d","Szacowany czas czytania":"1 minuta"},"schema":{"@context":"https:\/\/schema.org","@graph":[{"@type":"Article","@id":"https:\/\/zst.klodzko.pl\/zst\/final-vi-edycji-olimpiady-budowlanej-we-wroclawiu\/#article","isPartOf":{"@id":"https:\/\/zst.klodzko.pl\/zst\/final-vi-edycji-olimpiady-budowlanej-we-wroclawiu\/"},"author":{"name":"Aktualno\u015bci \u201eBUDOWLANKI\u201d","@id":"https:\/\/zst.klodzko.pl\/zst\/#\/schema\/person\/7ad3759462b88dca0c831372a7f5c825"},"headline":"Nasz ucze\u0144 Wojciech Bandyk zaj\u0105\u0142 II miejsce w VII edycji Olimpiady Budowlanej we Wroc\u0142awiu","datePublished":"2019-04-08T11:57:51+00:00","dateModified":"2019-04-09T15:32:19+00:00","mainEntityOfPage":{"@id":"https:\/\/zst.klodzko.pl\/zst\/final-vi-edycji-olimpiady-budowlanej-we-wroclawiu\/"},"wordCount":185,"publisher":{"@id":"https:\/\/zst.klodzko.pl\/zst\/#organization"},"articleSection":["Aktualno\u015bci"],"inLanguage":"pl-PL"},{"@type":"WebPage","@id":"https:\/\/zst.klodzko.pl\/zst\/final-vi-edycji-olimpiady-budowlanej-we-wroclawiu\/","url":"https:\/\/zst.klodzko.pl\/zst\/final-vi-edycji-olimpiady-budowlanej-we-wroclawiu\/","name":"Nasz ucze\u0144 Wojciech Bandyk zaj\u0105\u0142 II miejsce w VII edycji Olimpiady Budowlanej we Wroc\u0142awiu &#8212; Zesp\u00f3\u0142 Szk\u00f3\u0142 Technicznych w K\u0142odzku","isPartOf":{"@id":"https:\/\/zst.klodzko.pl\/zst\/#website"},"datePublished":"2019-04-08T11:57:51+00:00","dateModified":"2019-04-09T15:32:19+00:00","breadcrumb":{"@id":"https:\/\/zst.klodzko.pl\/zst\/final-vi-edycji-olimpiady-budowlanej-we-wroclawiu\/#breadcrumb"},"inLanguage":"pl-PL","potentialAction":[{"@type":"ReadAction","target":["https:\/\/zst.klodzko.pl\/zst\/final-vi-edycji-olimpiady-budowlanej-we-wroclawiu\/"]}]},{"@type":"BreadcrumbList","@id":"https:\/\/zst.klodzko.pl\/zst\/final-vi-edycji-olimpiady-budowlanej-we-wroclawiu\/#breadcrumb","itemListElement":[{"@type":"ListItem","position":1,"name":"Strona g\u0142\u00f3wna","item":"https:\/\/zst.klodzko.pl\/zst\/"},{"@type":"ListItem","position":2,"name":"Nasz ucze\u0144 Wojciech Bandyk zaj\u0105\u0142 II miejsce w VII edycji Olimpiady Budowlanej we Wroc\u0142awiu"}]},{"@type":"WebSite","@id":"https:\/\/zst.klodzko.pl\/zst\/#website","url":"https:\/\/zst.klodzko.pl\/zst\/","name":"Zesp\u00f3\u0142 Szk\u00f3\u0142 Technicznych w K\u0142odzku","description":"Oficjalna strona ZST w K\u0142odzku (dawniej ZSP nr 1 w K\u0142odzku) - Budowlanka","publisher":{"@id":"https:\/\/zst.klodzko.pl\/zst\/#organization"},"potentialAction":[{"@type":"SearchAction","target":{"@type":"EntryPoint","urlTemplate":"https:\/\/zst.klodzko.pl\/zst\/?s={search_term_string}"},"query-input":{"@type":"PropertyValueSpecification","valueRequired":true,"valueName":"search_term_string"}}],"inLanguage":"pl-PL"},{"@type":"Organization","@id":"https:\/\/zst.klodzko.pl\/zst\/#organization","name":"Zesp\u00f3\u0142 Szk\u00f3\u0142 Technicznych w K\u0142odzku","url":"https:\/\/zst.klodzko.pl\/zst\/","logo":{"@type":"ImageObject","inLanguage":"pl-PL","@id":"https:\/\/zst.klodzko.pl\/zst\/#\/schema\/logo\/image\/","url":"https:\/\/zst.klodzko.pl\/zst\/wp-content\/uploads\/2018\/05\/patron_bud.png","contentUrl":"https:\/\/zst.klodzko.pl\/zst\/wp-content\/uploads\/2018\/05\/patron_bud.png","width":208,"height":205,"caption":"Zesp\u00f3\u0142 Szk\u00f3\u0142 Technicznych w K\u0142odzku"},"image":{"@id":"https:\/\/zst.klodzko.pl\/zst\/#\/schema\/logo\/image\/"},"sameAs":["https:\/\/www.facebook.com\/zst.klodzko","https:\/\/x.com\/Budowlanka_ZST","https:\/\/www.youtube.com\/channel\/UCueLhwUV3X9Ph8PMH7j4ugA","https:\/\/pl.wikipedia.org\/wiki\/Zesp\u00f3\u0142_Szk\u00f3\u0142_Technicznych_w_K\u0142odzku"]},{"@type":"Person","@id":"https:\/\/zst.klodzko.pl\/zst\/#\/schema\/person\/7ad3759462b88dca0c831372a7f5c825","name":"Aktualno\u015bci \u201eBUDOWLANKI\u201d"}]}},"_links":{"self":[{"href":"https:\/\/zst.klodzko.pl\/zst\/wp-json\/wp\/v2\/posts\/7854","targetHints":{"allow":["GET"]}}],"collection":[{"href":"https:\/\/zst.klodzko.pl\/zst\/wp-json\/wp\/v2\/posts"}],"about":[{"href":"https:\/\/zst.klodzko.pl\/zst\/wp-json\/wp\/v2\/types\/post"}],"author":[{"embeddable":true,"href":"https:\/\/zst.klodzko.pl\/zst\/wp-json\/wp\/v2\/users\/1"}],"replies":[{"embeddable":true,"href":"https:\/\/zst.klodzko.pl\/zst\/wp-json\/wp\/v2\/comments?post=7854"}],"version-history":[{"count":17,"href":"https:\/\/zst.klodzko.pl\/zst\/wp-json\/wp\/v2\/posts\/7854\/revisions"}],"predecessor-version":[{"id":7887,"href":"https:\/\/zst.klodzko.pl\/zst\/wp-json\/wp\/v2\/posts\/7854\/revisions\/7887"}],"wp:attachment":[{"href":"https:\/\/zst.klodzko.pl\/zst\/wp-json\/wp\/v2\/media?parent=7854"}],"wp:term":[{"taxonomy":"category","embeddable":true,"href":"https:\/\/zst.klodzko.pl\/zst\/wp-json\/wp\/v2\/categories?post=7854"},{"taxonomy":"post_tag","embeddable":true,"href":"https:\/\/zst.klodzko.pl\/zst\/wp-json\/wp\/v2\/tags?post=7854"}],"curies":[{"name":"wp","href":"https:\/\/api.w.org\/{rel}","templated":true}]}}