{"id":7929,"date":"2019-04-16T16:03:58","date_gmt":"2019-04-16T14:03:58","guid":{"rendered":"http:\/\/zst.klodzko.pl\/zst\/?p=7929"},"modified":"2019-04-16T16:17:03","modified_gmt":"2019-04-16T14:17:03","slug":"nabor-elektroniczny-2019-2020","status":"publish","type":"post","link":"https:\/\/zst.klodzko.pl\/zst\/nabor-elektroniczny-2019-2020\/","title":{"rendered":"Nab\u00f3r elektroniczny 2019\/2020"},"content":{"rendered":"<p style=\"text-align: justify;\"><a class=\"mojeimg2\" href=\"https:\/\/www.facebook.com\/1144335508955757\/photos\/a.1157482350974406\/2196357560420208\/?type=3\" target=\"_blank\" rel=\"noopener noreferrer\"><img fetchpriority=\"high\" decoding=\"async\" class=\"aligncenter wp-image-7930 size-full\" src=\"http:\/\/zst.klodzko.pl\/zst\/wp-content\/uploads\/2019\/04\/nbel.jpg\" alt=\"\" width=\"960\" height=\"561\" srcset=\"https:\/\/zst.klodzko.pl\/zst\/wp-content\/uploads\/2019\/04\/nbel.jpg 960w, https:\/\/zst.klodzko.pl\/zst\/wp-content\/uploads\/2019\/04\/nbel-300x175.jpg 300w, https:\/\/zst.klodzko.pl\/zst\/wp-content\/uploads\/2019\/04\/nbel-768x449.jpg 768w, https:\/\/zst.klodzko.pl\/zst\/wp-content\/uploads\/2019\/04\/nbel-500x292.jpg 500w\" sizes=\"(max-width: 960px) 100vw, 960px\" \/><\/a>Nab\u00f3r elektroniczny na rok szkolny 2019\/2020 prowadzony jest w systemie vEdukacja Nab\u00f3r, odr\u0119bnie dla uczni\u00f3w szk\u00f3\u0142 podstawowych oraz uczni\u00f3w dotychczasowych gimnazj\u00f3w. Przed wype\u0142nieniem wniosku nale\u017cy zapozna\u0107 si\u0119 ze szczeg\u00f3\u0142ow\u0105 ofert\u0105 szk\u00f3\u0142 w powiecie k\u0142odzkim, przedstawion\u0105 w programie \u201eNab\u00f3r\u201d oraz na stronie internetowej ka\u017cdej ze szk\u00f3\u0142. Ka\u017cdy kandydat po zarejestrowaniu na stronie internetowej:<\/p>\n<p><a href=\"https:\/\/l.facebook.com\/l.php?u=https%3A%2F%2Fdolnoslaskie.edu.com.pl%2F&amp;h=AT11oulm8QSd2N-dZsIqVc5YRl5O4bBjMV8R82qCjsqnjUM4w54SJvdmmjo6AGHdbCnirIFL75wgDT_YwARQ5SGxjRIHTlvRr-GQ7LLzXt_xc-TmGOxzjN6LnXEGj4UB5te4ISBLLEvZoZtB7SW9CSXydCVOvuXHjyRdj66u8W4MJiVEZx9y9f5gBBZ5ZmlMYq2wsGKWnj1W1YiWRwf9YHYP19R51Jvd9pIEc2pTN1YS--R3JwlMGhPsqqPiUF8KYCzWkrzTnJ43QNO1Y9Eau71yx9_L0NF66SWYMfiKzDM8V9ofZ8kGTZL4oq9u7e7lprV7FdA85An-QYfxPqpPm5XqYRPiyqHjYgf2LPzoV3dErMPuPTgXg2533i3BdYQ13uBNMSRWt6CD-HBjyMCdOChJZwpYr46hTLTKLT12lO7zI366-DrWst6NWvLmffiPzFJNWI4edQm03TI1ZXWwh0AHR6LuRJRGOu0XPK2RwfSOFO9Oro8ySzDfBh1DearZH8eUhU7Sp7gepAq_eS79inTs3HapPiyl0eZG6QTad6F-zxpZ9FPYtAry0vtOIYkemDwAwl2Pw8CP57jKblSbQxNcoLlTkx0P9Y2iCT2L6S2ICiEHtRrQ5AzkKLjWdqn5Y1wOSTsTjcfKSbCup3ZzZKc\" target=\"_blank\" rel=\"noopener nofollow noreferrer\" data-ft=\"{&quot;tn&quot;:&quot;-U&quot;}\" data-lynx-mode=\"async\">https:\/\/dolnoslaskie.edu.com.pl\/ <\/a>otrzyma sw\u00f3j identyfikator i\u00a0has\u0142o.<\/p>\n<p><!--more--><\/p>\n<p style=\"text-align: justify;\">Uczniowie szk\u00f3\u0142 podstawowych wybieraj\u0105 logowanie w kolorze niebieskim, natomiast uczniowie gimnazjum wybieraj\u0105 logowanie w kolorze zielonym. Bezpo\u015brednio po zalogowaniu kandydat dokonuje wyboru <strong>trzech<\/strong> szk\u00f3\u0142 Powiatu \u00a0(przez szko\u0142\u0119 nale\u017cy rozumie\u0107 nie Zesp\u00f3\u0142 Szk\u00f3\u0142, ale konkretn\u0105 szko\u0142\u0119 np. Liceum Og\u00f3lnokszta\u0142c\u0105ce w\u00a0Zespole Szk\u00f3\u0142 \u2026.). W\u00a0obr\u0119bie tych trzech szk\u00f3\u0142 ucze\u0144 mo\u017ce wybra\u0107 <strong>dowoln\u0105<\/strong> liczb\u0119 oddzia\u0142\u00f3w. Przy ustalaniu preferencji nale\u017cy pami\u0119ta\u0107 o\u00a0kolejno\u015bci wybor\u00f3w &#8211; od klasy, na kt\u00f3rej najbardziej kandydatowi zale\u017cy, do klasy, na kt\u00f3rej zale\u017cy mu najmniej, gdy\u017c system pozycjonuje punkty do poszczeg\u00f3lnych oddzia\u0142\u00f3w. Kandydat, kt\u00f3remu wyniki pozwala\u0142yby zosta\u0107 przyj\u0119tym do kilku klas, zostanie umieszczony w\u00a0tej z\u00a0nich, kt\u00f3ra znajduje si\u0119 najwy\u017cej na jego li\u015bcie preferencji.<\/p>\n<p style=\"text-align: justify;\">Po wype\u0142nieniu wniosku w systemie kandydat drukuje ten wniosek i podpisany przez rodzica sk\u0142ada w szkole pierwszego wyboru. Wniosek wype\u0142niony tylko elektronicznie, a nie z\u0142o\u017cony w szkole, nie bierze udzia\u0142u w rekrutacji. Natomiast od 21 do 25 czerwca do szko\u0142y pierwszego wyboru nale\u017cy przed\u0142o\u017cy\u0107 orygina\u0142y lub kopie \u015bwiadectwa uko\u0144czenia gimnazjum lub szko\u0142y podstawowej oraz za\u015bwiadczenia o wynikach egzaminu zewn\u0119trznego, a tak\u017ce dokumenty potwierdzaj\u0105ce osi\u0105gni\u0119cia. Do 16 lipca komisje rekrutacyjne podadz\u0105 do publicznej wiadomo\u015bci listy kandydat\u00f3w zakwalifikowanych i kandydat\u00f3w niezakwalifikowanych do szko\u0142y.<\/p>\n<p style=\"text-align: justify;\">Od 16 do 24 lipca uczniowie zakwalifikowani do danej szko\u0142y b\u0119d\u0105 musieli potwierdzi\u0107 wol\u0119 przyj\u0119cia w postaci przed\u0142o\u017cenia orygina\u0142u \u015bwiadectwa uko\u0144czenia szko\u0142y i orygina\u0142u za\u015bwiadczenia o wynikach egzaminu zewn\u0119trznego, o ile nie zosta\u0142y one z\u0142o\u017cone w uzupe\u0142nieniu wniosku o przyj\u0119cie do szko\u0142y, a w przypadku szko\u0142y prowadz\u0105cej kszta\u0142cenie zawodowe &#8211; tak\u017ce za\u015bwiadczenia lekarskiego zawieraj\u0105cego orzeczenie o braku przeciwskaza\u0144 zdrowotnych do podj\u0119cia praktycznej nauki zawodu. Lista kandydat\u00f3w przyj\u0119tych i kandydat\u00f3w nieprzyj\u0119tych b\u0119dzie podana do 25 lipca 2019 r.<\/p>\n<p>&nbsp;<\/p>\n<p style=\"text-align: right;\"><em><strong>\u0179r\u00f3d\u0142o: <a href=\"https:\/\/www.facebook.com\/1144335508955757\/photos\/a.1157482350974406\/2196357560420208\/?type=3\" target=\"_blank\" rel=\"noopener noreferrer\">Starostwo Powiatowe w K\u0142odzku<\/a><\/strong><\/em><\/p>\n","protected":false},"excerpt":{"rendered":"<p>Nab\u00f3r elektroniczny na rok szkolny 2019\/2020 prowadzony jest w systemie vEdukacja Nab\u00f3r, odr\u0119bnie dla uczni\u00f3w szk\u00f3\u0142 podstawowych oraz uczni\u00f3w dotychczasowych gimnazj\u00f3w. Przed wype\u0142nieniem wniosku nale\u017cy zapozna\u0107 si\u0119 ze szczeg\u00f3\u0142ow\u0105 ofert\u0105 szk\u00f3\u0142 w powiecie k\u0142odzkim, przedstawion\u0105 w programie \u201eNab\u00f3r\u201d oraz na &hellip; <a href=\"https:\/\/zst.klodzko.pl\/zst\/nabor-elektroniczny-2019-2020\/\">Czytaj dalej <span class=\"meta-nav\">&rarr;<\/span><\/a><\/p>\n","protected":false},"author":1,"featured_media":0,"comment_status":"closed","ping_status":"closed","sticky":false,"template":"","format":"standard","meta":{"footnotes":""},"categories":[1],"tags":[],"class_list":["post-7929","post","type-post","status-publish","format-standard","hentry","category-aktualnosci"],"yoast_head":"<!-- This site is optimized with the Yoast SEO plugin v27.4 - https:\/\/yoast.com\/product\/yoast-seo-wordpress\/ -->\n<title>Nab\u00f3r elektroniczny 2019\/2020 &#8212; Zesp\u00f3\u0142 Szk\u00f3\u0142 Technicznych w K\u0142odzku<\/title>\n<meta name=\"robots\" content=\"index, follow, max-snippet:-1, max-image-preview:large, max-video-preview:-1\" \/>\n<link rel=\"canonical\" href=\"https:\/\/zst.klodzko.pl\/zst\/nabor-elektroniczny-2019-2020\/\" \/>\n<meta property=\"og:locale\" content=\"pl_PL\" \/>\n<meta property=\"og:type\" content=\"article\" \/>\n<meta property=\"og:title\" content=\"Nab\u00f3r elektroniczny 2019\/2020 &#8212; Zesp\u00f3\u0142 Szk\u00f3\u0142 Technicznych w K\u0142odzku\" \/>\n<meta property=\"og:description\" content=\"Nab\u00f3r elektroniczny na rok szkolny 2019\/2020 prowadzony jest w systemie vEdukacja Nab\u00f3r, odr\u0119bnie dla uczni\u00f3w szk\u00f3\u0142 podstawowych oraz uczni\u00f3w dotychczasowych gimnazj\u00f3w. Przed wype\u0142nieniem wniosku nale\u017cy zapozna\u0107 si\u0119 ze szczeg\u00f3\u0142ow\u0105 ofert\u0105 szk\u00f3\u0142 w powiecie k\u0142odzkim, przedstawion\u0105 w programie \u201eNab\u00f3r\u201d oraz na &hellip; Czytaj dalej &rarr;\" \/>\n<meta property=\"og:url\" content=\"https:\/\/zst.klodzko.pl\/zst\/nabor-elektroniczny-2019-2020\/\" \/>\n<meta property=\"og:site_name\" content=\"Zesp\u00f3\u0142 Szk\u00f3\u0142 Technicznych w K\u0142odzku\" \/>\n<meta property=\"article:publisher\" content=\"https:\/\/www.facebook.com\/zst.klodzko\" \/>\n<meta property=\"article:published_time\" content=\"2019-04-16T14:03:58+00:00\" \/>\n<meta property=\"article:modified_time\" content=\"2019-04-16T14:17:03+00:00\" \/>\n<meta property=\"og:image\" content=\"http:\/\/zst.klodzko.pl\/zst\/wp-content\/uploads\/2019\/04\/nbel.jpg\" \/>\n<meta name=\"author\" content=\"Aktualno\u015bci \u201eBUDOWLANKI\u201d\" \/>\n<meta name=\"twitter:card\" content=\"summary_large_image\" \/>\n<meta name=\"twitter:creator\" content=\"@Budowlanka_ZST\" \/>\n<meta name=\"twitter:site\" content=\"@Budowlanka_ZST\" \/>\n<meta name=\"twitter:label1\" content=\"Napisane przez\" \/>\n\t<meta name=\"twitter:data1\" content=\"Aktualno\u015bci \u201eBUDOWLANKI\u201d\" \/>\n\t<meta name=\"twitter:label2\" content=\"Szacowany czas czytania\" \/>\n\t<meta name=\"twitter:data2\" content=\"2 minuty\" \/>\n<script type=\"application\/ld+json\" class=\"yoast-schema-graph\">{\"@context\":\"https:\\\/\\\/schema.org\",\"@graph\":[{\"@type\":\"Article\",\"@id\":\"https:\\\/\\\/zst.klodzko.pl\\\/zst\\\/nabor-elektroniczny-2019-2020\\\/#article\",\"isPartOf\":{\"@id\":\"https:\\\/\\\/zst.klodzko.pl\\\/zst\\\/nabor-elektroniczny-2019-2020\\\/\"},\"author\":{\"name\":\"Aktualno\u015bci \u201eBUDOWLANKI\u201d\",\"@id\":\"https:\\\/\\\/zst.klodzko.pl\\\/zst\\\/#\\\/schema\\\/person\\\/7ad3759462b88dca0c831372a7f5c825\"},\"headline\":\"Nab\u00f3r elektroniczny 2019\\\/2020\",\"datePublished\":\"2019-04-16T14:03:58+00:00\",\"dateModified\":\"2019-04-16T14:17:03+00:00\",\"mainEntityOfPage\":{\"@id\":\"https:\\\/\\\/zst.klodzko.pl\\\/zst\\\/nabor-elektroniczny-2019-2020\\\/\"},\"wordCount\":420,\"publisher\":{\"@id\":\"https:\\\/\\\/zst.klodzko.pl\\\/zst\\\/#organization\"},\"image\":{\"@id\":\"https:\\\/\\\/zst.klodzko.pl\\\/zst\\\/nabor-elektroniczny-2019-2020\\\/#primaryimage\"},\"thumbnailUrl\":\"http:\\\/\\\/zst.klodzko.pl\\\/zst\\\/wp-content\\\/uploads\\\/2019\\\/04\\\/nbel.jpg\",\"articleSection\":[\"Aktualno\u015bci\"],\"inLanguage\":\"pl-PL\"},{\"@type\":\"WebPage\",\"@id\":\"https:\\\/\\\/zst.klodzko.pl\\\/zst\\\/nabor-elektroniczny-2019-2020\\\/\",\"url\":\"https:\\\/\\\/zst.klodzko.pl\\\/zst\\\/nabor-elektroniczny-2019-2020\\\/\",\"name\":\"Nab\u00f3r elektroniczny 2019\\\/2020 &#8212; Zesp\u00f3\u0142 Szk\u00f3\u0142 Technicznych w K\u0142odzku\",\"isPartOf\":{\"@id\":\"https:\\\/\\\/zst.klodzko.pl\\\/zst\\\/#website\"},\"primaryImageOfPage\":{\"@id\":\"https:\\\/\\\/zst.klodzko.pl\\\/zst\\\/nabor-elektroniczny-2019-2020\\\/#primaryimage\"},\"image\":{\"@id\":\"https:\\\/\\\/zst.klodzko.pl\\\/zst\\\/nabor-elektroniczny-2019-2020\\\/#primaryimage\"},\"thumbnailUrl\":\"http:\\\/\\\/zst.klodzko.pl\\\/zst\\\/wp-content\\\/uploads\\\/2019\\\/04\\\/nbel.jpg\",\"datePublished\":\"2019-04-16T14:03:58+00:00\",\"dateModified\":\"2019-04-16T14:17:03+00:00\",\"breadcrumb\":{\"@id\":\"https:\\\/\\\/zst.klodzko.pl\\\/zst\\\/nabor-elektroniczny-2019-2020\\\/#breadcrumb\"},\"inLanguage\":\"pl-PL\",\"potentialAction\":[{\"@type\":\"ReadAction\",\"target\":[\"https:\\\/\\\/zst.klodzko.pl\\\/zst\\\/nabor-elektroniczny-2019-2020\\\/\"]}]},{\"@type\":\"ImageObject\",\"inLanguage\":\"pl-PL\",\"@id\":\"https:\\\/\\\/zst.klodzko.pl\\\/zst\\\/nabor-elektroniczny-2019-2020\\\/#primaryimage\",\"url\":\"https:\\\/\\\/zst.klodzko.pl\\\/zst\\\/wp-content\\\/uploads\\\/2019\\\/04\\\/nbel.jpg\",\"contentUrl\":\"https:\\\/\\\/zst.klodzko.pl\\\/zst\\\/wp-content\\\/uploads\\\/2019\\\/04\\\/nbel.jpg\",\"width\":960,\"height\":561},{\"@type\":\"BreadcrumbList\",\"@id\":\"https:\\\/\\\/zst.klodzko.pl\\\/zst\\\/nabor-elektroniczny-2019-2020\\\/#breadcrumb\",\"itemListElement\":[{\"@type\":\"ListItem\",\"position\":1,\"name\":\"Strona g\u0142\u00f3wna\",\"item\":\"https:\\\/\\\/zst.klodzko.pl\\\/zst\\\/\"},{\"@type\":\"ListItem\",\"position\":2,\"name\":\"Nab\u00f3r elektroniczny 2019\\\/2020\"}]},{\"@type\":\"WebSite\",\"@id\":\"https:\\\/\\\/zst.klodzko.pl\\\/zst\\\/#website\",\"url\":\"https:\\\/\\\/zst.klodzko.pl\\\/zst\\\/\",\"name\":\"Zesp\u00f3\u0142 Szk\u00f3\u0142 Technicznych w K\u0142odzku\",\"description\":\"Oficjalna strona ZST w K\u0142odzku (dawniej ZSP nr 1 w K\u0142odzku) - Budowlanka\",\"publisher\":{\"@id\":\"https:\\\/\\\/zst.klodzko.pl\\\/zst\\\/#organization\"},\"potentialAction\":[{\"@type\":\"SearchAction\",\"target\":{\"@type\":\"EntryPoint\",\"urlTemplate\":\"https:\\\/\\\/zst.klodzko.pl\\\/zst\\\/?s={search_term_string}\"},\"query-input\":{\"@type\":\"PropertyValueSpecification\",\"valueRequired\":true,\"valueName\":\"search_term_string\"}}],\"inLanguage\":\"pl-PL\"},{\"@type\":\"Organization\",\"@id\":\"https:\\\/\\\/zst.klodzko.pl\\\/zst\\\/#organization\",\"name\":\"Zesp\u00f3\u0142 Szk\u00f3\u0142 Technicznych w K\u0142odzku\",\"url\":\"https:\\\/\\\/zst.klodzko.pl\\\/zst\\\/\",\"logo\":{\"@type\":\"ImageObject\",\"inLanguage\":\"pl-PL\",\"@id\":\"https:\\\/\\\/zst.klodzko.pl\\\/zst\\\/#\\\/schema\\\/logo\\\/image\\\/\",\"url\":\"https:\\\/\\\/zst.klodzko.pl\\\/zst\\\/wp-content\\\/uploads\\\/2018\\\/05\\\/patron_bud.png\",\"contentUrl\":\"https:\\\/\\\/zst.klodzko.pl\\\/zst\\\/wp-content\\\/uploads\\\/2018\\\/05\\\/patron_bud.png\",\"width\":208,\"height\":205,\"caption\":\"Zesp\u00f3\u0142 Szk\u00f3\u0142 Technicznych w K\u0142odzku\"},\"image\":{\"@id\":\"https:\\\/\\\/zst.klodzko.pl\\\/zst\\\/#\\\/schema\\\/logo\\\/image\\\/\"},\"sameAs\":[\"https:\\\/\\\/www.facebook.com\\\/zst.klodzko\",\"https:\\\/\\\/x.com\\\/Budowlanka_ZST\",\"https:\\\/\\\/www.youtube.com\\\/channel\\\/UCueLhwUV3X9Ph8PMH7j4ugA\",\"https:\\\/\\\/pl.wikipedia.org\\\/wiki\\\/Zesp\u00f3\u0142_Szk\u00f3\u0142_Technicznych_w_K\u0142odzku\"]},{\"@type\":\"Person\",\"@id\":\"https:\\\/\\\/zst.klodzko.pl\\\/zst\\\/#\\\/schema\\\/person\\\/7ad3759462b88dca0c831372a7f5c825\",\"name\":\"Aktualno\u015bci \u201eBUDOWLANKI\u201d\"}]}<\/script>\n<!-- \/ Yoast SEO plugin. -->","yoast_head_json":{"title":"Nab\u00f3r elektroniczny 2019\/2020 &#8212; Zesp\u00f3\u0142 Szk\u00f3\u0142 Technicznych w K\u0142odzku","robots":{"index":"index","follow":"follow","max-snippet":"max-snippet:-1","max-image-preview":"max-image-preview:large","max-video-preview":"max-video-preview:-1"},"canonical":"https:\/\/zst.klodzko.pl\/zst\/nabor-elektroniczny-2019-2020\/","og_locale":"pl_PL","og_type":"article","og_title":"Nab\u00f3r elektroniczny 2019\/2020 &#8212; Zesp\u00f3\u0142 Szk\u00f3\u0142 Technicznych w K\u0142odzku","og_description":"Nab\u00f3r elektroniczny na rok szkolny 2019\/2020 prowadzony jest w systemie vEdukacja Nab\u00f3r, odr\u0119bnie dla uczni\u00f3w szk\u00f3\u0142 podstawowych oraz uczni\u00f3w dotychczasowych gimnazj\u00f3w. Przed wype\u0142nieniem wniosku nale\u017cy zapozna\u0107 si\u0119 ze szczeg\u00f3\u0142ow\u0105 ofert\u0105 szk\u00f3\u0142 w powiecie k\u0142odzkim, przedstawion\u0105 w programie \u201eNab\u00f3r\u201d oraz na &hellip; Czytaj dalej &rarr;","og_url":"https:\/\/zst.klodzko.pl\/zst\/nabor-elektroniczny-2019-2020\/","og_site_name":"Zesp\u00f3\u0142 Szk\u00f3\u0142 Technicznych w K\u0142odzku","article_publisher":"https:\/\/www.facebook.com\/zst.klodzko","article_published_time":"2019-04-16T14:03:58+00:00","article_modified_time":"2019-04-16T14:17:03+00:00","og_image":[{"url":"http:\/\/zst.klodzko.pl\/zst\/wp-content\/uploads\/2019\/04\/nbel.jpg","type":"","width":"","height":""}],"author":"Aktualno\u015bci \u201eBUDOWLANKI\u201d","twitter_card":"summary_large_image","twitter_creator":"@Budowlanka_ZST","twitter_site":"@Budowlanka_ZST","twitter_misc":{"Napisane przez":"Aktualno\u015bci \u201eBUDOWLANKI\u201d","Szacowany czas czytania":"2 minuty"},"schema":{"@context":"https:\/\/schema.org","@graph":[{"@type":"Article","@id":"https:\/\/zst.klodzko.pl\/zst\/nabor-elektroniczny-2019-2020\/#article","isPartOf":{"@id":"https:\/\/zst.klodzko.pl\/zst\/nabor-elektroniczny-2019-2020\/"},"author":{"name":"Aktualno\u015bci \u201eBUDOWLANKI\u201d","@id":"https:\/\/zst.klodzko.pl\/zst\/#\/schema\/person\/7ad3759462b88dca0c831372a7f5c825"},"headline":"Nab\u00f3r elektroniczny 2019\/2020","datePublished":"2019-04-16T14:03:58+00:00","dateModified":"2019-04-16T14:17:03+00:00","mainEntityOfPage":{"@id":"https:\/\/zst.klodzko.pl\/zst\/nabor-elektroniczny-2019-2020\/"},"wordCount":420,"publisher":{"@id":"https:\/\/zst.klodzko.pl\/zst\/#organization"},"image":{"@id":"https:\/\/zst.klodzko.pl\/zst\/nabor-elektroniczny-2019-2020\/#primaryimage"},"thumbnailUrl":"http:\/\/zst.klodzko.pl\/zst\/wp-content\/uploads\/2019\/04\/nbel.jpg","articleSection":["Aktualno\u015bci"],"inLanguage":"pl-PL"},{"@type":"WebPage","@id":"https:\/\/zst.klodzko.pl\/zst\/nabor-elektroniczny-2019-2020\/","url":"https:\/\/zst.klodzko.pl\/zst\/nabor-elektroniczny-2019-2020\/","name":"Nab\u00f3r elektroniczny 2019\/2020 &#8212; Zesp\u00f3\u0142 Szk\u00f3\u0142 Technicznych w K\u0142odzku","isPartOf":{"@id":"https:\/\/zst.klodzko.pl\/zst\/#website"},"primaryImageOfPage":{"@id":"https:\/\/zst.klodzko.pl\/zst\/nabor-elektroniczny-2019-2020\/#primaryimage"},"image":{"@id":"https:\/\/zst.klodzko.pl\/zst\/nabor-elektroniczny-2019-2020\/#primaryimage"},"thumbnailUrl":"http:\/\/zst.klodzko.pl\/zst\/wp-content\/uploads\/2019\/04\/nbel.jpg","datePublished":"2019-04-16T14:03:58+00:00","dateModified":"2019-04-16T14:17:03+00:00","breadcrumb":{"@id":"https:\/\/zst.klodzko.pl\/zst\/nabor-elektroniczny-2019-2020\/#breadcrumb"},"inLanguage":"pl-PL","potentialAction":[{"@type":"ReadAction","target":["https:\/\/zst.klodzko.pl\/zst\/nabor-elektroniczny-2019-2020\/"]}]},{"@type":"ImageObject","inLanguage":"pl-PL","@id":"https:\/\/zst.klodzko.pl\/zst\/nabor-elektroniczny-2019-2020\/#primaryimage","url":"https:\/\/zst.klodzko.pl\/zst\/wp-content\/uploads\/2019\/04\/nbel.jpg","contentUrl":"https:\/\/zst.klodzko.pl\/zst\/wp-content\/uploads\/2019\/04\/nbel.jpg","width":960,"height":561},{"@type":"BreadcrumbList","@id":"https:\/\/zst.klodzko.pl\/zst\/nabor-elektroniczny-2019-2020\/#breadcrumb","itemListElement":[{"@type":"ListItem","position":1,"name":"Strona g\u0142\u00f3wna","item":"https:\/\/zst.klodzko.pl\/zst\/"},{"@type":"ListItem","position":2,"name":"Nab\u00f3r elektroniczny 2019\/2020"}]},{"@type":"WebSite","@id":"https:\/\/zst.klodzko.pl\/zst\/#website","url":"https:\/\/zst.klodzko.pl\/zst\/","name":"Zesp\u00f3\u0142 Szk\u00f3\u0142 Technicznych w K\u0142odzku","description":"Oficjalna strona ZST w K\u0142odzku (dawniej ZSP nr 1 w K\u0142odzku) - Budowlanka","publisher":{"@id":"https:\/\/zst.klodzko.pl\/zst\/#organization"},"potentialAction":[{"@type":"SearchAction","target":{"@type":"EntryPoint","urlTemplate":"https:\/\/zst.klodzko.pl\/zst\/?s={search_term_string}"},"query-input":{"@type":"PropertyValueSpecification","valueRequired":true,"valueName":"search_term_string"}}],"inLanguage":"pl-PL"},{"@type":"Organization","@id":"https:\/\/zst.klodzko.pl\/zst\/#organization","name":"Zesp\u00f3\u0142 Szk\u00f3\u0142 Technicznych w K\u0142odzku","url":"https:\/\/zst.klodzko.pl\/zst\/","logo":{"@type":"ImageObject","inLanguage":"pl-PL","@id":"https:\/\/zst.klodzko.pl\/zst\/#\/schema\/logo\/image\/","url":"https:\/\/zst.klodzko.pl\/zst\/wp-content\/uploads\/2018\/05\/patron_bud.png","contentUrl":"https:\/\/zst.klodzko.pl\/zst\/wp-content\/uploads\/2018\/05\/patron_bud.png","width":208,"height":205,"caption":"Zesp\u00f3\u0142 Szk\u00f3\u0142 Technicznych w K\u0142odzku"},"image":{"@id":"https:\/\/zst.klodzko.pl\/zst\/#\/schema\/logo\/image\/"},"sameAs":["https:\/\/www.facebook.com\/zst.klodzko","https:\/\/x.com\/Budowlanka_ZST","https:\/\/www.youtube.com\/channel\/UCueLhwUV3X9Ph8PMH7j4ugA","https:\/\/pl.wikipedia.org\/wiki\/Zesp\u00f3\u0142_Szk\u00f3\u0142_Technicznych_w_K\u0142odzku"]},{"@type":"Person","@id":"https:\/\/zst.klodzko.pl\/zst\/#\/schema\/person\/7ad3759462b88dca0c831372a7f5c825","name":"Aktualno\u015bci \u201eBUDOWLANKI\u201d"}]}},"_links":{"self":[{"href":"https:\/\/zst.klodzko.pl\/zst\/wp-json\/wp\/v2\/posts\/7929","targetHints":{"allow":["GET"]}}],"collection":[{"href":"https:\/\/zst.klodzko.pl\/zst\/wp-json\/wp\/v2\/posts"}],"about":[{"href":"https:\/\/zst.klodzko.pl\/zst\/wp-json\/wp\/v2\/types\/post"}],"author":[{"embeddable":true,"href":"https:\/\/zst.klodzko.pl\/zst\/wp-json\/wp\/v2\/users\/1"}],"replies":[{"embeddable":true,"href":"https:\/\/zst.klodzko.pl\/zst\/wp-json\/wp\/v2\/comments?post=7929"}],"version-history":[{"count":10,"href":"https:\/\/zst.klodzko.pl\/zst\/wp-json\/wp\/v2\/posts\/7929\/revisions"}],"predecessor-version":[{"id":7940,"href":"https:\/\/zst.klodzko.pl\/zst\/wp-json\/wp\/v2\/posts\/7929\/revisions\/7940"}],"wp:attachment":[{"href":"https:\/\/zst.klodzko.pl\/zst\/wp-json\/wp\/v2\/media?parent=7929"}],"wp:term":[{"taxonomy":"category","embeddable":true,"href":"https:\/\/zst.klodzko.pl\/zst\/wp-json\/wp\/v2\/categories?post=7929"},{"taxonomy":"post_tag","embeddable":true,"href":"https:\/\/zst.klodzko.pl\/zst\/wp-json\/wp\/v2\/tags?post=7929"}],"curies":[{"name":"wp","href":"https:\/\/api.w.org\/{rel}","templated":true}]}}