{"id":8111,"date":"2019-05-09T23:40:43","date_gmt":"2019-05-09T21:40:43","guid":{"rendered":"http:\/\/zst.klodzko.pl\/zst\/?p=8111"},"modified":"2019-05-09T23:44:58","modified_gmt":"2019-05-09T21:44:58","slug":"i-bieg-sluzb-mundurowych-wokol-twierdzy-klodzko","status":"publish","type":"post","link":"https:\/\/zst.klodzko.pl\/zst\/i-bieg-sluzb-mundurowych-wokol-twierdzy-klodzko\/","title":{"rendered":"I. Bieg S\u0142u\u017cb Mundurowych wok\u00f3\u0142 Twierdzy K\u0142odzko"},"content":{"rendered":"<p style=\"text-align: justify;\"><a class=\"mojeimg2\" href=\"https:\/\/www.facebook.com\/media\/set\/?set=ms.c.eJxFj8ERBDEIwzraAQMm9N~%3BYTtiD~_2ok4sDSAXoW0l3rQYOUuMCoP0BlGyFjqEW5CgaQaJD~%3BJC5QPQPK27B9JW4idTYh22COgdM7bG~%3Bg2~_G7A9qJYoBlHy1OkgZKJnJv9A6V2cHwNnyT8~%3B0l9AXbuDo2.bps.a.2374226072607793&amp;type=1\" target=\"_blank\" rel=\"noopener noreferrer\"><img fetchpriority=\"high\" decoding=\"async\" class=\"aligncenter wp-image-8112 size-full\" src=\"http:\/\/zst.klodzko.pl\/zst\/wp-content\/uploads\/2019\/05\/rr_2.jpg\" alt=\"\" width=\"836\" height=\"590\" srcset=\"https:\/\/zst.klodzko.pl\/zst\/wp-content\/uploads\/2019\/05\/rr_2.jpg 836w, https:\/\/zst.klodzko.pl\/zst\/wp-content\/uploads\/2019\/05\/rr_2-300x212.jpg 300w, https:\/\/zst.klodzko.pl\/zst\/wp-content\/uploads\/2019\/05\/rr_2-768x542.jpg 768w, https:\/\/zst.klodzko.pl\/zst\/wp-content\/uploads\/2019\/05\/rr_2-425x300.jpg 425w\" sizes=\"(max-width: 836px) 100vw, 836px\" \/><\/a><span style=\"color: #000000;\">Czwartek, 9 maja 2019 r., by\u0142 ostatnim dniem zawod\u00f3w sportowych, kt\u00f3re stanowi\u0142y preludium do uroczystych obchod\u00f3w <strong>\u015awi\u0119ta 22. Karpackiego Batalionu Piechoty G\u00f3rskiej oraz I. \u015awi\u0119ta S\u0142u\u017cb Mundurowych z W\u0142odarzami Miasta<\/strong>.<\/span><br \/>\n<span style=\"color: #000000;\">O godz. 10:00, z k\u0142odzkiego Rynku, wystartowa\u0142 <strong>I. Bieg S\u0142u\u017cb Mundurowych wok\u00f3\u0142 Twierdzy K\u0142odzko<\/strong>, zorganizowany przez <strong>Burmistrza Miasta K\u0142odzko<\/strong>, <strong>22. Karpacki Batalion Piechoty G\u00f3rskiej,<\/strong> przy wsp\u00f3\u0142pracy z<strong> Dyrektorem Twierdzy K\u0142odzko<\/strong> oraz z <strong>Zespo\u0142em Szk\u00f3\u0142 Ponadgimnazjalnych Nr 1 w K\u0142odzku<\/strong>. <\/span><!--more--><\/p>\n<p style=\"text-align: justify;\"><span style=\"color: #000000;\">Na linii startu stawili si\u0119 przedstawiciele w\u0142adz powiatu, starostwa i miasta, s\u0142u\u017cb mundurowych oraz uczniowie klasy mundurowej. Dystans jaki mieli do pokonania uczestnicy biegu to 3200 m. Trasa biegu wiod\u0142a z Rynku przez \u015bcie\u017ck\u0119 widokow\u0105 wok\u00f3\u0142 Twierdzy, nast\u0119pnie przez Park Noworudzki, \u015bcie\u017ck\u0119 widokow\u0105 wok\u00f3\u0142 Twierdzy, a\u017c do linii mety na k\u0142odzkim Rynku. Do pokonania by\u0142y wzniesienia, schody oraz niski, w\u0105ski tunel. Bieg uko\u0144czyli wszyscy zawodnicy, a na zako\u0144czenie zaproszeni zostali do wsp\u00f3lnego zdj\u0119cia.<\/span><br \/>\n<span style=\"color: #000000;\">Celem przeprowadzenia biegu by\u0142o przede wszystkim zako\u0144czenie tygodniowych zmaga\u0144 sportowych oraz integracja uczestnik\u00f3w, a tak\u017ce popularyzacja aktywno\u015bci fizycznej i bieg\u00f3w oraz propagowanie zdrowego stylu \u017cycia.<\/span><\/p>\n","protected":false},"excerpt":{"rendered":"<p>Czwartek, 9 maja 2019 r., by\u0142 ostatnim dniem zawod\u00f3w sportowych, kt\u00f3re stanowi\u0142y preludium do uroczystych obchod\u00f3w \u015awi\u0119ta 22. Karpackiego Batalionu Piechoty G\u00f3rskiej oraz I. \u015awi\u0119ta S\u0142u\u017cb Mundurowych z W\u0142odarzami Miasta. O godz. 10:00, z k\u0142odzkiego Rynku, wystartowa\u0142 I. Bieg S\u0142u\u017cb &hellip; <a href=\"https:\/\/zst.klodzko.pl\/zst\/i-bieg-sluzb-mundurowych-wokol-twierdzy-klodzko\/\">Czytaj dalej <span class=\"meta-nav\">&rarr;<\/span><\/a><\/p>\n","protected":false},"author":1,"featured_media":0,"comment_status":"closed","ping_status":"closed","sticky":false,"template":"","format":"standard","meta":{"footnotes":""},"categories":[1],"tags":[],"class_list":["post-8111","post","type-post","status-publish","format-standard","hentry","category-aktualnosci"],"yoast_head":"<!-- This site is optimized with the Yoast SEO plugin v27.4 - https:\/\/yoast.com\/product\/yoast-seo-wordpress\/ -->\n<title>I. Bieg S\u0142u\u017cb Mundurowych wok\u00f3\u0142 Twierdzy K\u0142odzko &#8212; Zesp\u00f3\u0142 Szk\u00f3\u0142 Technicznych w K\u0142odzku<\/title>\n<meta name=\"robots\" content=\"index, follow, max-snippet:-1, max-image-preview:large, max-video-preview:-1\" \/>\n<link rel=\"canonical\" href=\"https:\/\/zst.klodzko.pl\/zst\/i-bieg-sluzb-mundurowych-wokol-twierdzy-klodzko\/\" \/>\n<meta property=\"og:locale\" content=\"pl_PL\" \/>\n<meta property=\"og:type\" content=\"article\" \/>\n<meta property=\"og:title\" content=\"I. Bieg S\u0142u\u017cb Mundurowych wok\u00f3\u0142 Twierdzy K\u0142odzko &#8212; Zesp\u00f3\u0142 Szk\u00f3\u0142 Technicznych w K\u0142odzku\" \/>\n<meta property=\"og:description\" content=\"Czwartek, 9 maja 2019 r., by\u0142 ostatnim dniem zawod\u00f3w sportowych, kt\u00f3re stanowi\u0142y preludium do uroczystych obchod\u00f3w \u015awi\u0119ta 22. Karpackiego Batalionu Piechoty G\u00f3rskiej oraz I. \u015awi\u0119ta S\u0142u\u017cb Mundurowych z W\u0142odarzami Miasta. O godz. 10:00, z k\u0142odzkiego Rynku, wystartowa\u0142 I. Bieg S\u0142u\u017cb &hellip; Czytaj dalej &rarr;\" \/>\n<meta property=\"og:url\" content=\"https:\/\/zst.klodzko.pl\/zst\/i-bieg-sluzb-mundurowych-wokol-twierdzy-klodzko\/\" \/>\n<meta property=\"og:site_name\" content=\"Zesp\u00f3\u0142 Szk\u00f3\u0142 Technicznych w K\u0142odzku\" \/>\n<meta property=\"article:publisher\" content=\"https:\/\/www.facebook.com\/zst.klodzko\" \/>\n<meta property=\"article:published_time\" content=\"2019-05-09T21:40:43+00:00\" \/>\n<meta property=\"article:modified_time\" content=\"2019-05-09T21:44:58+00:00\" \/>\n<meta property=\"og:image\" content=\"http:\/\/zst.klodzko.pl\/zst\/wp-content\/uploads\/2019\/05\/rr_2.jpg\" \/>\n<meta name=\"author\" content=\"Aktualno\u015bci \u201eBUDOWLANKI\u201d\" \/>\n<meta name=\"twitter:card\" content=\"summary_large_image\" \/>\n<meta name=\"twitter:creator\" content=\"@Budowlanka_ZST\" \/>\n<meta name=\"twitter:site\" content=\"@Budowlanka_ZST\" \/>\n<meta name=\"twitter:label1\" content=\"Napisane przez\" \/>\n\t<meta name=\"twitter:data1\" content=\"Aktualno\u015bci \u201eBUDOWLANKI\u201d\" \/>\n\t<meta name=\"twitter:label2\" content=\"Szacowany czas czytania\" \/>\n\t<meta name=\"twitter:data2\" content=\"1 minuta\" \/>\n<script type=\"application\/ld+json\" class=\"yoast-schema-graph\">{\"@context\":\"https:\\\/\\\/schema.org\",\"@graph\":[{\"@type\":\"Article\",\"@id\":\"https:\\\/\\\/zst.klodzko.pl\\\/zst\\\/i-bieg-sluzb-mundurowych-wokol-twierdzy-klodzko\\\/#article\",\"isPartOf\":{\"@id\":\"https:\\\/\\\/zst.klodzko.pl\\\/zst\\\/i-bieg-sluzb-mundurowych-wokol-twierdzy-klodzko\\\/\"},\"author\":{\"name\":\"Aktualno\u015bci \u201eBUDOWLANKI\u201d\",\"@id\":\"https:\\\/\\\/zst.klodzko.pl\\\/zst\\\/#\\\/schema\\\/person\\\/7ad3759462b88dca0c831372a7f5c825\"},\"headline\":\"I. Bieg S\u0142u\u017cb Mundurowych wok\u00f3\u0142 Twierdzy K\u0142odzko\",\"datePublished\":\"2019-05-09T21:40:43+00:00\",\"dateModified\":\"2019-05-09T21:44:58+00:00\",\"mainEntityOfPage\":{\"@id\":\"https:\\\/\\\/zst.klodzko.pl\\\/zst\\\/i-bieg-sluzb-mundurowych-wokol-twierdzy-klodzko\\\/\"},\"wordCount\":210,\"publisher\":{\"@id\":\"https:\\\/\\\/zst.klodzko.pl\\\/zst\\\/#organization\"},\"image\":{\"@id\":\"https:\\\/\\\/zst.klodzko.pl\\\/zst\\\/i-bieg-sluzb-mundurowych-wokol-twierdzy-klodzko\\\/#primaryimage\"},\"thumbnailUrl\":\"http:\\\/\\\/zst.klodzko.pl\\\/zst\\\/wp-content\\\/uploads\\\/2019\\\/05\\\/rr_2.jpg\",\"articleSection\":[\"Aktualno\u015bci\"],\"inLanguage\":\"pl-PL\"},{\"@type\":\"WebPage\",\"@id\":\"https:\\\/\\\/zst.klodzko.pl\\\/zst\\\/i-bieg-sluzb-mundurowych-wokol-twierdzy-klodzko\\\/\",\"url\":\"https:\\\/\\\/zst.klodzko.pl\\\/zst\\\/i-bieg-sluzb-mundurowych-wokol-twierdzy-klodzko\\\/\",\"name\":\"I. Bieg S\u0142u\u017cb Mundurowych wok\u00f3\u0142 Twierdzy K\u0142odzko &#8212; Zesp\u00f3\u0142 Szk\u00f3\u0142 Technicznych w K\u0142odzku\",\"isPartOf\":{\"@id\":\"https:\\\/\\\/zst.klodzko.pl\\\/zst\\\/#website\"},\"primaryImageOfPage\":{\"@id\":\"https:\\\/\\\/zst.klodzko.pl\\\/zst\\\/i-bieg-sluzb-mundurowych-wokol-twierdzy-klodzko\\\/#primaryimage\"},\"image\":{\"@id\":\"https:\\\/\\\/zst.klodzko.pl\\\/zst\\\/i-bieg-sluzb-mundurowych-wokol-twierdzy-klodzko\\\/#primaryimage\"},\"thumbnailUrl\":\"http:\\\/\\\/zst.klodzko.pl\\\/zst\\\/wp-content\\\/uploads\\\/2019\\\/05\\\/rr_2.jpg\",\"datePublished\":\"2019-05-09T21:40:43+00:00\",\"dateModified\":\"2019-05-09T21:44:58+00:00\",\"breadcrumb\":{\"@id\":\"https:\\\/\\\/zst.klodzko.pl\\\/zst\\\/i-bieg-sluzb-mundurowych-wokol-twierdzy-klodzko\\\/#breadcrumb\"},\"inLanguage\":\"pl-PL\",\"potentialAction\":[{\"@type\":\"ReadAction\",\"target\":[\"https:\\\/\\\/zst.klodzko.pl\\\/zst\\\/i-bieg-sluzb-mundurowych-wokol-twierdzy-klodzko\\\/\"]}]},{\"@type\":\"ImageObject\",\"inLanguage\":\"pl-PL\",\"@id\":\"https:\\\/\\\/zst.klodzko.pl\\\/zst\\\/i-bieg-sluzb-mundurowych-wokol-twierdzy-klodzko\\\/#primaryimage\",\"url\":\"https:\\\/\\\/zst.klodzko.pl\\\/zst\\\/wp-content\\\/uploads\\\/2019\\\/05\\\/rr_2.jpg\",\"contentUrl\":\"https:\\\/\\\/zst.klodzko.pl\\\/zst\\\/wp-content\\\/uploads\\\/2019\\\/05\\\/rr_2.jpg\",\"width\":836,\"height\":590},{\"@type\":\"BreadcrumbList\",\"@id\":\"https:\\\/\\\/zst.klodzko.pl\\\/zst\\\/i-bieg-sluzb-mundurowych-wokol-twierdzy-klodzko\\\/#breadcrumb\",\"itemListElement\":[{\"@type\":\"ListItem\",\"position\":1,\"name\":\"Strona g\u0142\u00f3wna\",\"item\":\"https:\\\/\\\/zst.klodzko.pl\\\/zst\\\/\"},{\"@type\":\"ListItem\",\"position\":2,\"name\":\"I. Bieg S\u0142u\u017cb Mundurowych wok\u00f3\u0142 Twierdzy K\u0142odzko\"}]},{\"@type\":\"WebSite\",\"@id\":\"https:\\\/\\\/zst.klodzko.pl\\\/zst\\\/#website\",\"url\":\"https:\\\/\\\/zst.klodzko.pl\\\/zst\\\/\",\"name\":\"Zesp\u00f3\u0142 Szk\u00f3\u0142 Technicznych w K\u0142odzku\",\"description\":\"Oficjalna strona ZST w K\u0142odzku (dawniej ZSP nr 1 w K\u0142odzku) - Budowlanka\",\"publisher\":{\"@id\":\"https:\\\/\\\/zst.klodzko.pl\\\/zst\\\/#organization\"},\"potentialAction\":[{\"@type\":\"SearchAction\",\"target\":{\"@type\":\"EntryPoint\",\"urlTemplate\":\"https:\\\/\\\/zst.klodzko.pl\\\/zst\\\/?s={search_term_string}\"},\"query-input\":{\"@type\":\"PropertyValueSpecification\",\"valueRequired\":true,\"valueName\":\"search_term_string\"}}],\"inLanguage\":\"pl-PL\"},{\"@type\":\"Organization\",\"@id\":\"https:\\\/\\\/zst.klodzko.pl\\\/zst\\\/#organization\",\"name\":\"Zesp\u00f3\u0142 Szk\u00f3\u0142 Technicznych w K\u0142odzku\",\"url\":\"https:\\\/\\\/zst.klodzko.pl\\\/zst\\\/\",\"logo\":{\"@type\":\"ImageObject\",\"inLanguage\":\"pl-PL\",\"@id\":\"https:\\\/\\\/zst.klodzko.pl\\\/zst\\\/#\\\/schema\\\/logo\\\/image\\\/\",\"url\":\"https:\\\/\\\/zst.klodzko.pl\\\/zst\\\/wp-content\\\/uploads\\\/2018\\\/05\\\/patron_bud.png\",\"contentUrl\":\"https:\\\/\\\/zst.klodzko.pl\\\/zst\\\/wp-content\\\/uploads\\\/2018\\\/05\\\/patron_bud.png\",\"width\":208,\"height\":205,\"caption\":\"Zesp\u00f3\u0142 Szk\u00f3\u0142 Technicznych w K\u0142odzku\"},\"image\":{\"@id\":\"https:\\\/\\\/zst.klodzko.pl\\\/zst\\\/#\\\/schema\\\/logo\\\/image\\\/\"},\"sameAs\":[\"https:\\\/\\\/www.facebook.com\\\/zst.klodzko\",\"https:\\\/\\\/x.com\\\/Budowlanka_ZST\",\"https:\\\/\\\/www.youtube.com\\\/channel\\\/UCueLhwUV3X9Ph8PMH7j4ugA\",\"https:\\\/\\\/pl.wikipedia.org\\\/wiki\\\/Zesp\u00f3\u0142_Szk\u00f3\u0142_Technicznych_w_K\u0142odzku\"]},{\"@type\":\"Person\",\"@id\":\"https:\\\/\\\/zst.klodzko.pl\\\/zst\\\/#\\\/schema\\\/person\\\/7ad3759462b88dca0c831372a7f5c825\",\"name\":\"Aktualno\u015bci \u201eBUDOWLANKI\u201d\"}]}<\/script>\n<!-- \/ Yoast SEO plugin. -->","yoast_head_json":{"title":"I. Bieg S\u0142u\u017cb Mundurowych wok\u00f3\u0142 Twierdzy K\u0142odzko &#8212; Zesp\u00f3\u0142 Szk\u00f3\u0142 Technicznych w K\u0142odzku","robots":{"index":"index","follow":"follow","max-snippet":"max-snippet:-1","max-image-preview":"max-image-preview:large","max-video-preview":"max-video-preview:-1"},"canonical":"https:\/\/zst.klodzko.pl\/zst\/i-bieg-sluzb-mundurowych-wokol-twierdzy-klodzko\/","og_locale":"pl_PL","og_type":"article","og_title":"I. Bieg S\u0142u\u017cb Mundurowych wok\u00f3\u0142 Twierdzy K\u0142odzko &#8212; Zesp\u00f3\u0142 Szk\u00f3\u0142 Technicznych w K\u0142odzku","og_description":"Czwartek, 9 maja 2019 r., by\u0142 ostatnim dniem zawod\u00f3w sportowych, kt\u00f3re stanowi\u0142y preludium do uroczystych obchod\u00f3w \u015awi\u0119ta 22. Karpackiego Batalionu Piechoty G\u00f3rskiej oraz I. \u015awi\u0119ta S\u0142u\u017cb Mundurowych z W\u0142odarzami Miasta. O godz. 10:00, z k\u0142odzkiego Rynku, wystartowa\u0142 I. Bieg S\u0142u\u017cb &hellip; Czytaj dalej &rarr;","og_url":"https:\/\/zst.klodzko.pl\/zst\/i-bieg-sluzb-mundurowych-wokol-twierdzy-klodzko\/","og_site_name":"Zesp\u00f3\u0142 Szk\u00f3\u0142 Technicznych w K\u0142odzku","article_publisher":"https:\/\/www.facebook.com\/zst.klodzko","article_published_time":"2019-05-09T21:40:43+00:00","article_modified_time":"2019-05-09T21:44:58+00:00","og_image":[{"url":"http:\/\/zst.klodzko.pl\/zst\/wp-content\/uploads\/2019\/05\/rr_2.jpg","type":"","width":"","height":""}],"author":"Aktualno\u015bci \u201eBUDOWLANKI\u201d","twitter_card":"summary_large_image","twitter_creator":"@Budowlanka_ZST","twitter_site":"@Budowlanka_ZST","twitter_misc":{"Napisane przez":"Aktualno\u015bci \u201eBUDOWLANKI\u201d","Szacowany czas czytania":"1 minuta"},"schema":{"@context":"https:\/\/schema.org","@graph":[{"@type":"Article","@id":"https:\/\/zst.klodzko.pl\/zst\/i-bieg-sluzb-mundurowych-wokol-twierdzy-klodzko\/#article","isPartOf":{"@id":"https:\/\/zst.klodzko.pl\/zst\/i-bieg-sluzb-mundurowych-wokol-twierdzy-klodzko\/"},"author":{"name":"Aktualno\u015bci \u201eBUDOWLANKI\u201d","@id":"https:\/\/zst.klodzko.pl\/zst\/#\/schema\/person\/7ad3759462b88dca0c831372a7f5c825"},"headline":"I. Bieg S\u0142u\u017cb Mundurowych wok\u00f3\u0142 Twierdzy K\u0142odzko","datePublished":"2019-05-09T21:40:43+00:00","dateModified":"2019-05-09T21:44:58+00:00","mainEntityOfPage":{"@id":"https:\/\/zst.klodzko.pl\/zst\/i-bieg-sluzb-mundurowych-wokol-twierdzy-klodzko\/"},"wordCount":210,"publisher":{"@id":"https:\/\/zst.klodzko.pl\/zst\/#organization"},"image":{"@id":"https:\/\/zst.klodzko.pl\/zst\/i-bieg-sluzb-mundurowych-wokol-twierdzy-klodzko\/#primaryimage"},"thumbnailUrl":"http:\/\/zst.klodzko.pl\/zst\/wp-content\/uploads\/2019\/05\/rr_2.jpg","articleSection":["Aktualno\u015bci"],"inLanguage":"pl-PL"},{"@type":"WebPage","@id":"https:\/\/zst.klodzko.pl\/zst\/i-bieg-sluzb-mundurowych-wokol-twierdzy-klodzko\/","url":"https:\/\/zst.klodzko.pl\/zst\/i-bieg-sluzb-mundurowych-wokol-twierdzy-klodzko\/","name":"I. Bieg S\u0142u\u017cb Mundurowych wok\u00f3\u0142 Twierdzy K\u0142odzko &#8212; Zesp\u00f3\u0142 Szk\u00f3\u0142 Technicznych w K\u0142odzku","isPartOf":{"@id":"https:\/\/zst.klodzko.pl\/zst\/#website"},"primaryImageOfPage":{"@id":"https:\/\/zst.klodzko.pl\/zst\/i-bieg-sluzb-mundurowych-wokol-twierdzy-klodzko\/#primaryimage"},"image":{"@id":"https:\/\/zst.klodzko.pl\/zst\/i-bieg-sluzb-mundurowych-wokol-twierdzy-klodzko\/#primaryimage"},"thumbnailUrl":"http:\/\/zst.klodzko.pl\/zst\/wp-content\/uploads\/2019\/05\/rr_2.jpg","datePublished":"2019-05-09T21:40:43+00:00","dateModified":"2019-05-09T21:44:58+00:00","breadcrumb":{"@id":"https:\/\/zst.klodzko.pl\/zst\/i-bieg-sluzb-mundurowych-wokol-twierdzy-klodzko\/#breadcrumb"},"inLanguage":"pl-PL","potentialAction":[{"@type":"ReadAction","target":["https:\/\/zst.klodzko.pl\/zst\/i-bieg-sluzb-mundurowych-wokol-twierdzy-klodzko\/"]}]},{"@type":"ImageObject","inLanguage":"pl-PL","@id":"https:\/\/zst.klodzko.pl\/zst\/i-bieg-sluzb-mundurowych-wokol-twierdzy-klodzko\/#primaryimage","url":"https:\/\/zst.klodzko.pl\/zst\/wp-content\/uploads\/2019\/05\/rr_2.jpg","contentUrl":"https:\/\/zst.klodzko.pl\/zst\/wp-content\/uploads\/2019\/05\/rr_2.jpg","width":836,"height":590},{"@type":"BreadcrumbList","@id":"https:\/\/zst.klodzko.pl\/zst\/i-bieg-sluzb-mundurowych-wokol-twierdzy-klodzko\/#breadcrumb","itemListElement":[{"@type":"ListItem","position":1,"name":"Strona g\u0142\u00f3wna","item":"https:\/\/zst.klodzko.pl\/zst\/"},{"@type":"ListItem","position":2,"name":"I. Bieg S\u0142u\u017cb Mundurowych wok\u00f3\u0142 Twierdzy K\u0142odzko"}]},{"@type":"WebSite","@id":"https:\/\/zst.klodzko.pl\/zst\/#website","url":"https:\/\/zst.klodzko.pl\/zst\/","name":"Zesp\u00f3\u0142 Szk\u00f3\u0142 Technicznych w K\u0142odzku","description":"Oficjalna strona ZST w K\u0142odzku (dawniej ZSP nr 1 w K\u0142odzku) - Budowlanka","publisher":{"@id":"https:\/\/zst.klodzko.pl\/zst\/#organization"},"potentialAction":[{"@type":"SearchAction","target":{"@type":"EntryPoint","urlTemplate":"https:\/\/zst.klodzko.pl\/zst\/?s={search_term_string}"},"query-input":{"@type":"PropertyValueSpecification","valueRequired":true,"valueName":"search_term_string"}}],"inLanguage":"pl-PL"},{"@type":"Organization","@id":"https:\/\/zst.klodzko.pl\/zst\/#organization","name":"Zesp\u00f3\u0142 Szk\u00f3\u0142 Technicznych w K\u0142odzku","url":"https:\/\/zst.klodzko.pl\/zst\/","logo":{"@type":"ImageObject","inLanguage":"pl-PL","@id":"https:\/\/zst.klodzko.pl\/zst\/#\/schema\/logo\/image\/","url":"https:\/\/zst.klodzko.pl\/zst\/wp-content\/uploads\/2018\/05\/patron_bud.png","contentUrl":"https:\/\/zst.klodzko.pl\/zst\/wp-content\/uploads\/2018\/05\/patron_bud.png","width":208,"height":205,"caption":"Zesp\u00f3\u0142 Szk\u00f3\u0142 Technicznych w K\u0142odzku"},"image":{"@id":"https:\/\/zst.klodzko.pl\/zst\/#\/schema\/logo\/image\/"},"sameAs":["https:\/\/www.facebook.com\/zst.klodzko","https:\/\/x.com\/Budowlanka_ZST","https:\/\/www.youtube.com\/channel\/UCueLhwUV3X9Ph8PMH7j4ugA","https:\/\/pl.wikipedia.org\/wiki\/Zesp\u00f3\u0142_Szk\u00f3\u0142_Technicznych_w_K\u0142odzku"]},{"@type":"Person","@id":"https:\/\/zst.klodzko.pl\/zst\/#\/schema\/person\/7ad3759462b88dca0c831372a7f5c825","name":"Aktualno\u015bci \u201eBUDOWLANKI\u201d"}]}},"_links":{"self":[{"href":"https:\/\/zst.klodzko.pl\/zst\/wp-json\/wp\/v2\/posts\/8111","targetHints":{"allow":["GET"]}}],"collection":[{"href":"https:\/\/zst.klodzko.pl\/zst\/wp-json\/wp\/v2\/posts"}],"about":[{"href":"https:\/\/zst.klodzko.pl\/zst\/wp-json\/wp\/v2\/types\/post"}],"author":[{"embeddable":true,"href":"https:\/\/zst.klodzko.pl\/zst\/wp-json\/wp\/v2\/users\/1"}],"replies":[{"embeddable":true,"href":"https:\/\/zst.klodzko.pl\/zst\/wp-json\/wp\/v2\/comments?post=8111"}],"version-history":[{"count":2,"href":"https:\/\/zst.klodzko.pl\/zst\/wp-json\/wp\/v2\/posts\/8111\/revisions"}],"predecessor-version":[{"id":8116,"href":"https:\/\/zst.klodzko.pl\/zst\/wp-json\/wp\/v2\/posts\/8111\/revisions\/8116"}],"wp:attachment":[{"href":"https:\/\/zst.klodzko.pl\/zst\/wp-json\/wp\/v2\/media?parent=8111"}],"wp:term":[{"taxonomy":"category","embeddable":true,"href":"https:\/\/zst.klodzko.pl\/zst\/wp-json\/wp\/v2\/categories?post=8111"},{"taxonomy":"post_tag","embeddable":true,"href":"https:\/\/zst.klodzko.pl\/zst\/wp-json\/wp\/v2\/tags?post=8111"}],"curies":[{"name":"wp","href":"https:\/\/api.w.org\/{rel}","templated":true}]}}