{"id":8522,"date":"2019-06-19T11:15:44","date_gmt":"2019-06-19T09:15:44","guid":{"rendered":"http:\/\/zst.klodzko.pl\/zst\/?p=8522"},"modified":"2019-06-20T14:15:57","modified_gmt":"2019-06-20T12:15:57","slug":"uroczyste-zakonczenie-roku-szkolnego-2018-2019","status":"publish","type":"post","link":"https:\/\/zst.klodzko.pl\/zst\/uroczyste-zakonczenie-roku-szkolnego-2018-2019\/","title":{"rendered":"Uroczyste zako\u0144czenie roku szkolnego 2018\/2019"},"content":{"rendered":"<p><a class=\"mojeimg2\" href=\"https:\/\/www.facebook.com\/media\/set\/?set=ms.c.eJxFVMeNRTEI7GhFDv03tnrDBx~_NDEwAxKxFotKZMln~_5AsoU38BadqAMgJRExAv~%3BwLF9guEB2qY~%3BlJIijONtLYGF2oU~%3B1Ky~_vshmb9AqZUZVW8KEQIpF0jmTO32DXQiEH3QdaDHFQUXj~_PCk2K9OJq~_Lm1LnzS~_QFyNNPqQqlzRSalNETeBHn5cKr4Url9baaHvh~_W2bQNS8~_vCUmZMQq8LoNMhNQDr2hT3TyDmPIFiyPXpIQIuvPTJFIHqYwscGrEpBtW9rmgpipYu9FZ4mxeQ4ZJxzk3RJ6EbJNwZkx5NWd4PTGGcpsmQUH31CEJbi23r8Y2DOd04OEaKaG3wxNCV8GnK4xyfhDU1drQ7h8sBa4dimaeYD31~_9BNcdI0KJfhCx2Xa9rUtAX2xZyXalp2E6WMlP5EB~%3BcYhwqEHHRebtn0ix0wh0WkKtmrLNsWgevoCM2y2u71tmPlYtpFISfHDERjceDsHX0T3R~_oskJ6m5tC01qhWHQmvi00XvxqOlL5z4QUutsMvVWPDrRgeadK32QQ9aI~_BeDUUs2tbOrfw2QAcemx7Rsrk3bFhW~%3BdjatjWkBikeki9x6ib9WAgNb~%3BATGHeFMY4Z~%3BaOo8yKrR4xVuZZGZbwpW49WEDf39Xm~_XFcCIc~_9gRLNDZK47rMmua7lj0C0dE3IGW~_Goz54KeHDtLYFA8g5XgSjlF1VxtFtbn~_AbszW6c~-.bps.a.2449225251774541&amp;type=1\" target=\"_blank\" rel=\"noopener noreferrer\"><img fetchpriority=\"high\" decoding=\"async\" class=\"aligncenter wp-image-8555 size-full\" src=\"http:\/\/zst.klodzko.pl\/zst\/wp-content\/uploads\/2019\/06\/uzrk2019.jpg\" alt=\"\" width=\"839\" height=\"1256\" srcset=\"https:\/\/zst.klodzko.pl\/zst\/wp-content\/uploads\/2019\/06\/uzrk2019.jpg 839w, https:\/\/zst.klodzko.pl\/zst\/wp-content\/uploads\/2019\/06\/uzrk2019-200x300.jpg 200w, https:\/\/zst.klodzko.pl\/zst\/wp-content\/uploads\/2019\/06\/uzrk2019-768x1150.jpg 768w, https:\/\/zst.klodzko.pl\/zst\/wp-content\/uploads\/2019\/06\/uzrk2019-684x1024.jpg 684w\" sizes=\"(max-width: 839px) 100vw, 839px\" \/><\/a><\/p>\n","protected":false},"excerpt":{"rendered":"","protected":false},"author":1,"featured_media":0,"comment_status":"closed","ping_status":"closed","sticky":false,"template":"","format":"standard","meta":{"footnotes":""},"categories":[1],"tags":[],"class_list":["post-8522","post","type-post","status-publish","format-standard","hentry","category-aktualnosci"],"yoast_head":"<!-- This site is optimized with the Yoast SEO plugin v27.4 - https:\/\/yoast.com\/product\/yoast-seo-wordpress\/ -->\n<title>Uroczyste zako\u0144czenie roku szkolnego 2018\/2019 &#8212; Zesp\u00f3\u0142 Szk\u00f3\u0142 Technicznych w K\u0142odzku<\/title>\n<meta name=\"robots\" content=\"index, follow, max-snippet:-1, max-image-preview:large, max-video-preview:-1\" \/>\n<link rel=\"canonical\" href=\"https:\/\/zst.klodzko.pl\/zst\/uroczyste-zakonczenie-roku-szkolnego-2018-2019\/\" \/>\n<meta property=\"og:locale\" content=\"pl_PL\" \/>\n<meta property=\"og:type\" content=\"article\" \/>\n<meta property=\"og:title\" content=\"Uroczyste zako\u0144czenie roku szkolnego 2018\/2019 &#8212; Zesp\u00f3\u0142 Szk\u00f3\u0142 Technicznych w K\u0142odzku\" \/>\n<meta property=\"og:url\" content=\"https:\/\/zst.klodzko.pl\/zst\/uroczyste-zakonczenie-roku-szkolnego-2018-2019\/\" \/>\n<meta property=\"og:site_name\" content=\"Zesp\u00f3\u0142 Szk\u00f3\u0142 Technicznych w K\u0142odzku\" \/>\n<meta property=\"article:publisher\" content=\"https:\/\/www.facebook.com\/zst.klodzko\" \/>\n<meta property=\"article:published_time\" content=\"2019-06-19T09:15:44+00:00\" \/>\n<meta property=\"article:modified_time\" content=\"2019-06-20T12:15:57+00:00\" \/>\n<meta property=\"og:image\" content=\"http:\/\/zst.klodzko.pl\/zst\/wp-content\/uploads\/2019\/06\/uzrk2019.jpg\" \/>\n<meta name=\"author\" content=\"Aktualno\u015bci \u201eBUDOWLANKI\u201d\" \/>\n<meta name=\"twitter:card\" content=\"summary_large_image\" \/>\n<meta name=\"twitter:creator\" content=\"@Budowlanka_ZST\" \/>\n<meta name=\"twitter:site\" content=\"@Budowlanka_ZST\" \/>\n<meta name=\"twitter:label1\" content=\"Napisane przez\" \/>\n\t<meta name=\"twitter:data1\" content=\"Aktualno\u015bci \u201eBUDOWLANKI\u201d\" \/>\n<script type=\"application\/ld+json\" class=\"yoast-schema-graph\">{\"@context\":\"https:\\\/\\\/schema.org\",\"@graph\":[{\"@type\":\"Article\",\"@id\":\"https:\\\/\\\/zst.klodzko.pl\\\/zst\\\/uroczyste-zakonczenie-roku-szkolnego-2018-2019\\\/#article\",\"isPartOf\":{\"@id\":\"https:\\\/\\\/zst.klodzko.pl\\\/zst\\\/uroczyste-zakonczenie-roku-szkolnego-2018-2019\\\/\"},\"author\":{\"name\":\"Aktualno\u015bci \u201eBUDOWLANKI\u201d\",\"@id\":\"https:\\\/\\\/zst.klodzko.pl\\\/zst\\\/#\\\/schema\\\/person\\\/7ad3759462b88dca0c831372a7f5c825\"},\"headline\":\"Uroczyste zako\u0144czenie roku szkolnego 2018\\\/2019\",\"datePublished\":\"2019-06-19T09:15:44+00:00\",\"dateModified\":\"2019-06-20T12:15:57+00:00\",\"mainEntityOfPage\":{\"@id\":\"https:\\\/\\\/zst.klodzko.pl\\\/zst\\\/uroczyste-zakonczenie-roku-szkolnego-2018-2019\\\/\"},\"wordCount\":5,\"publisher\":{\"@id\":\"https:\\\/\\\/zst.klodzko.pl\\\/zst\\\/#organization\"},\"image\":{\"@id\":\"https:\\\/\\\/zst.klodzko.pl\\\/zst\\\/uroczyste-zakonczenie-roku-szkolnego-2018-2019\\\/#primaryimage\"},\"thumbnailUrl\":\"http:\\\/\\\/zst.klodzko.pl\\\/zst\\\/wp-content\\\/uploads\\\/2019\\\/06\\\/uzrk2019.jpg\",\"articleSection\":[\"Aktualno\u015bci\"],\"inLanguage\":\"pl-PL\"},{\"@type\":\"WebPage\",\"@id\":\"https:\\\/\\\/zst.klodzko.pl\\\/zst\\\/uroczyste-zakonczenie-roku-szkolnego-2018-2019\\\/\",\"url\":\"https:\\\/\\\/zst.klodzko.pl\\\/zst\\\/uroczyste-zakonczenie-roku-szkolnego-2018-2019\\\/\",\"name\":\"Uroczyste zako\u0144czenie roku szkolnego 2018\\\/2019 &#8212; Zesp\u00f3\u0142 Szk\u00f3\u0142 Technicznych w K\u0142odzku\",\"isPartOf\":{\"@id\":\"https:\\\/\\\/zst.klodzko.pl\\\/zst\\\/#website\"},\"primaryImageOfPage\":{\"@id\":\"https:\\\/\\\/zst.klodzko.pl\\\/zst\\\/uroczyste-zakonczenie-roku-szkolnego-2018-2019\\\/#primaryimage\"},\"image\":{\"@id\":\"https:\\\/\\\/zst.klodzko.pl\\\/zst\\\/uroczyste-zakonczenie-roku-szkolnego-2018-2019\\\/#primaryimage\"},\"thumbnailUrl\":\"http:\\\/\\\/zst.klodzko.pl\\\/zst\\\/wp-content\\\/uploads\\\/2019\\\/06\\\/uzrk2019.jpg\",\"datePublished\":\"2019-06-19T09:15:44+00:00\",\"dateModified\":\"2019-06-20T12:15:57+00:00\",\"breadcrumb\":{\"@id\":\"https:\\\/\\\/zst.klodzko.pl\\\/zst\\\/uroczyste-zakonczenie-roku-szkolnego-2018-2019\\\/#breadcrumb\"},\"inLanguage\":\"pl-PL\",\"potentialAction\":[{\"@type\":\"ReadAction\",\"target\":[\"https:\\\/\\\/zst.klodzko.pl\\\/zst\\\/uroczyste-zakonczenie-roku-szkolnego-2018-2019\\\/\"]}]},{\"@type\":\"ImageObject\",\"inLanguage\":\"pl-PL\",\"@id\":\"https:\\\/\\\/zst.klodzko.pl\\\/zst\\\/uroczyste-zakonczenie-roku-szkolnego-2018-2019\\\/#primaryimage\",\"url\":\"https:\\\/\\\/zst.klodzko.pl\\\/zst\\\/wp-content\\\/uploads\\\/2019\\\/06\\\/uzrk2019.jpg\",\"contentUrl\":\"https:\\\/\\\/zst.klodzko.pl\\\/zst\\\/wp-content\\\/uploads\\\/2019\\\/06\\\/uzrk2019.jpg\",\"width\":839,\"height\":1256},{\"@type\":\"BreadcrumbList\",\"@id\":\"https:\\\/\\\/zst.klodzko.pl\\\/zst\\\/uroczyste-zakonczenie-roku-szkolnego-2018-2019\\\/#breadcrumb\",\"itemListElement\":[{\"@type\":\"ListItem\",\"position\":1,\"name\":\"Strona g\u0142\u00f3wna\",\"item\":\"https:\\\/\\\/zst.klodzko.pl\\\/zst\\\/\"},{\"@type\":\"ListItem\",\"position\":2,\"name\":\"Uroczyste zako\u0144czenie roku szkolnego 2018\\\/2019\"}]},{\"@type\":\"WebSite\",\"@id\":\"https:\\\/\\\/zst.klodzko.pl\\\/zst\\\/#website\",\"url\":\"https:\\\/\\\/zst.klodzko.pl\\\/zst\\\/\",\"name\":\"Zesp\u00f3\u0142 Szk\u00f3\u0142 Technicznych w K\u0142odzku\",\"description\":\"Oficjalna strona ZST w K\u0142odzku (dawniej ZSP nr 1 w K\u0142odzku) - Budowlanka\",\"publisher\":{\"@id\":\"https:\\\/\\\/zst.klodzko.pl\\\/zst\\\/#organization\"},\"potentialAction\":[{\"@type\":\"SearchAction\",\"target\":{\"@type\":\"EntryPoint\",\"urlTemplate\":\"https:\\\/\\\/zst.klodzko.pl\\\/zst\\\/?s={search_term_string}\"},\"query-input\":{\"@type\":\"PropertyValueSpecification\",\"valueRequired\":true,\"valueName\":\"search_term_string\"}}],\"inLanguage\":\"pl-PL\"},{\"@type\":\"Organization\",\"@id\":\"https:\\\/\\\/zst.klodzko.pl\\\/zst\\\/#organization\",\"name\":\"Zesp\u00f3\u0142 Szk\u00f3\u0142 Technicznych w K\u0142odzku\",\"url\":\"https:\\\/\\\/zst.klodzko.pl\\\/zst\\\/\",\"logo\":{\"@type\":\"ImageObject\",\"inLanguage\":\"pl-PL\",\"@id\":\"https:\\\/\\\/zst.klodzko.pl\\\/zst\\\/#\\\/schema\\\/logo\\\/image\\\/\",\"url\":\"https:\\\/\\\/zst.klodzko.pl\\\/zst\\\/wp-content\\\/uploads\\\/2018\\\/05\\\/patron_bud.png\",\"contentUrl\":\"https:\\\/\\\/zst.klodzko.pl\\\/zst\\\/wp-content\\\/uploads\\\/2018\\\/05\\\/patron_bud.png\",\"width\":208,\"height\":205,\"caption\":\"Zesp\u00f3\u0142 Szk\u00f3\u0142 Technicznych w K\u0142odzku\"},\"image\":{\"@id\":\"https:\\\/\\\/zst.klodzko.pl\\\/zst\\\/#\\\/schema\\\/logo\\\/image\\\/\"},\"sameAs\":[\"https:\\\/\\\/www.facebook.com\\\/zst.klodzko\",\"https:\\\/\\\/x.com\\\/Budowlanka_ZST\",\"https:\\\/\\\/www.youtube.com\\\/channel\\\/UCueLhwUV3X9Ph8PMH7j4ugA\",\"https:\\\/\\\/pl.wikipedia.org\\\/wiki\\\/Zesp\u00f3\u0142_Szk\u00f3\u0142_Technicznych_w_K\u0142odzku\"]},{\"@type\":\"Person\",\"@id\":\"https:\\\/\\\/zst.klodzko.pl\\\/zst\\\/#\\\/schema\\\/person\\\/7ad3759462b88dca0c831372a7f5c825\",\"name\":\"Aktualno\u015bci \u201eBUDOWLANKI\u201d\"}]}<\/script>\n<!-- \/ Yoast SEO plugin. -->","yoast_head_json":{"title":"Uroczyste zako\u0144czenie roku szkolnego 2018\/2019 &#8212; Zesp\u00f3\u0142 Szk\u00f3\u0142 Technicznych w K\u0142odzku","robots":{"index":"index","follow":"follow","max-snippet":"max-snippet:-1","max-image-preview":"max-image-preview:large","max-video-preview":"max-video-preview:-1"},"canonical":"https:\/\/zst.klodzko.pl\/zst\/uroczyste-zakonczenie-roku-szkolnego-2018-2019\/","og_locale":"pl_PL","og_type":"article","og_title":"Uroczyste zako\u0144czenie roku szkolnego 2018\/2019 &#8212; Zesp\u00f3\u0142 Szk\u00f3\u0142 Technicznych w K\u0142odzku","og_url":"https:\/\/zst.klodzko.pl\/zst\/uroczyste-zakonczenie-roku-szkolnego-2018-2019\/","og_site_name":"Zesp\u00f3\u0142 Szk\u00f3\u0142 Technicznych w K\u0142odzku","article_publisher":"https:\/\/www.facebook.com\/zst.klodzko","article_published_time":"2019-06-19T09:15:44+00:00","article_modified_time":"2019-06-20T12:15:57+00:00","og_image":[{"url":"http:\/\/zst.klodzko.pl\/zst\/wp-content\/uploads\/2019\/06\/uzrk2019.jpg","type":"","width":"","height":""}],"author":"Aktualno\u015bci \u201eBUDOWLANKI\u201d","twitter_card":"summary_large_image","twitter_creator":"@Budowlanka_ZST","twitter_site":"@Budowlanka_ZST","twitter_misc":{"Napisane przez":"Aktualno\u015bci \u201eBUDOWLANKI\u201d"},"schema":{"@context":"https:\/\/schema.org","@graph":[{"@type":"Article","@id":"https:\/\/zst.klodzko.pl\/zst\/uroczyste-zakonczenie-roku-szkolnego-2018-2019\/#article","isPartOf":{"@id":"https:\/\/zst.klodzko.pl\/zst\/uroczyste-zakonczenie-roku-szkolnego-2018-2019\/"},"author":{"name":"Aktualno\u015bci \u201eBUDOWLANKI\u201d","@id":"https:\/\/zst.klodzko.pl\/zst\/#\/schema\/person\/7ad3759462b88dca0c831372a7f5c825"},"headline":"Uroczyste zako\u0144czenie roku szkolnego 2018\/2019","datePublished":"2019-06-19T09:15:44+00:00","dateModified":"2019-06-20T12:15:57+00:00","mainEntityOfPage":{"@id":"https:\/\/zst.klodzko.pl\/zst\/uroczyste-zakonczenie-roku-szkolnego-2018-2019\/"},"wordCount":5,"publisher":{"@id":"https:\/\/zst.klodzko.pl\/zst\/#organization"},"image":{"@id":"https:\/\/zst.klodzko.pl\/zst\/uroczyste-zakonczenie-roku-szkolnego-2018-2019\/#primaryimage"},"thumbnailUrl":"http:\/\/zst.klodzko.pl\/zst\/wp-content\/uploads\/2019\/06\/uzrk2019.jpg","articleSection":["Aktualno\u015bci"],"inLanguage":"pl-PL"},{"@type":"WebPage","@id":"https:\/\/zst.klodzko.pl\/zst\/uroczyste-zakonczenie-roku-szkolnego-2018-2019\/","url":"https:\/\/zst.klodzko.pl\/zst\/uroczyste-zakonczenie-roku-szkolnego-2018-2019\/","name":"Uroczyste zako\u0144czenie roku szkolnego 2018\/2019 &#8212; Zesp\u00f3\u0142 Szk\u00f3\u0142 Technicznych w K\u0142odzku","isPartOf":{"@id":"https:\/\/zst.klodzko.pl\/zst\/#website"},"primaryImageOfPage":{"@id":"https:\/\/zst.klodzko.pl\/zst\/uroczyste-zakonczenie-roku-szkolnego-2018-2019\/#primaryimage"},"image":{"@id":"https:\/\/zst.klodzko.pl\/zst\/uroczyste-zakonczenie-roku-szkolnego-2018-2019\/#primaryimage"},"thumbnailUrl":"http:\/\/zst.klodzko.pl\/zst\/wp-content\/uploads\/2019\/06\/uzrk2019.jpg","datePublished":"2019-06-19T09:15:44+00:00","dateModified":"2019-06-20T12:15:57+00:00","breadcrumb":{"@id":"https:\/\/zst.klodzko.pl\/zst\/uroczyste-zakonczenie-roku-szkolnego-2018-2019\/#breadcrumb"},"inLanguage":"pl-PL","potentialAction":[{"@type":"ReadAction","target":["https:\/\/zst.klodzko.pl\/zst\/uroczyste-zakonczenie-roku-szkolnego-2018-2019\/"]}]},{"@type":"ImageObject","inLanguage":"pl-PL","@id":"https:\/\/zst.klodzko.pl\/zst\/uroczyste-zakonczenie-roku-szkolnego-2018-2019\/#primaryimage","url":"https:\/\/zst.klodzko.pl\/zst\/wp-content\/uploads\/2019\/06\/uzrk2019.jpg","contentUrl":"https:\/\/zst.klodzko.pl\/zst\/wp-content\/uploads\/2019\/06\/uzrk2019.jpg","width":839,"height":1256},{"@type":"BreadcrumbList","@id":"https:\/\/zst.klodzko.pl\/zst\/uroczyste-zakonczenie-roku-szkolnego-2018-2019\/#breadcrumb","itemListElement":[{"@type":"ListItem","position":1,"name":"Strona g\u0142\u00f3wna","item":"https:\/\/zst.klodzko.pl\/zst\/"},{"@type":"ListItem","position":2,"name":"Uroczyste zako\u0144czenie roku szkolnego 2018\/2019"}]},{"@type":"WebSite","@id":"https:\/\/zst.klodzko.pl\/zst\/#website","url":"https:\/\/zst.klodzko.pl\/zst\/","name":"Zesp\u00f3\u0142 Szk\u00f3\u0142 Technicznych w K\u0142odzku","description":"Oficjalna strona ZST w K\u0142odzku (dawniej ZSP nr 1 w K\u0142odzku) - Budowlanka","publisher":{"@id":"https:\/\/zst.klodzko.pl\/zst\/#organization"},"potentialAction":[{"@type":"SearchAction","target":{"@type":"EntryPoint","urlTemplate":"https:\/\/zst.klodzko.pl\/zst\/?s={search_term_string}"},"query-input":{"@type":"PropertyValueSpecification","valueRequired":true,"valueName":"search_term_string"}}],"inLanguage":"pl-PL"},{"@type":"Organization","@id":"https:\/\/zst.klodzko.pl\/zst\/#organization","name":"Zesp\u00f3\u0142 Szk\u00f3\u0142 Technicznych w K\u0142odzku","url":"https:\/\/zst.klodzko.pl\/zst\/","logo":{"@type":"ImageObject","inLanguage":"pl-PL","@id":"https:\/\/zst.klodzko.pl\/zst\/#\/schema\/logo\/image\/","url":"https:\/\/zst.klodzko.pl\/zst\/wp-content\/uploads\/2018\/05\/patron_bud.png","contentUrl":"https:\/\/zst.klodzko.pl\/zst\/wp-content\/uploads\/2018\/05\/patron_bud.png","width":208,"height":205,"caption":"Zesp\u00f3\u0142 Szk\u00f3\u0142 Technicznych w K\u0142odzku"},"image":{"@id":"https:\/\/zst.klodzko.pl\/zst\/#\/schema\/logo\/image\/"},"sameAs":["https:\/\/www.facebook.com\/zst.klodzko","https:\/\/x.com\/Budowlanka_ZST","https:\/\/www.youtube.com\/channel\/UCueLhwUV3X9Ph8PMH7j4ugA","https:\/\/pl.wikipedia.org\/wiki\/Zesp\u00f3\u0142_Szk\u00f3\u0142_Technicznych_w_K\u0142odzku"]},{"@type":"Person","@id":"https:\/\/zst.klodzko.pl\/zst\/#\/schema\/person\/7ad3759462b88dca0c831372a7f5c825","name":"Aktualno\u015bci \u201eBUDOWLANKI\u201d"}]}},"_links":{"self":[{"href":"https:\/\/zst.klodzko.pl\/zst\/wp-json\/wp\/v2\/posts\/8522","targetHints":{"allow":["GET"]}}],"collection":[{"href":"https:\/\/zst.klodzko.pl\/zst\/wp-json\/wp\/v2\/posts"}],"about":[{"href":"https:\/\/zst.klodzko.pl\/zst\/wp-json\/wp\/v2\/types\/post"}],"author":[{"embeddable":true,"href":"https:\/\/zst.klodzko.pl\/zst\/wp-json\/wp\/v2\/users\/1"}],"replies":[{"embeddable":true,"href":"https:\/\/zst.klodzko.pl\/zst\/wp-json\/wp\/v2\/comments?post=8522"}],"version-history":[{"count":7,"href":"https:\/\/zst.klodzko.pl\/zst\/wp-json\/wp\/v2\/posts\/8522\/revisions"}],"predecessor-version":[{"id":8556,"href":"https:\/\/zst.klodzko.pl\/zst\/wp-json\/wp\/v2\/posts\/8522\/revisions\/8556"}],"wp:attachment":[{"href":"https:\/\/zst.klodzko.pl\/zst\/wp-json\/wp\/v2\/media?parent=8522"}],"wp:term":[{"taxonomy":"category","embeddable":true,"href":"https:\/\/zst.klodzko.pl\/zst\/wp-json\/wp\/v2\/categories?post=8522"},{"taxonomy":"post_tag","embeddable":true,"href":"https:\/\/zst.klodzko.pl\/zst\/wp-json\/wp\/v2\/tags?post=8522"}],"curies":[{"name":"wp","href":"https:\/\/api.w.org\/{rel}","templated":true}]}}