{"id":8841,"date":"2023-09-14T19:15:26","date_gmt":"2023-09-14T17:15:26","guid":{"rendered":"http:\/\/zst.klodzko.pl\/zst\/?p=8841"},"modified":"2023-09-19T15:56:56","modified_gmt":"2023-09-19T13:56:56","slug":"17-09-1939-r-pamietamy","status":"publish","type":"post","link":"https:\/\/zst.klodzko.pl\/zst\/17-09-1939-r-pamietamy\/","title":{"rendered":"84. rocznica napa\u015bci ZSRR na Polsk\u0119"},"content":{"rendered":"<p><a href=\"https:\/\/zst.klodzko.pl\/zst\/wp-content\/uploads\/2019\/09\/17_09_1939.jpg\" data-src=\"https:\/\/zst.klodzko.pl\/zst\/wp-content\/uploads\/2019\/09\/17_09_1939.jpg\" data-thumb=\"http:\/\/zst.klodzko.pl\/zst\/wp-content\/uploads\/2019\/09\/17_09_1939.jpg\" class=\"ml-lightbox-enabled\"><img fetchpriority=\"high\" decoding=\"async\" class=\"wp-image-8842 size-full aligncenter\" src=\"http:\/\/zst.klodzko.pl\/zst\/wp-content\/uploads\/2019\/09\/17_09_1939.jpg\" alt=\"\" width=\"1200\" height=\"803\" srcset=\"https:\/\/zst.klodzko.pl\/zst\/wp-content\/uploads\/2019\/09\/17_09_1939.jpg 1200w, https:\/\/zst.klodzko.pl\/zst\/wp-content\/uploads\/2019\/09\/17_09_1939-300x201.jpg 300w, https:\/\/zst.klodzko.pl\/zst\/wp-content\/uploads\/2019\/09\/17_09_1939-768x514.jpg 768w, https:\/\/zst.klodzko.pl\/zst\/wp-content\/uploads\/2019\/09\/17_09_1939-1024x685.jpg 1024w, https:\/\/zst.klodzko.pl\/zst\/wp-content\/uploads\/2019\/09\/17_09_1939-448x300.jpg 448w\" sizes=\"(max-width: 1200px) 100vw, 1200px\" \/><\/a><em>Zdj\u0119cie: Spotkanie \u017co\u0142nierzy Wehrmachtu i Armii Czerwonej 20 wrze\u015bnia 1939 r.<\/em><\/p>\n<p style=\"text-align: justify;\"><span style=\"color: #000000;\">\u00a0<\/span><\/p>\n<p style=\"text-align: justify;\"><span style=\"color: #000000;\"><strong>17 wrze\u015bnia 1939 roku<\/strong> Armia Czerwona bez wcze\u015bniejszego wypowiedzenia wojny wkroczy\u0142a na teren II Rzeczpospolitej. Atak na Polsk\u0119 by\u0142 cz\u0119\u015bci\u0105 tajnego paktu Ribbentrop-Mo\u0142otow, kt\u00f3ry przed wybuchem II wojny \u015bwiatowej zawar\u0142y Niemcy i Rosja.<\/span><\/p>\n<p style=\"text-align: justify;\"><span style=\"color: #000000;\">Po dokonaniu przez ZSRR inwazji na nasz kraj aresztowano ponad 200 tys. Polak\u00f3w &#8211; oficer\u00f3w, policjant\u00f3w, ziemian i prawnik\u00f3w. Obywateli II Rzeczpospolitej zmuszono do przyj\u0119cia obywatelstwa radzieckiego. Masowe wyw\u00f3zki na Syberi\u0119 obj\u0119\u0142y oko\u0142o 1 mln 350 tys. Polak\u00f3w, a oko\u0142o 22,5 tys. oficer\u00f3w i policjant\u00f3w zosta\u0142o zabitych w Katyniu, Charkowie, Miednoje i wielu innych miejscowo\u015bciach na terenie ZSRR.<\/span><\/p>\n<p style=\"text-align: justify;\"><span style=\"color: #000000;\">17 wrze\u015bnia 1939 r. by\u0142 i pozostanie symbolem zbrodniczej wsp\u00f3\u0142pracy Hitlera i Stalina przeciw wolnym narodom Europy.<\/span><\/p>\n<p style=\"text-align: justify;\"><span style=\"color: #000000;\"><!--more--><\/span><\/p>\n<p style=\"text-align: justify;\"><span style=\"color: #000000;\"><a href=\"https:\/\/zst.klodzko.pl\/zst\/wp-content\/uploads\/2019\/09\/1.jpg\" data-src=\"https:\/\/zst.klodzko.pl\/zst\/wp-content\/uploads\/2019\/09\/1.jpg\" data-thumb=\"http:\/\/zst.klodzko.pl\/zst\/wp-content\/uploads\/2019\/09\/1.jpg\" class=\"ml-lightbox-enabled\"><img decoding=\"async\" class=\"alignright wp-image-8864\" src=\"http:\/\/zst.klodzko.pl\/zst\/wp-content\/uploads\/2019\/09\/1.jpg\" alt=\"\" width=\"280\" height=\"379\" srcset=\"https:\/\/zst.klodzko.pl\/zst\/wp-content\/uploads\/2019\/09\/1.jpg 709w, https:\/\/zst.klodzko.pl\/zst\/wp-content\/uploads\/2019\/09\/1-222x300.jpg 222w\" sizes=\"(max-width: 280px) 100vw, 280px\" \/><\/a><\/span><\/p>\n<p>&nbsp;<\/p>\n<p style=\"text-align: justify;\"><span style=\"color: #000000;\">Wskutek wkroczenia si\u0142 zbrojnych ZSRR na terytorium Polski oba pa\u0144stwa znalaz\u0142y si\u0119 w stanie wojny. W\u0142adze polskie kilkakrotnie stwierdza\u0142y, \u017ce kwalifikuj\u0105 dzia\u0142ania ZSRR jako agresj\u0119: Prezydent RP Ignacy Mo\u015bcicki w or\u0119dziu 17 wrze\u015bnia 1939 roku m\u00f3wi\u0142 o naje\u017adzie jednocze\u015bnie Niemiec i ZSRR, w nocie protestacyjnej rz\u0105du RP z 17 wrze\u015bnia 1939 roku, podpisanej przez prezesa rady Ministr\u00f3w Felicjana S\u0142awoj-Sk\u0142adkowskiego, w nocie rz\u0105du polskiego do rz\u0105d\u00f3w Wielkiej Brytanii i Francji w sprawie agresji ZSRR z 17 wrze\u015bnia 1939 roku, w rozkazie Naczelnego Wodza Edwarda Rydza-\u015amig\u0142ego z 20 wrze\u015bnia 1939 roku. Protest rz\u0105du RP z 30 wrze\u015bnia 1939 roku przeciwko ustaleniom niemiecko-radzieckiego uk\u0142adu o granicy i przyja\u017ani z 28 wrze\u015bnia 1939 roku m\u00f3wi\u0142 o dw\u00f3ch agresorach i walce przeciwko nim o wyzwolenie polskiego terytorium.<\/span><\/p>\n<p style=\"text-align: justify;\"><span style=\"color: #000000;\"><a href=\"https:\/\/zst.klodzko.pl\/zst\/wp-content\/uploads\/2019\/09\/3.jpg\" data-src=\"https:\/\/zst.klodzko.pl\/zst\/wp-content\/uploads\/2019\/09\/3.jpg\" data-thumb=\"http:\/\/zst.klodzko.pl\/zst\/wp-content\/uploads\/2019\/09\/3.jpg\" class=\"ml-lightbox-enabled\"><img decoding=\"async\" class=\"alignleft wp-image-8855\" src=\"http:\/\/zst.klodzko.pl\/zst\/wp-content\/uploads\/2019\/09\/3.jpg\" alt=\"\" width=\"300\" height=\"223\" srcset=\"https:\/\/zst.klodzko.pl\/zst\/wp-content\/uploads\/2019\/09\/3.jpg 1080w, https:\/\/zst.klodzko.pl\/zst\/wp-content\/uploads\/2019\/09\/3-300x223.jpg 300w, https:\/\/zst.klodzko.pl\/zst\/wp-content\/uploads\/2019\/09\/3-768x570.jpg 768w, https:\/\/zst.klodzko.pl\/zst\/wp-content\/uploads\/2019\/09\/3-1024x760.jpg 1024w, https:\/\/zst.klodzko.pl\/zst\/wp-content\/uploads\/2019\/09\/3-404x300.jpg 404w\" sizes=\"(max-width: 300px) 100vw, 300px\" \/><\/a>K\u0142amliwa propaganda ZSRR (a powtarzana i dzisiaj przez s\u0142u\u017cby Putina) agresj\u0119 usprawiedliwia\u0142a za pomoc\u0105 ideologicznej retoryki o &#8220;sprawiedliwo\u015bci dziejowej wobec bur\u017cuazyjnego pa\u0144stwa polskiego i wymuszonego traktatu ryskiego oraz o wyzwoleniu uciskanych i rozdzielonych narod\u00f3w&#8221;. Wszyscy s\u0105 przy tym zgodni, \u017ce dla Stalina i jego wsp\u00f3\u0142pracownik\u00f3w i genera\u0142\u00f3w by\u0142a to r\u00f3wnie\u017c osobista zemsta za niepowodzenie najazdu na Polsk\u0119 w sierpniu 1920 roku. 17 wrze\u015bnia ZSRR sta\u0142 si\u0119 faktycznie uczestnikiem II wojny \u015bwiatowej jako sojusznik III Rzeszy Niemieckiej.<\/span><\/p>\n<p>&nbsp;<\/p>\n","protected":false},"excerpt":{"rendered":"<p>Zdj\u0119cie: Spotkanie \u017co\u0142nierzy Wehrmachtu i Armii Czerwonej 20 wrze\u015bnia 1939 r. \u00a0 17 wrze\u015bnia 1939 roku Armia Czerwona bez wcze\u015bniejszego wypowiedzenia wojny wkroczy\u0142a na teren II Rzeczpospolitej. Atak na Polsk\u0119 by\u0142 cz\u0119\u015bci\u0105 tajnego paktu Ribbentrop-Mo\u0142otow, kt\u00f3ry przed wybuchem II wojny &hellip; <a href=\"https:\/\/zst.klodzko.pl\/zst\/17-09-1939-r-pamietamy\/\">Czytaj dalej <span class=\"meta-nav\">&rarr;<\/span><\/a><\/p>\n","protected":false},"author":1,"featured_media":0,"comment_status":"closed","ping_status":"closed","sticky":false,"template":"","format":"standard","meta":{"footnotes":""},"categories":[1],"tags":[],"class_list":["post-8841","post","type-post","status-publish","format-standard","hentry","category-aktualnosci"],"yoast_head":"<!-- This site is optimized with the Yoast SEO plugin v27.5 - https:\/\/yoast.com\/product\/yoast-seo-wordpress\/ -->\n<title>84. rocznica napa\u015bci ZSRR na Polsk\u0119 &#8212; Zesp\u00f3\u0142 Szk\u00f3\u0142 Technicznych w K\u0142odzku<\/title>\n<meta name=\"robots\" content=\"index, follow, max-snippet:-1, max-image-preview:large, max-video-preview:-1\" \/>\n<link rel=\"canonical\" href=\"https:\/\/zst.klodzko.pl\/zst\/17-09-1939-r-pamietamy\/\" \/>\n<meta property=\"og:locale\" content=\"pl_PL\" \/>\n<meta property=\"og:type\" content=\"article\" \/>\n<meta property=\"og:title\" content=\"84. rocznica napa\u015bci ZSRR na Polsk\u0119 &#8212; Zesp\u00f3\u0142 Szk\u00f3\u0142 Technicznych w K\u0142odzku\" \/>\n<meta property=\"og:description\" content=\"Zdj\u0119cie: Spotkanie \u017co\u0142nierzy Wehrmachtu i Armii Czerwonej 20 wrze\u015bnia 1939 r. \u00a0 17 wrze\u015bnia 1939 roku Armia Czerwona bez wcze\u015bniejszego wypowiedzenia wojny wkroczy\u0142a na teren II Rzeczpospolitej. Atak na Polsk\u0119 by\u0142 cz\u0119\u015bci\u0105 tajnego paktu Ribbentrop-Mo\u0142otow, kt\u00f3ry przed wybuchem II wojny &hellip; Czytaj dalej &rarr;\" \/>\n<meta property=\"og:url\" content=\"https:\/\/zst.klodzko.pl\/zst\/17-09-1939-r-pamietamy\/\" \/>\n<meta property=\"og:site_name\" content=\"Zesp\u00f3\u0142 Szk\u00f3\u0142 Technicznych w K\u0142odzku\" \/>\n<meta property=\"article:publisher\" content=\"https:\/\/www.facebook.com\/zst.klodzko\" \/>\n<meta property=\"article:published_time\" content=\"2023-09-14T17:15:26+00:00\" \/>\n<meta property=\"article:modified_time\" content=\"2023-09-19T13:56:56+00:00\" \/>\n<meta property=\"og:image\" content=\"http:\/\/zst.klodzko.pl\/zst\/wp-content\/uploads\/2019\/09\/17_09_1939.jpg\" \/>\n<meta name=\"author\" content=\"Aktualno\u015bci \u201eBUDOWLANKI\u201d\" \/>\n<meta name=\"twitter:card\" content=\"summary_large_image\" \/>\n<meta name=\"twitter:creator\" content=\"@Budowlanka_ZST\" \/>\n<meta name=\"twitter:site\" content=\"@Budowlanka_ZST\" \/>\n<meta name=\"twitter:label1\" content=\"Napisane przez\" \/>\n\t<meta name=\"twitter:data1\" content=\"Aktualno\u015bci \u201eBUDOWLANKI\u201d\" \/>\n\t<meta name=\"twitter:label2\" content=\"Szacowany czas czytania\" \/>\n\t<meta name=\"twitter:data2\" content=\"3 minuty\" \/>\n<script type=\"application\/ld+json\" class=\"yoast-schema-graph\">{\"@context\":\"https:\\\/\\\/schema.org\",\"@graph\":[{\"@type\":\"Article\",\"@id\":\"https:\\\/\\\/zst.klodzko.pl\\\/zst\\\/17-09-1939-r-pamietamy\\\/#article\",\"isPartOf\":{\"@id\":\"https:\\\/\\\/zst.klodzko.pl\\\/zst\\\/17-09-1939-r-pamietamy\\\/\"},\"author\":{\"name\":\"Aktualno\u015bci \u201eBUDOWLANKI\u201d\",\"@id\":\"https:\\\/\\\/zst.klodzko.pl\\\/zst\\\/#\\\/schema\\\/person\\\/7ad3759462b88dca0c831372a7f5c825\"},\"headline\":\"84. rocznica napa\u015bci ZSRR na Polsk\u0119\",\"datePublished\":\"2023-09-14T17:15:26+00:00\",\"dateModified\":\"2023-09-19T13:56:56+00:00\",\"mainEntityOfPage\":{\"@id\":\"https:\\\/\\\/zst.klodzko.pl\\\/zst\\\/17-09-1939-r-pamietamy\\\/\"},\"wordCount\":371,\"publisher\":{\"@id\":\"https:\\\/\\\/zst.klodzko.pl\\\/zst\\\/#organization\"},\"image\":{\"@id\":\"https:\\\/\\\/zst.klodzko.pl\\\/zst\\\/17-09-1939-r-pamietamy\\\/#primaryimage\"},\"thumbnailUrl\":\"http:\\\/\\\/zst.klodzko.pl\\\/zst\\\/wp-content\\\/uploads\\\/2019\\\/09\\\/17_09_1939.jpg\",\"articleSection\":[\"Aktualno\u015bci\"],\"inLanguage\":\"pl-PL\"},{\"@type\":\"WebPage\",\"@id\":\"https:\\\/\\\/zst.klodzko.pl\\\/zst\\\/17-09-1939-r-pamietamy\\\/\",\"url\":\"https:\\\/\\\/zst.klodzko.pl\\\/zst\\\/17-09-1939-r-pamietamy\\\/\",\"name\":\"84. rocznica napa\u015bci ZSRR na Polsk\u0119 &#8212; Zesp\u00f3\u0142 Szk\u00f3\u0142 Technicznych w K\u0142odzku\",\"isPartOf\":{\"@id\":\"https:\\\/\\\/zst.klodzko.pl\\\/zst\\\/#website\"},\"primaryImageOfPage\":{\"@id\":\"https:\\\/\\\/zst.klodzko.pl\\\/zst\\\/17-09-1939-r-pamietamy\\\/#primaryimage\"},\"image\":{\"@id\":\"https:\\\/\\\/zst.klodzko.pl\\\/zst\\\/17-09-1939-r-pamietamy\\\/#primaryimage\"},\"thumbnailUrl\":\"http:\\\/\\\/zst.klodzko.pl\\\/zst\\\/wp-content\\\/uploads\\\/2019\\\/09\\\/17_09_1939.jpg\",\"datePublished\":\"2023-09-14T17:15:26+00:00\",\"dateModified\":\"2023-09-19T13:56:56+00:00\",\"breadcrumb\":{\"@id\":\"https:\\\/\\\/zst.klodzko.pl\\\/zst\\\/17-09-1939-r-pamietamy\\\/#breadcrumb\"},\"inLanguage\":\"pl-PL\",\"potentialAction\":[{\"@type\":\"ReadAction\",\"target\":[\"https:\\\/\\\/zst.klodzko.pl\\\/zst\\\/17-09-1939-r-pamietamy\\\/\"]}]},{\"@type\":\"ImageObject\",\"inLanguage\":\"pl-PL\",\"@id\":\"https:\\\/\\\/zst.klodzko.pl\\\/zst\\\/17-09-1939-r-pamietamy\\\/#primaryimage\",\"url\":\"https:\\\/\\\/zst.klodzko.pl\\\/zst\\\/wp-content\\\/uploads\\\/2019\\\/09\\\/17_09_1939.jpg\",\"contentUrl\":\"https:\\\/\\\/zst.klodzko.pl\\\/zst\\\/wp-content\\\/uploads\\\/2019\\\/09\\\/17_09_1939.jpg\",\"width\":1200,\"height\":803},{\"@type\":\"BreadcrumbList\",\"@id\":\"https:\\\/\\\/zst.klodzko.pl\\\/zst\\\/17-09-1939-r-pamietamy\\\/#breadcrumb\",\"itemListElement\":[{\"@type\":\"ListItem\",\"position\":1,\"name\":\"Strona g\u0142\u00f3wna\",\"item\":\"https:\\\/\\\/zst.klodzko.pl\\\/zst\\\/\"},{\"@type\":\"ListItem\",\"position\":2,\"name\":\"84. rocznica napa\u015bci ZSRR na Polsk\u0119\"}]},{\"@type\":\"WebSite\",\"@id\":\"https:\\\/\\\/zst.klodzko.pl\\\/zst\\\/#website\",\"url\":\"https:\\\/\\\/zst.klodzko.pl\\\/zst\\\/\",\"name\":\"Zesp\u00f3\u0142 Szk\u00f3\u0142 Technicznych w K\u0142odzku\",\"description\":\"Oficjalna strona ZST w K\u0142odzku (dawniej ZSP nr 1 w K\u0142odzku) - Budowlanka\",\"publisher\":{\"@id\":\"https:\\\/\\\/zst.klodzko.pl\\\/zst\\\/#organization\"},\"potentialAction\":[{\"@type\":\"SearchAction\",\"target\":{\"@type\":\"EntryPoint\",\"urlTemplate\":\"https:\\\/\\\/zst.klodzko.pl\\\/zst\\\/?s={search_term_string}\"},\"query-input\":{\"@type\":\"PropertyValueSpecification\",\"valueRequired\":true,\"valueName\":\"search_term_string\"}}],\"inLanguage\":\"pl-PL\"},{\"@type\":\"Organization\",\"@id\":\"https:\\\/\\\/zst.klodzko.pl\\\/zst\\\/#organization\",\"name\":\"Zesp\u00f3\u0142 Szk\u00f3\u0142 Technicznych w K\u0142odzku\",\"url\":\"https:\\\/\\\/zst.klodzko.pl\\\/zst\\\/\",\"logo\":{\"@type\":\"ImageObject\",\"inLanguage\":\"pl-PL\",\"@id\":\"https:\\\/\\\/zst.klodzko.pl\\\/zst\\\/#\\\/schema\\\/logo\\\/image\\\/\",\"url\":\"https:\\\/\\\/zst.klodzko.pl\\\/zst\\\/wp-content\\\/uploads\\\/2018\\\/05\\\/patron_bud.png\",\"contentUrl\":\"https:\\\/\\\/zst.klodzko.pl\\\/zst\\\/wp-content\\\/uploads\\\/2018\\\/05\\\/patron_bud.png\",\"width\":208,\"height\":205,\"caption\":\"Zesp\u00f3\u0142 Szk\u00f3\u0142 Technicznych w K\u0142odzku\"},\"image\":{\"@id\":\"https:\\\/\\\/zst.klodzko.pl\\\/zst\\\/#\\\/schema\\\/logo\\\/image\\\/\"},\"sameAs\":[\"https:\\\/\\\/www.facebook.com\\\/zst.klodzko\",\"https:\\\/\\\/x.com\\\/Budowlanka_ZST\",\"https:\\\/\\\/www.youtube.com\\\/channel\\\/UCueLhwUV3X9Ph8PMH7j4ugA\",\"https:\\\/\\\/pl.wikipedia.org\\\/wiki\\\/Zesp\u00f3\u0142_Szk\u00f3\u0142_Technicznych_w_K\u0142odzku\"]},{\"@type\":\"Person\",\"@id\":\"https:\\\/\\\/zst.klodzko.pl\\\/zst\\\/#\\\/schema\\\/person\\\/7ad3759462b88dca0c831372a7f5c825\",\"name\":\"Aktualno\u015bci \u201eBUDOWLANKI\u201d\"}]}<\/script>\n<!-- \/ Yoast SEO plugin. -->","yoast_head_json":{"title":"84. rocznica napa\u015bci ZSRR na Polsk\u0119 &#8212; Zesp\u00f3\u0142 Szk\u00f3\u0142 Technicznych w K\u0142odzku","robots":{"index":"index","follow":"follow","max-snippet":"max-snippet:-1","max-image-preview":"max-image-preview:large","max-video-preview":"max-video-preview:-1"},"canonical":"https:\/\/zst.klodzko.pl\/zst\/17-09-1939-r-pamietamy\/","og_locale":"pl_PL","og_type":"article","og_title":"84. rocznica napa\u015bci ZSRR na Polsk\u0119 &#8212; Zesp\u00f3\u0142 Szk\u00f3\u0142 Technicznych w K\u0142odzku","og_description":"Zdj\u0119cie: Spotkanie \u017co\u0142nierzy Wehrmachtu i Armii Czerwonej 20 wrze\u015bnia 1939 r. \u00a0 17 wrze\u015bnia 1939 roku Armia Czerwona bez wcze\u015bniejszego wypowiedzenia wojny wkroczy\u0142a na teren II Rzeczpospolitej. Atak na Polsk\u0119 by\u0142 cz\u0119\u015bci\u0105 tajnego paktu Ribbentrop-Mo\u0142otow, kt\u00f3ry przed wybuchem II wojny &hellip; Czytaj dalej &rarr;","og_url":"https:\/\/zst.klodzko.pl\/zst\/17-09-1939-r-pamietamy\/","og_site_name":"Zesp\u00f3\u0142 Szk\u00f3\u0142 Technicznych w K\u0142odzku","article_publisher":"https:\/\/www.facebook.com\/zst.klodzko","article_published_time":"2023-09-14T17:15:26+00:00","article_modified_time":"2023-09-19T13:56:56+00:00","og_image":[{"url":"http:\/\/zst.klodzko.pl\/zst\/wp-content\/uploads\/2019\/09\/17_09_1939.jpg","type":"","width":"","height":""}],"author":"Aktualno\u015bci \u201eBUDOWLANKI\u201d","twitter_card":"summary_large_image","twitter_creator":"@Budowlanka_ZST","twitter_site":"@Budowlanka_ZST","twitter_misc":{"Napisane przez":"Aktualno\u015bci \u201eBUDOWLANKI\u201d","Szacowany czas czytania":"3 minuty"},"schema":{"@context":"https:\/\/schema.org","@graph":[{"@type":"Article","@id":"https:\/\/zst.klodzko.pl\/zst\/17-09-1939-r-pamietamy\/#article","isPartOf":{"@id":"https:\/\/zst.klodzko.pl\/zst\/17-09-1939-r-pamietamy\/"},"author":{"name":"Aktualno\u015bci \u201eBUDOWLANKI\u201d","@id":"https:\/\/zst.klodzko.pl\/zst\/#\/schema\/person\/7ad3759462b88dca0c831372a7f5c825"},"headline":"84. rocznica napa\u015bci ZSRR na Polsk\u0119","datePublished":"2023-09-14T17:15:26+00:00","dateModified":"2023-09-19T13:56:56+00:00","mainEntityOfPage":{"@id":"https:\/\/zst.klodzko.pl\/zst\/17-09-1939-r-pamietamy\/"},"wordCount":371,"publisher":{"@id":"https:\/\/zst.klodzko.pl\/zst\/#organization"},"image":{"@id":"https:\/\/zst.klodzko.pl\/zst\/17-09-1939-r-pamietamy\/#primaryimage"},"thumbnailUrl":"http:\/\/zst.klodzko.pl\/zst\/wp-content\/uploads\/2019\/09\/17_09_1939.jpg","articleSection":["Aktualno\u015bci"],"inLanguage":"pl-PL"},{"@type":"WebPage","@id":"https:\/\/zst.klodzko.pl\/zst\/17-09-1939-r-pamietamy\/","url":"https:\/\/zst.klodzko.pl\/zst\/17-09-1939-r-pamietamy\/","name":"84. rocznica napa\u015bci ZSRR na Polsk\u0119 &#8212; Zesp\u00f3\u0142 Szk\u00f3\u0142 Technicznych w K\u0142odzku","isPartOf":{"@id":"https:\/\/zst.klodzko.pl\/zst\/#website"},"primaryImageOfPage":{"@id":"https:\/\/zst.klodzko.pl\/zst\/17-09-1939-r-pamietamy\/#primaryimage"},"image":{"@id":"https:\/\/zst.klodzko.pl\/zst\/17-09-1939-r-pamietamy\/#primaryimage"},"thumbnailUrl":"http:\/\/zst.klodzko.pl\/zst\/wp-content\/uploads\/2019\/09\/17_09_1939.jpg","datePublished":"2023-09-14T17:15:26+00:00","dateModified":"2023-09-19T13:56:56+00:00","breadcrumb":{"@id":"https:\/\/zst.klodzko.pl\/zst\/17-09-1939-r-pamietamy\/#breadcrumb"},"inLanguage":"pl-PL","potentialAction":[{"@type":"ReadAction","target":["https:\/\/zst.klodzko.pl\/zst\/17-09-1939-r-pamietamy\/"]}]},{"@type":"ImageObject","inLanguage":"pl-PL","@id":"https:\/\/zst.klodzko.pl\/zst\/17-09-1939-r-pamietamy\/#primaryimage","url":"https:\/\/zst.klodzko.pl\/zst\/wp-content\/uploads\/2019\/09\/17_09_1939.jpg","contentUrl":"https:\/\/zst.klodzko.pl\/zst\/wp-content\/uploads\/2019\/09\/17_09_1939.jpg","width":1200,"height":803},{"@type":"BreadcrumbList","@id":"https:\/\/zst.klodzko.pl\/zst\/17-09-1939-r-pamietamy\/#breadcrumb","itemListElement":[{"@type":"ListItem","position":1,"name":"Strona g\u0142\u00f3wna","item":"https:\/\/zst.klodzko.pl\/zst\/"},{"@type":"ListItem","position":2,"name":"84. rocznica napa\u015bci ZSRR na Polsk\u0119"}]},{"@type":"WebSite","@id":"https:\/\/zst.klodzko.pl\/zst\/#website","url":"https:\/\/zst.klodzko.pl\/zst\/","name":"Zesp\u00f3\u0142 Szk\u00f3\u0142 Technicznych w K\u0142odzku","description":"Oficjalna strona ZST w K\u0142odzku (dawniej ZSP nr 1 w K\u0142odzku) - Budowlanka","publisher":{"@id":"https:\/\/zst.klodzko.pl\/zst\/#organization"},"potentialAction":[{"@type":"SearchAction","target":{"@type":"EntryPoint","urlTemplate":"https:\/\/zst.klodzko.pl\/zst\/?s={search_term_string}"},"query-input":{"@type":"PropertyValueSpecification","valueRequired":true,"valueName":"search_term_string"}}],"inLanguage":"pl-PL"},{"@type":"Organization","@id":"https:\/\/zst.klodzko.pl\/zst\/#organization","name":"Zesp\u00f3\u0142 Szk\u00f3\u0142 Technicznych w K\u0142odzku","url":"https:\/\/zst.klodzko.pl\/zst\/","logo":{"@type":"ImageObject","inLanguage":"pl-PL","@id":"https:\/\/zst.klodzko.pl\/zst\/#\/schema\/logo\/image\/","url":"https:\/\/zst.klodzko.pl\/zst\/wp-content\/uploads\/2018\/05\/patron_bud.png","contentUrl":"https:\/\/zst.klodzko.pl\/zst\/wp-content\/uploads\/2018\/05\/patron_bud.png","width":208,"height":205,"caption":"Zesp\u00f3\u0142 Szk\u00f3\u0142 Technicznych w K\u0142odzku"},"image":{"@id":"https:\/\/zst.klodzko.pl\/zst\/#\/schema\/logo\/image\/"},"sameAs":["https:\/\/www.facebook.com\/zst.klodzko","https:\/\/x.com\/Budowlanka_ZST","https:\/\/www.youtube.com\/channel\/UCueLhwUV3X9Ph8PMH7j4ugA","https:\/\/pl.wikipedia.org\/wiki\/Zesp\u00f3\u0142_Szk\u00f3\u0142_Technicznych_w_K\u0142odzku"]},{"@type":"Person","@id":"https:\/\/zst.klodzko.pl\/zst\/#\/schema\/person\/7ad3759462b88dca0c831372a7f5c825","name":"Aktualno\u015bci \u201eBUDOWLANKI\u201d"}]}},"_links":{"self":[{"href":"https:\/\/zst.klodzko.pl\/zst\/wp-json\/wp\/v2\/posts\/8841","targetHints":{"allow":["GET"]}}],"collection":[{"href":"https:\/\/zst.klodzko.pl\/zst\/wp-json\/wp\/v2\/posts"}],"about":[{"href":"https:\/\/zst.klodzko.pl\/zst\/wp-json\/wp\/v2\/types\/post"}],"author":[{"embeddable":true,"href":"https:\/\/zst.klodzko.pl\/zst\/wp-json\/wp\/v2\/users\/1"}],"replies":[{"embeddable":true,"href":"https:\/\/zst.klodzko.pl\/zst\/wp-json\/wp\/v2\/comments?post=8841"}],"version-history":[{"count":37,"href":"https:\/\/zst.klodzko.pl\/zst\/wp-json\/wp\/v2\/posts\/8841\/revisions"}],"predecessor-version":[{"id":22721,"href":"https:\/\/zst.klodzko.pl\/zst\/wp-json\/wp\/v2\/posts\/8841\/revisions\/22721"}],"wp:attachment":[{"href":"https:\/\/zst.klodzko.pl\/zst\/wp-json\/wp\/v2\/media?parent=8841"}],"wp:term":[{"taxonomy":"category","embeddable":true,"href":"https:\/\/zst.klodzko.pl\/zst\/wp-json\/wp\/v2\/categories?post=8841"},{"taxonomy":"post_tag","embeddable":true,"href":"https:\/\/zst.klodzko.pl\/zst\/wp-json\/wp\/v2\/tags?post=8841"}],"curies":[{"name":"wp","href":"https:\/\/api.w.org\/{rel}","templated":true}]}}